{"id":16058,"date":"2018-11-28T07:30:58","date_gmt":"2018-11-28T07:30:58","guid":{"rendered":"https:\/\/archivioturi.lavocedelpaese.info\/index.php\/2018\/11\/28\/una-decisione-presa-per-qquestioni-personaliq\/"},"modified":"2018-11-28T07:30:58","modified_gmt":"2018-11-28T07:30:58","slug":"una-decisione-presa-per-qquestioni-personaliq","status":"publish","type":"post","link":"https:\/\/archivioturi.lavocedelpaese.info\/index.php\/2018\/11\/28\/una-decisione-presa-per-qquestioni-personaliq\/","title":{"rendered":"Una decisione presa per &#8220;questioni personali&#8221;"},"content":{"rendered":"<p><img loading=\"lazy\" decoding=\"async\" src=\"https:\/\/farm5.staticflickr.com\/4915\/45958001392_a26d143266_n.jpg\" alt=\"Paolo Tundo\" width=\"258\" height=\"320\" \/><\/p>\n<p style=\"text-align: center;\"><strong>Tundo commenta le dimissioni di Angelo Palmisano e <br \/>ci aggiorna sui lavori del tavolo del centrodestra<\/strong><\/p>\n<p style=\"text-align: center;\"><strong><br \/><\/strong><\/p>\n<p style=\"text-align: justify;\">Ritorniamo sulla vicenda delle dimissioni di Angelo Palmisano da Forza Italia, chiedendo un commento al coordinatore locale Paolo Tundo. Le motivazioni di Palmisano ci sono sembrate pi\u00f9 che concrete: nella sua lettera &#8211; senza alcun tono di risentimento &#8211; invitava tutti a riflettere sull&#8217;assenza di &#8220;una linea politica e di un&#8217;identit\u00e0 locale&#8221;, elementi che, sommati alla promessa mancata di un rinnovamento di Forza Italia, creavano un comprensibile smarrimento in chi da sempre milita e si riconosce nel partito.<\/p>\n<p style=\"text-align: justify;\">L&#8217;interpretazione che viene fornita da Paolo Tundo scrive un&#8217;altra pagina: pi\u00f9 che contestare i metodi del partito, la fuoriuscita da Forza Italia sarebbe stata presa solo per &#8220;questioni personali&#8221;.<\/p>\n<p style=\"text-align: justify;\">\u00abNelle ultime riunioni &#8211; ci spiega Paolo Tundo &#8211; avevamo deciso che Angelo avrebbe fatto parte della delegazioni che avrebbe rappresentato Forza Italia al tavolo del centrodestra. Poi \u00e8 arrivata questa decisione che \u00e8 stata dettata da ragioni personali\u00bb.<\/p>\n<p style=\"text-align: justify;\"><strong>Ovvero?<\/strong><\/p>\n<p style=\"text-align: justify;\">\u00abPalmisano ha avuto il timore che una vecchia questione personale con il senatore Michele Boccardi avrebbe potuto creargli futuri disagi. Ho rassicurato Angelo che, quando sarebbe arrivato il momento, saremmo andati insieme a chiarire con Boccardi, perch\u00e9 come coordinatore il mio compito \u00e8 anche quello di mediare e risolvere i vari conflitti interni al partito, come tante volte ho fatto in passato.<\/p>\n<p style=\"text-align: justify;\">Palmisano ha preferito optare per lasciare il partito, una decisione che rispetto ma non riesco a condividere. Per parte mia, continuo a considerarlo come un ragazzo valido: con me ha lavorato bene, con grande entusiasmo e si stava gi\u00e0 impegnando per costruire le linee guida che Forza Italia avrebbe condiviso con Lega e Fratelli d&#8217;Italia\u00bb.<\/p>\n<p style=\"text-align: justify;\">&nbsp;<\/p>\n<p style=\"text-align: justify;\"><strong>A proposito del tavolo di concertazione del centrodestra, a che punto siamo?<\/strong><\/p>\n<p style=\"text-align: justify;\">\u00abAl momento c&#8217;\u00e8 una pausa dovuta ai vari impegni lavorativi e alla necessit\u00e0 dei due partiti alleati di strutturarsi meglio al loro interno. Mi auguro che si possa riprendere al pi\u00f9 presto, in modo che entro febbraio si riesca a presentare un programma, con le relative coperture finanziarie, e un candidato sindaco che rappresenti non solo i tre partiti di centrodestra ma anche tutte le forze partitiche e della societ\u00e0 civile che verranno coinvolte nel percorso di &#8220;allargamento&#8221;, una priorit\u00e0 che ho sempre posto come essenziale.<\/p>\n<p style=\"text-align: justify;\">Presentare squadra e progetto a pochi giorni dal voto, come accaduto nella scorsa tornata elettorale, non ci permetterebbe di spiegare ai cittadini le nostre idee, quali obiettivi intendiamo raggiungere e come ci impegniamo a concretizzarli. Al contrario, ufficializzando il nostro progetto con tre mesi di anticipo, avremmo l&#8217;opportunit\u00e0 di conquistare la fiducia dei cittadini sui temi e non sulle promesse, dimostrando che ci sono persone che hanno un modo diverso di fare politica, incentrato sull&#8217;ascolto e sulla condivisione delle idee\u00bb.<\/p>\n<p style=\"text-align: justify;\">&nbsp;<\/p>\n<p style=\"text-align: justify;\"><strong>L&#8217;impressione \u00e8 che in questo tavolo Forza Italia sia isolata rispetto a Lega e Fratelli d&#8217;Italia.<\/strong><\/p>\n<p style=\"text-align: justify;\">\u00abNoi ci stiamo comportando in maniera leale e trasparente in questo confronto, se dovessi notare una cosa del genere ne prender\u00f2 atto e cambier\u00f2 strategia politica. Tentare di &#8220;scalzare&#8221; Forza Italia, dividendo il centrodestra, vorrebbe dire compiere un atto irresponsabile e non avere a cuore il bene del paese.<\/p>\n<p style=\"text-align: justify;\">Ribadiamo la piena disponibilit\u00e0 a misurarci senza avere nulla da nascondere; se qualcuno vorr\u00e0 usare altri metodi, se ne assumer\u00e0 le conseguenze. E con questo non intendo lanciare ultimatum o peccare di presunzione ma stimolare le coscienze di tutti al comune senso di responsabilit\u00e0\u00bb.<\/p>\n<p style=\"text-align: right;\"><strong>FD<\/strong><\/p>\n","protected":false},"excerpt":{"rendered":"<p><img loading=\"lazy\" decoding=\"async\" src=\"https:\/\/farm5.staticflickr.com\/4915\/45958001392_a26d143266_n.jpg\" alt=\"Paolo Tundo\" width=\"258\" height=\"320\" \/><\/p>\n","protected":false},"author":1,"featured_media":0,"comment_status":"open","ping_status":"closed","sticky":false,"template":"","format":"standard","meta":{"colormag_page_container_layout":"default_layout","colormag_page_sidebar_layout":"default_layout","footnotes":""},"categories":[4],"tags":[],"class_list":["post-16058","post","type-post","status-publish","format-standard","hentry","category-politica"],"_links":{"self":[{"href":"https:\/\/archivioturi.lavocedelpaese.info\/index.php\/wp-json\/wp\/v2\/posts\/16058","targetHints":{"allow":["GET"]}}],"collection":[{"href":"https:\/\/archivioturi.lavocedelpaese.info\/index.php\/wp-json\/wp\/v2\/posts"}],"about":[{"href":"https:\/\/archivioturi.lavocedelpaese.info\/index.php\/wp-json\/wp\/v2\/types\/post"}],"author":[{"embeddable":true,"href":"https:\/\/archivioturi.lavocedelpaese.info\/index.php\/wp-json\/wp\/v2\/users\/1"}],"replies":[{"embeddable":true,"href":"https:\/\/archivioturi.lavocedelpaese.info\/index.php\/wp-json\/wp\/v2\/comments?post=16058"}],"version-history":[{"count":0,"href":"https:\/\/archivioturi.lavocedelpaese.info\/index.php\/wp-json\/wp\/v2\/posts\/16058\/revisions"}],"wp:attachment":[{"href":"https:\/\/archivioturi.lavocedelpaese.info\/index.php\/wp-json\/wp\/v2\/media?parent=16058"}],"wp:term":[{"taxonomy":"category","embeddable":true,"href":"https:\/\/archivioturi.lavocedelpaese.info\/index.php\/wp-json\/wp\/v2\/categories?post=16058"},{"taxonomy":"post_tag","embeddable":true,"href":"https:\/\/archivioturi.lavocedelpaese.info\/index.php\/wp-json\/wp\/v2\/tags?post=16058"}],"curies":[{"name":"wp","href":"https:\/\/api.w.org\/{rel}","templated":true}]}}