{"id":16041,"date":"2018-11-21T06:33:52","date_gmt":"2018-11-21T06:33:52","guid":{"rendered":"https:\/\/archivioturi.lavocedelpaese.info\/index.php\/2018\/11\/21\/il-battesimo-politico-della-lega\/"},"modified":"2018-11-21T06:33:52","modified_gmt":"2018-11-21T06:33:52","slug":"il-battesimo-politico-della-lega","status":"publish","type":"post","link":"https:\/\/archivioturi.lavocedelpaese.info\/index.php\/2018\/11\/21\/il-battesimo-politico-della-lega\/","title":{"rendered":"Il &#8216;battesimo politico&#8217; della Lega"},"content":{"rendered":"<p><img loading=\"lazy\" decoding=\"async\" src=\"https:\/\/farm5.staticflickr.com\/4858\/32029971908_a005b9e2da_n.jpg\" alt=\"Lega Turi Gallo, Gigantelli e Ciliberti\" width=\"320\" height=\"255\" \/><\/p>\n<p style=\"text-align: center;\"><strong>Prima riunione dei tesserati della sezione turese. Il segretario Gigantelli presenta il suo progetto e nomina Celeste De Lucci referente della &#8220;componente femminile&#8221;<\/strong><\/p>\n<p style=\"text-align: center;\"><strong><br \/><\/strong><\/p>\n<p style=\"text-align: justify;\">Si \u00e8 svolta luned\u00ec 12 novembre la prima riunione dei tesserati della sezione cittadina della Lega. Testimoni del &#8220;battesimo politico&#8221; del partito di Salvini sono sati i due coordinatori del sud-est barese: il consigliere Domi Ciliberti e l&#8217;ex deputato Pinuccio Gallo.<\/p>\n<p style=\"text-align: justify;\">Domi Ciliberti ha esordito ripercorrendo i passaggi della nascita della sezione turese e ha rinnovato la fiducia nei confronti di Graziano Gigantelli da parte dei vertici regionali e provinciali del partito. Il suo discorso ha poi virato sull&#8217;importanza di costruire una coalizione con le forze del centrodestra, precisando, tuttavia, che, se non dovessero esserci i presupposti per una condivisione leale, il partito dovr\u00e0 essere pronto a presentarsi da solo, indicando un proprio candidato sindaco. In conclusione del suo intervento, Ciliberti ha tenuto a precisare che la Lega non \u00e8 approdata al Sud per farne &#8220;terra di conquista&#8221; elettorale, limitandosi a fare incetta di voti come tanti altri; c&#8217;\u00e8 la ferma volont\u00e0 di investire in politiche che portino ad un reale rilancio socio-economico del Meridione e di contribuire alla formazione della nuova classe dirigente. Motivo per cui non si esclude, il prossimo autunno, la nascita in Puglia di una sezione della &#8220;scuola di formazione politica&#8221; della Lega, al momento presente solo a Milano.<\/p>\n<p style=\"text-align: justify;\">La parola \u00e8 passata a Pinuccio Gallo che ha rimarcato il ruolo del partito come &#8220;prima linea&#8221; che consente di comprendere le dinamiche del presente e incidere sul futuro della collettivit\u00e0. Proprio per questo, l&#8217;imperativo della Lega deve essere quello di continuare a fare politica tra la gente.<\/p>\n<p style=\"text-align: justify;\">&nbsp;<\/p>\n<p style=\"text-align: justify;\"><strong>La lega come &#8220;elemento di rottura&#8221;<\/strong><\/p>\n<p style=\"text-align: justify;\">\u00c8 stata poi la volta del segretario cittadino Graziano Gigantelli che ha ribadito gli obiettivi del progetto: \u00abDi fronte ad uno scenario in cui le elezioni sono diventate uno strumento per arrivare al potere e soddisfare le proprie ambizioni, la Lega intende porsi come elemento di rottura\u00bb.<\/p>\n<p style=\"text-align: justify;\">Negli ultimi decenni abbiamo visto la politica turese stretta nella morsa dei veti incrociati. Le amministrazioni sono &#8220;cadute&#8221; o sono entrate in uno stato di paralisi perch\u00e9 vittime dei &#8220;capricci&#8221; del consigliere di turno. Con il sindaco ridotto a &#8220;osservatore terzo&#8221;, tirato per la giacchetta nel mezzo di una contrattazione che lo precede e lo supera. Costretto a mediare tra i tanti interessi pur di consolidare la maggioranza e continuare a governare.<\/p>\n<p style=\"text-align: justify;\">\u00abPer uscire da questo empasse &#8211; ha commentato Gigantelli a margine della riunione &#8211; il nostro intento \u00e8 quello di lavorare ad una squadra che elabori una piattaforma programmatica condivisa e presenti alla citt\u00e0 una lista &#8220;bloccata&#8221;, in cui ogni candidato &#8211; scelto in base alle proprie competenze &#8211; assuma la responsabilit\u00e0 di portare avanti gli impegni assunti. In quest&#8217;ottica, il futuro sindaco diventa il &#8220;garante&#8221; dell&#8217;attuazione del programma. Nessun &#8220;colpo di testa&#8221; potr\u00e0 essere tollerato: chiunque non si attenga alla linea stabilita durante la campagna elettorale, non passa all&#8217;opposizione e non crea gruppi misti, si dimette\u00bb.<\/p>\n<p style=\"text-align: justify;\">&nbsp;<\/p>\n<p style=\"text-align: justify;\"><strong>Confronto e Competenza<\/strong><\/p>\n<p style=\"text-align: justify;\">Un progetto ambizioso che parte da due principi: confronto con i cittadini, ritornando ad una politica dal basso, e competenza come caratteristica peculiare della futura classe politica, chiamata a gestire un paese in cui non pu\u00f2 esserci spazio per l&#8217;improvvisazione.<\/p>\n<p style=\"text-align: justify;\">Tenendo fede a queste linee guida, Gigantelli ha ufficializzato la scelta di Celeste De Lucci come rappresentante della componente femminile della Lega di Turi. Seguiranno ulteriori definizioni della struttura interna del partito, dal momento che \u00abcontinuano a giungere i consensi di parecchi candidati che rispecchiano il target che ci siamo imposti\u00bb.<\/p>\n<p style=\"text-align: justify;\">&nbsp;<\/p>\n<p style=\"text-align: justify;\"><strong>Il dibattito con i tesserati<\/strong><\/p>\n<p style=\"text-align: justify;\">Dopo aver esposto i temi cardine che costituiranno l&#8217;ossatura del futuro dibattito programmatico con la coalizione, si \u00e8 aperto il confronto con i tesserati presenti. Gli interventi hanno riguardato la necessit\u00e0 di ridare ossigeno alle attivit\u00e0 commerciali ma soprattutto i problemi legati al settore agricolo. In molti hanno denunciato il peso sempre pi\u00f9 stringente dei vincoli burocratici e l&#8217;incidenza dei costi dei contributi, due fattori che rendono i nostri prodotti non competitivi rispetto a quelli provenienti da Spagna e Grecia. Ed \u00e8 proprio dal tema dell&#8217;agricoltura che la Lega ripartir\u00e0 nelle prossime settimane, affrontando la complessa materia con il coinvolgimento dell&#8217;onorevole Rossano Sasso, come gi\u00e0 accaduto prima delle elezioni politiche del 4 marzo.<\/p>\n<p style=\"text-align: right;\"><strong>FD<\/strong><\/p>\n","protected":false},"excerpt":{"rendered":"<p><img loading=\"lazy\" decoding=\"async\" src=\"https:\/\/farm5.staticflickr.com\/4858\/32029971908_a005b9e2da_n.jpg\" alt=\"Lega Turi Gallo, Gigantelli e Ciliberti\" width=\"320\" height=\"255\" \/><\/p>\n","protected":false},"author":1,"featured_media":0,"comment_status":"open","ping_status":"closed","sticky":false,"template":"","format":"standard","meta":{"colormag_page_container_layout":"default_layout","colormag_page_sidebar_layout":"default_layout","footnotes":""},"categories":[4],"tags":[],"class_list":["post-16041","post","type-post","status-publish","format-standard","hentry","category-politica"],"_links":{"self":[{"href":"https:\/\/archivioturi.lavocedelpaese.info\/index.php\/wp-json\/wp\/v2\/posts\/16041","targetHints":{"allow":["GET"]}}],"collection":[{"href":"https:\/\/archivioturi.lavocedelpaese.info\/index.php\/wp-json\/wp\/v2\/posts"}],"about":[{"href":"https:\/\/archivioturi.lavocedelpaese.info\/index.php\/wp-json\/wp\/v2\/types\/post"}],"author":[{"embeddable":true,"href":"https:\/\/archivioturi.lavocedelpaese.info\/index.php\/wp-json\/wp\/v2\/users\/1"}],"replies":[{"embeddable":true,"href":"https:\/\/archivioturi.lavocedelpaese.info\/index.php\/wp-json\/wp\/v2\/comments?post=16041"}],"version-history":[{"count":0,"href":"https:\/\/archivioturi.lavocedelpaese.info\/index.php\/wp-json\/wp\/v2\/posts\/16041\/revisions"}],"wp:attachment":[{"href":"https:\/\/archivioturi.lavocedelpaese.info\/index.php\/wp-json\/wp\/v2\/media?parent=16041"}],"wp:term":[{"taxonomy":"category","embeddable":true,"href":"https:\/\/archivioturi.lavocedelpaese.info\/index.php\/wp-json\/wp\/v2\/categories?post=16041"},{"taxonomy":"post_tag","embeddable":true,"href":"https:\/\/archivioturi.lavocedelpaese.info\/index.php\/wp-json\/wp\/v2\/tags?post=16041"}],"curies":[{"name":"wp","href":"https:\/\/api.w.org\/{rel}","templated":true}]}}