{"id":1604,"date":"2010-03-08T08:25:13","date_gmt":"2010-03-08T08:25:13","guid":{"rendered":"https:\/\/archivioturi.lavocedelpaese.info\/index.php\/2010\/03\/08\/occhio-ai-4-candidati-presidente-alla-regione\/"},"modified":"2010-03-08T08:25:13","modified_gmt":"2010-03-08T08:25:13","slug":"occhio-ai-4-candidati-presidente-alla-regione","status":"publish","type":"post","link":"https:\/\/archivioturi.lavocedelpaese.info\/index.php\/2010\/03\/08\/occhio-ai-4-candidati-presidente-alla-regione\/","title":{"rendered":"OCCHIO AI 4 CANDIDATI-PRESIDENTE ALLA REGIONE"},"content":{"rendered":"<p style=\"text-align: justify;\"><img loading=\"lazy\" decoding=\"async\" class=\" size-full wp-image-182\" height=\"150\" width=\"320\" src=\"https:\/\/archivioturi.lavocedelpaese.info\/wp-content\/uploads\/2009\/08\/occhiosalato.jpg\" alt=\"occhiosalato\" \/> <\/p>\n<p><span style=\"font-size: 10pt;\"><span style=\"font-family: verdana,geneva;\"><strong>\u00a0<\/strong><\/span><\/span><\/p>\n<p style=\"text-align: justify;\"><span style=\"font-size: 10pt;\"><span style=\"font-family: verdana,geneva;\"><strong>Michele Rizzi.<\/strong> Coordinatore regionale. Alternativo comunista. Operatore precario. <\/span><\/span><span style=\"font-size: 10pt;\"><span style=\"font-family: verdana,geneva;\">Candidato antisistema. Candidato anticapitalista. Candidato rivoluzionario. Candidato barlettano. Candidato-ma-perch\u00e9-mi-sono-candidato? Candidato-Candidato. Candidato condito degli interessi dei lavoratori. Candidato candito che dar\u00e0 voce a chi normalmente non l\u2019ha. Comunque, anche se fosse sconfitto, il suo cammino politico non si ferma. Indeciso com\u2019\u00e8 fra due sogni da coronare: Presidente del Consiglio regionale o Capo-cond\u00f2mino.<\/span><\/span><\/p>\n<p style=\"text-align: justify;\"><span style=\"font-size: 10pt;\"><span style=\"font-family: verdana,geneva;\"><strong>Adriana Poli-Bortone.<\/strong><em> <\/em>Salentina, ex sindaco di Lecce. Non \u00e8 per niente una donna comune. Sempre perfetta nella sua eleganza. A posto sempre. Politically correct. Esemplare. Impressionano la sicurezza in s\u00e9 e la sua mancanza di esitazione. Ex donna di centrodestra, convertita al centro ma in attesa di prendere la penultima decisione. Passa per una litigiosa ma \u00e8 paciosa. E, poi, chi pu\u00f2 vantarsi di aver litigato con due politici del calibro di Fini e di Fitto? Ma Adriana non perde tempo mai e non lo ha perso nemmeno stavolta: ha stretto amicizia con Casini, un altro che andando da destra a sinistra, si \u00e8 fermato a riposarsi al Centro. Non \u00e8 dato sapere, cosa abbiano tutti e due in mente di fare nel loro futuro politico. Certo \u00e8 che stanno sintonizzati benissimo sulla stessa lunghezza d\u2019onda. E tutti e due sono pieni di voti. La Poli-Bortone sa che i voti suoi li deve cercare nel Salento: al centro del centrodestra, al centro del centrosinistra, al centro del centro. Voti necessari, in-dis-pen-sa-bi-li per ogni alleanza: orizzontale, verticale, inclinata e trasversale. <\/span><\/span><\/p>\n<div style=\"text-align: justify;\"><\/div>\n<p style=\"text-align: justify;\"><span style=\"font-size: 10pt;\"><span style=\"font-family: verdana,geneva;\"><strong>Rocco Palese.<\/strong> Palese alla Regione. Puntiglioso ma anche con Pregi. Da due mesi \u00e8 candidato-Presidente e si sente in Paradiso. Uomo Ponderato, Preciso, Preparato, Posato e un Po\u2019 Posatore. Quando legge i sondaggi (ipr marketing del 6 marzo, ndr) che lo danno Perdente di 4 Punti, si fa Prendere dal Panico, va nel Pallone e gli girano le P\u2026e. Vuole diventare Presidente. Ne deve mangiare di\u2026 P\u00e8ne tu\u00e8ste! Infatti ultimamente \u00e8 Perturbato: Vendola gli sta scappando dalle mani. Vendola vola alto e veloce, Palese resta fermo al Palo. Ma Rocco non se ne fa un Problema e n\u00e9 si fa venire le Palpitazioni. Pronto a Presentarsi la Prossima volta. Errare \u00e8 umano, Palese \u00e8\u2026 diabolico.<\/span><\/span><\/p>\n<p style=\"text-align: justify;\"><span style=\"font-size: 10pt;\"><span style=\"font-family: verdana,geneva;\"><strong>Nichi Vendola. <\/strong>Governatore uscente. Governatore che appena fu eletto 5 anni fa, si cominci\u00f2 a dare un tono: buttando i maglioni, vestendosi \u201calla buona camicia a tutti\u201d. Cinque anni sempre vestito di tutto punto. Sempre di s\u00e9 vestito. Tutto camicia e cravatta. Da quando ha terminato il mandato e si \u00e8 messo a fare campagna elettorale, ha ripreso a mettere maglioni e magliette vecchi e nuovi, che faranno meno governatore, ma fanno tanto figlio del suo popolo. Gli piace essere il bel tenebroso della politica regionale e, se vince, sar\u00e0 il leader del centro-sinistra, uscendo prepotentemente dalle righe. E il suo ego lieviter\u00e0 ancora. Vendola: carismatico come pochi, coinvolgente, un colosso della dialettica. Tutti innamorati di Nichi. Ma che ci trovano? E poi \u00e8 pure caparbio, cocciuto, categorico e, al tempo stesso, troppo zuccheroso, a volte mieloso e, dalla sua bocca, insieme alle parole esce zucchero a\u2026 vendola!<\/span><\/span><\/p>\n<p style=\"text-align: center;\"><span style=\"font-size: 10pt;\"><span style=\"font-family: verdana,geneva;\"><strong>UNA GIUNTA-TINA DA RESTA-RE A BOCCA-RDI APERTA<\/strong><\/span><\/span><\/p>\n<p style=\"text-align: center;\"><span style=\"font-size: 10pt;\"><span style=\"font-family: verdana,geneva;\"><strong><img loading=\"lazy\" decoding=\"async\" class=\" size-full wp-image-1603\" height=\"740\" width=\"640\" src=\"https:\/\/archivioturi.lavocedelpaese.info\/wp-content\/uploads\/2010\/03\/vignetta_occhio.jpg\" alt=\"vignetta_occhio\" srcset=\"https:\/\/archivioturi.lavocedelpaese.info\/wp-content\/uploads\/2010\/03\/vignetta_occhio.jpg 701w, https:\/\/archivioturi.lavocedelpaese.info\/wp-content\/uploads\/2010\/03\/vignetta_occhio-260x300.jpg 260w\" sizes=\"auto, (max-width: 640px) 100vw, 640px\" \/><br \/><\/strong><\/span><\/span><\/p>\n<p><strong>\u00a0<\/strong><strong><\/strong><\/p>\n","protected":false},"excerpt":{"rendered":"<p style=\"text-align: justify;\"><img loading=\"lazy\" decoding=\"async\" class=\" size-full wp-image-182\" height=\"150\" width=\"320\" src=\"https:\/\/archivioturi.lavocedelpaese.info\/wp-content\/uploads\/2009\/08\/occhiosalato.jpg\" alt=\"occhiosalato\" \/> <\/p>\n","protected":false},"author":1,"featured_media":182,"comment_status":"open","ping_status":"closed","sticky":false,"template":"","format":"standard","meta":{"colormag_page_container_layout":"default_layout","colormag_page_sidebar_layout":"default_layout","footnotes":""},"categories":[9],"tags":[],"class_list":["post-1604","post","type-post","status-publish","format-standard","has-post-thumbnail","hentry","category-la-voce-del-paese"],"_links":{"self":[{"href":"https:\/\/archivioturi.lavocedelpaese.info\/index.php\/wp-json\/wp\/v2\/posts\/1604","targetHints":{"allow":["GET"]}}],"collection":[{"href":"https:\/\/archivioturi.lavocedelpaese.info\/index.php\/wp-json\/wp\/v2\/posts"}],"about":[{"href":"https:\/\/archivioturi.lavocedelpaese.info\/index.php\/wp-json\/wp\/v2\/types\/post"}],"author":[{"embeddable":true,"href":"https:\/\/archivioturi.lavocedelpaese.info\/index.php\/wp-json\/wp\/v2\/users\/1"}],"replies":[{"embeddable":true,"href":"https:\/\/archivioturi.lavocedelpaese.info\/index.php\/wp-json\/wp\/v2\/comments?post=1604"}],"version-history":[{"count":0,"href":"https:\/\/archivioturi.lavocedelpaese.info\/index.php\/wp-json\/wp\/v2\/posts\/1604\/revisions"}],"wp:featuredmedia":[{"embeddable":true,"href":"https:\/\/archivioturi.lavocedelpaese.info\/index.php\/wp-json\/wp\/v2\/media\/182"}],"wp:attachment":[{"href":"https:\/\/archivioturi.lavocedelpaese.info\/index.php\/wp-json\/wp\/v2\/media?parent=1604"}],"wp:term":[{"taxonomy":"category","embeddable":true,"href":"https:\/\/archivioturi.lavocedelpaese.info\/index.php\/wp-json\/wp\/v2\/categories?post=1604"},{"taxonomy":"post_tag","embeddable":true,"href":"https:\/\/archivioturi.lavocedelpaese.info\/index.php\/wp-json\/wp\/v2\/tags?post=1604"}],"curies":[{"name":"wp","href":"https:\/\/api.w.org\/{rel}","templated":true}]}}