{"id":16027,"date":"2018-11-13T04:05:36","date_gmt":"2018-11-13T04:05:36","guid":{"rendered":"https:\/\/archivioturi.lavocedelpaese.info\/index.php\/2018\/11\/13\/villaggi-sostenibili-il-progetto\/"},"modified":"2018-11-13T04:05:36","modified_gmt":"2018-11-13T04:05:36","slug":"villaggi-sostenibili-il-progetto","status":"publish","type":"post","link":"https:\/\/archivioturi.lavocedelpaese.info\/index.php\/2018\/11\/13\/villaggi-sostenibili-il-progetto\/","title":{"rendered":"Villaggi Sostenibili: il progetto"},"content":{"rendered":"<p><img loading=\"lazy\" decoding=\"async\" src=\"https:\/\/farm2.staticflickr.com\/1920\/45130230434_76717ac833_n.jpg\" alt=\"Esempio planimetrico del Villaggio Sostenibile\" width=\"293\" height=\"320\" \/><\/p>\n<p style=\"text-align: center;\"><strong>Mediterrae, in cinque anni risolveremmo il problema dei migranti in UE <br \/>in maniera strutturale e definitiva<\/strong><\/p>\n<p style=\"text-align: center;\"><strong><br \/><\/strong><\/p>\n<p style=\"text-align: justify;\">Ha riscosso grande interesse e successo, il progetto dei Villaggi Sostenibili, presentato nei minimi particolari dal Consorzio Mediterrae il 26 ottobre presso la Sala del Refettorio (Camera dei Deputati), dove non a caso, effettu\u00f2 i suoi studi di ricerca il magnifico Galileo Galilei.<\/p>\n<p><img loading=\"lazy\" decoding=\"async\" src=\"https:\/\/farm5.staticflickr.com\/4839\/45854856881_58b2df4d75_n.jpg\" alt=\"Francesco Palmisano\" style=\"float: right;\" width=\"320\" height=\"240\" \/><\/p>\n<p style=\"text-align: justify;\">La proposta progettuale, come ha spiegato l\u2019ing. Francesco Palmisano ha spiegato in apertura dei lavori, potrebbe derivare, ad esempio, dalla trasformazione di un Centro di Accoglienza per Richiedenti Asilo (attraverso una serie di utili e diversi accorgimenti architettonici, nonch\u00e9 nuove e pi\u00f9 organiche implementazioni, pensate nel tempo, attraverso l\u2019impiego di prefabbricati in legno, di grandi strutture in legno lamellare e per il tramite dell\u2019installazione di qualificate tecnologie innovative volte all\u2019efficientamento della sostenibilit\u00e0), il quale, peraltro, \u00e8 gi\u00e0 stato realizzato nella sua prima generazione prototipica (tuttavia, ormai superata), in Italia e di cui se ne conosce la relativa efficienza esecutiva ed organizzativa, che corrisponde a livelli di test sicuramente migliorabili attraverso l\u2019implementazione di questo nuovo modello di Villaggio Sostenibile.<\/p>\n<p style=\"text-align: justify;\">Il progetto sperimentale prevede la costruzione di un Housing Villaggio provvisorio iniziale per 600 persone e fino a 6.000 a regime, entro il ventesimo anno, con sistemi di autoproduzione energetica da fonti Rinnovabili per 1 MWp. Qui di seguito un esempio planimetrico<\/p>\n<p><img loading=\"lazy\" decoding=\"async\" src=\"https:\/\/farm2.staticflickr.com\/1920\/30915777027_9e679e42ce.jpg\" alt=\"villaggi progetto\" style=\"display: block; margin-left: auto; margin-right: auto;\" width=\"500\" height=\"239\" \/><\/p>\n<p style=\"text-align: justify;\"><strong>Sviluppo economico del sistema Work+Housing<\/strong><\/p>\n<p><img loading=\"lazy\" decoding=\"async\" src=\"https:\/\/farm2.staticflickr.com\/1938\/45805655952_14ca2ac478_n.jpg\" alt=\"ventrella (2)\" style=\"margin: 6px; float: left;\" width=\"320\" height=\"240\" \/><\/p>\n<p style=\"text-align: justify;\">Successivamente \u00e8 intervenuto il commercialista Natalino Ventrella, il quale, ha presentato lo sviluppo economico e finanziario del progetto. \u00abCirca 795 milioni di persone soffrono la fame, soprattutto nell\u2019Africa a sud del Sahara e in Asia meridionale; entro il 2050 la popolazione africana \u00e8 destinata a raddoppiare, raggiungendo i 2 miliardi di persone e con questi numeri l\u2019Africa, se rimane sola, ha davanti a s\u00e9 un lungo e difficile percorso di sviluppo e crescita, che potrebbe mettere a rischio anche l\u2019Europa che di popolazione registra solo 741 milioni di persone\u00bb.<\/p>\n<p style=\"text-align: justify;\">\u00abA fronte di 20 milioni di investimento iniziale &#8211; ha proseguito Ventrella &#8211; si realizzer\u00e0 un volume d\u2019affari in 20 anni di 213 milioni di euro, dei quali, 100 milioni saranno spesi per lo sviluppo strutturale e la restante parte servir\u00e0 a finanziare le spese d\u2019esercizio. Abbiamo pensato ad una formula del tipo di contributo con un fondo di investimento a rotazione ventennale, un prestito d\u2019onore alle popolazioni africane, ora denominate migranti economici\/climatici, con il partenariato dell\u2019ONU e dell\u2019UE. Con la sola realizzazione della soluzione abitativa e lavorativa, prevista in essere di 600 unit\u00e0, una volta realizzati i primi 4.000 Villaggi, prevediamo il ricollocamento nei prossimi 5 anni di 2,4 milioni di persone, esattamente il numero dei migranti sparsi in tutta Europa.<\/p>\n<p><img loading=\"lazy\" decoding=\"async\" src=\"https:\/\/farm5.staticflickr.com\/4815\/45130228554_9671ba38b8_n.jpg\" alt=\"villaggi agi\" style=\"margin: 6px; float: right;\" width=\"294\" height=\"320\" \/><\/p>\n<p style=\"text-align: justify;\">In pratica, con l\u2019operativit\u00e0 proposta in seno alla costituenda Agenzia Europea, a partire dopo i primi 5 anni, risolveremmo il problema legato alla presenza di migranti irregolari in Europa e potremmo: ridare dignit\u00e0 ai profughi, eliminare lo schiavismo e sviluppare il sistema paese WORK+HOUSING. In definitiva, nell&#8217;arco temporale di 80 anni, si potranno stabilizzare circa 96 milioni di abitanti, senza tenere in debito conto che questa modalit\u00e0 di sviluppo produttivo\/abitativo, potr\u00e0 coinvolgere almeno altri 100 milioni di abitanti che attualmente occupano i Paesi oggetto dell\u2019intervento.<\/p>\n<p style=\"text-align: justify;\">\u00abCome hanno speso fin d\u2019ora le nostre risorse i politici? Ha chiosato Ventrella: nel 2017 il Paese Italia a sperperato quasi 5 miliardi di euro per un\u2019accoglienza inutile ed insufficiente\u00bb.<\/p>\n<p style=\"text-align: justify;\">&nbsp;<\/p>\n<p style=\"text-align: justify;\"><strong>Dove reperire le risorse finanziarie?<\/strong><\/p>\n<p style=\"text-align: justify;\">Per Ventrella e Mediterrae \u00e8 semplice: \u00abCop21 ha destinato 100 miliardi di dollari per i Paesi in via di sviluppo e l\u2019U.E. ha stanziato per il prossimo sessennio 2021-2016 ben 32 miliardi di euro a sostegno dell\u2019Africa e 31 miliardi di euro per la gestione dei flussi migratori. Quindi per finanziare 4.000 villaggi, 40 miliardi sarebbero finanziati all\u2019Onu ed altrettanti 40 dall\u2019Unione Europea, ma in questo modo, si risolverebbe il problema in maniera definitiva e strutturale invece di sperperare soldi pubblici per una accoglienza disumana\u00bb.<\/p>\n<p style=\"text-align: justify;\">\u00abInfine &#8211; ha aggiunto Ventrella &#8211; quali le ricadute sul Governo italiano? Fortissimo incremento della domanda di prefabbricati, utensili, materialida costruzione edattrezzature, oltre che infrastrutture ed impianti energetici innovativi; consentir\u00e0 ai General Contractors di essere in prima fila nella realizzazione di siffatti modelli insediativi con notevoli, ricchi e permanenti portafogli ordini; realizzazione di impianti innovativi di prevista installazione nei villaggi sostenibili (ad es. Serre Fotovoltaiche, Torri Solari, Generatori Eolici MAGLEV); incremento dell\u2019occupazione con rafforzamento dei conti pubblici ed opportunit\u00e0 di sviluppare programmi WORK+HOUSING e nuove opportunit\u00e0 di potersi integrare con i consorzi dei villaggi emergenti per la definizione delle necessarie produzioni, sia in termini di qualit\u00e0 e quantit\u00e0, da indirizzare nel mercato globale\u00bb.<\/p>\n<p style=\"text-align: justify;\">\u00abNoi prevediamo 4 tornate da 20 miliardi in 80 anni &#8211; ha riepilogato Ventrella &#8211; attraverso un fondo di rotazione che rientrerebbe 20 anni, per creare a fronte di 320 miliardi di dollari di investimento un giro d\u2019affari di 3.408 miliardi di dollari finalizzato a 200 milioni di persone. Nel 2050 sono attesi in Europa 350 milioni di migranti climatici\/economici, \u00e8 il momento di agire!\u00bb.<\/p>\n<p style=\"text-align: justify;\">&nbsp;<\/p>\n<p style=\"text-align: justify;\"><strong>Ripensare il ruolo delle Agenzie Europee<\/strong><\/p>\n<p><img loading=\"lazy\" decoding=\"async\" src=\"https:\/\/farm5.staticflickr.com\/4809\/45854867701_abac40aa67_n.jpg\" alt=\"ventrella\" style=\"margin: 6px; float: right;\" width=\"320\" height=\"240\" \/><\/p>\n<p style=\"text-align: justify;\">Ha concluso i lavori il Presidente di Mediterrae, l\u2019ing Roberto De Pascalis, con la proposta di costituzione di E.M.S.C.I.M.A (European Multilevel Strategies to Contrast Irregular Migration Agency).<\/p>\n<p style=\"text-align: justify;\">\u00abLe Agenzie Europee lavorano su questioni e problemi che hanno un impatto sulla vita quotidiana dei 500 milioni di cittadini dell&#8217;UE. Hanno una notevole importanza perch\u00e9 forniscono alle istituzioni e ai paesi dell&#8217;UE conoscenze specializzate in molteplici campi come: il cibo che mangiamo; i farmaci che assumiamo; le sostanze chimiche con cui veniamo in contatto; la nostra istruzione; la qualit\u00e0 delle nostre condizioni di vita e dell&#8217;ambiente; la giustizia; la sicurezza dei trasporti; la sicurezza; i nostri diritti fondamentali; le conoscenze; i servizi forniti ai cittadini e alle imprese. Nessuna Agenzia si occupa delle immigrazioni irregolari.<\/p>\n<p><img loading=\"lazy\" decoding=\"async\" src=\"https:\/\/farm2.staticflickr.com\/1972\/45130228394_c474e89748_n.jpg\" alt=\"villaggi agenzie europee\" style=\"margin: 6px; float: left;\" width=\"320\" height=\"195\" \/><\/p>\n<p style=\"text-align: justify;\">\u00abAttualmente ci sono oltre 45 Agenzie Europee &#8211; ha rimarcato l\u2019ing. De Pascalis, presidente del Consorzio Mediterrae &#8211; ma non mancano le discrepanze: a fronte delle 2 sedi italiane (una a Parma per l\u2019alimentazione ed una a Torino per la Formazione), se ne contano 5 in Spagna, che ha una popolazione di 13 milioni di abitanti in meno dell\u2019Italia; 4 in Francia (il doppio che in Italia, senza contare Strasburgo \u00e8 la seconda sede del Parlamento Europeo) e 2 in Portogallo, sebbene abbia 1\/6 della popolazione Italiana\u00bb.<\/p>\n<p style=\"text-align: justify;\">La proposta \u00e8 quella di creare \u00abun&#8217;Agenzia Europea con sede a Bari: una piattaforma logistica nel mediterraneo con personale specializzato ad hoc che, in coordinamento con la BCE di Francoforte e l&#8217;ONU di Ginevra, sia capace di utilizzare i &#8220;Fondi Bazooka&#8221; per supportare il progetto di Mediterrae. La costituenda EMSCIMA, inoltre, dovrebbe godere di uno Status Internazionale con pieno godimento dei diritti d\u2019Immunit\u00e0 Diplomatica\u00bb<\/p>\n","protected":false},"excerpt":{"rendered":"<p><img loading=\"lazy\" decoding=\"async\" src=\"https:\/\/farm2.staticflickr.com\/1920\/45130230434_76717ac833_n.jpg\" alt=\"Esempio planimetrico del Villaggio Sostenibile\" width=\"293\" height=\"320\" \/><\/p>\n","protected":false},"author":1,"featured_media":0,"comment_status":"open","ping_status":"closed","sticky":false,"template":"","format":"standard","meta":{"colormag_page_container_layout":"default_layout","colormag_page_sidebar_layout":"default_layout","footnotes":""},"categories":[6],"tags":[],"class_list":["post-16027","post","type-post","status-publish","format-standard","hentry","category-cultura"],"_links":{"self":[{"href":"https:\/\/archivioturi.lavocedelpaese.info\/index.php\/wp-json\/wp\/v2\/posts\/16027","targetHints":{"allow":["GET"]}}],"collection":[{"href":"https:\/\/archivioturi.lavocedelpaese.info\/index.php\/wp-json\/wp\/v2\/posts"}],"about":[{"href":"https:\/\/archivioturi.lavocedelpaese.info\/index.php\/wp-json\/wp\/v2\/types\/post"}],"author":[{"embeddable":true,"href":"https:\/\/archivioturi.lavocedelpaese.info\/index.php\/wp-json\/wp\/v2\/users\/1"}],"replies":[{"embeddable":true,"href":"https:\/\/archivioturi.lavocedelpaese.info\/index.php\/wp-json\/wp\/v2\/comments?post=16027"}],"version-history":[{"count":0,"href":"https:\/\/archivioturi.lavocedelpaese.info\/index.php\/wp-json\/wp\/v2\/posts\/16027\/revisions"}],"wp:attachment":[{"href":"https:\/\/archivioturi.lavocedelpaese.info\/index.php\/wp-json\/wp\/v2\/media?parent=16027"}],"wp:term":[{"taxonomy":"category","embeddable":true,"href":"https:\/\/archivioturi.lavocedelpaese.info\/index.php\/wp-json\/wp\/v2\/categories?post=16027"},{"taxonomy":"post_tag","embeddable":true,"href":"https:\/\/archivioturi.lavocedelpaese.info\/index.php\/wp-json\/wp\/v2\/tags?post=16027"}],"curies":[{"name":"wp","href":"https:\/\/api.w.org\/{rel}","templated":true}]}}