{"id":16,"date":"2009-07-01T10:11:23","date_gmt":"2009-07-01T10:11:23","guid":{"rendered":"https:\/\/archivioturi.lavocedelpaese.info\/index.php\/2009\/07\/01\/santoronzo-zero-assoluto-e-qualche-polemica\/"},"modified":"2009-07-01T10:11:23","modified_gmt":"2009-07-01T10:11:23","slug":"santoronzo-zero-assoluto-e-qualche-polemica","status":"publish","type":"post","link":"https:\/\/archivioturi.lavocedelpaese.info\/index.php\/2009\/07\/01\/santoronzo-zero-assoluto-e-qualche-polemica\/","title":{"rendered":"ZERO ASSOLUTO E QUALCHE POLEMICA"},"content":{"rendered":"<p><img loading=\"lazy\" decoding=\"async\" class=\" size-full wp-image-15\" height=\"156\" width=\"320\" src=\"https:\/\/archivioturi.lavocedelpaese.info\/wp-content\/uploads\/2009\/07\/articolo6turi.jpg\" alt=\"articolo6turi\" srcset=\"https:\/\/archivioturi.lavocedelpaese.info\/wp-content\/uploads\/2009\/07\/articolo6turi.jpg 410w, https:\/\/archivioturi.lavocedelpaese.info\/wp-content\/uploads\/2009\/07\/articolo6turi-300x146.jpg 300w\" sizes=\"auto, (max-width: 320px) 100vw, 320px\" \/><\/p>\n<p><\/p>\n<p align=\"justify\"><strong>IL CANTANTE:<\/strong><\/p>\n<div align=\"justify\"><\/div>\n<p align=\"justify\">Sembra che sia stata confermata la presenza degli Zero Assoluto.<\/p>\n<div align=\"justify\"><\/div>\n<p align=\"justify\">Gli Zero Assoluto sono un duo musicale italiano formato da Thomas De Gasperi e Matteo Maffucci: si conoscono sui banchi di scuola del liceo classico Giulio Cesare di Roma. Muovono i primi passi nella scena rap romana.<\/p>\n<div align=\"justify\"><\/div>\n<p align=\"justify\"><strong>I GRUPPI SU FACEBOOK: <\/strong><\/p>\n<div align=\"justify\"><\/div>\n<p align=\"justify\">Gli anni passano e qualcosa sembra &#8220;muoversi&#8221;. Ben 2 gruppi nascono su Facebook con l&#8217;idea di &#8220;cambiare&#8221; qualcosa.<\/p>\n<p align=\"justify\">\u00a0<\/p>\n<div align=\"justify\"><\/div>\n<p align=\"justify\">Il primo gruppo \u00e8: <strong>S.ORONZO 2009: meno fuochi pirotecnici, pi\u00f9 eventi per l&#8217;estate!<\/strong><\/p>\n<p align=\"justify\">\u00a0<\/p>\n<p align=\"justify\">Descrizione: \u00a0\u00a0\u00a0 <br \/> Evitiamo che le prossime feste patronali siano ancora l&#8217;inutile spreco di denaro in &#8220;fuochi&#8221; accompagnati da un cantante sfigato, ma che si onori davvero la tradizione con un solo fuoco a chiudere i festeggiamenti del 26, un cantante pi\u00f9 popolare e si impieghino i soldi dei &#8220;devoti turesi&#8221; in una serie di eventi che rendano pi\u00f9 viva l&#8217;estate turese&#8230;<\/p>\n<p align=\"justify\">\u00a0<\/p>\n<div align=\"justify\"><\/div>\n<p align=\"justify\"><strong>E non mancano commenti e reazioni:<\/strong><\/p>\n<div align=\"justify\"><\/div>\n<p align=\"justify\">&#8220;Da fuori \u00e8 facile parlare&#8230;bisogna vedere i fatti&#8221;. Inutile negarlo siamo i soliti turesi&#8230;vogliamo, vogliamo e vogliamo e alla fine non facciamo mai fatti &#8220;concreti&#8221; per migliorare il nostro paese che sinceramente sembra essersi fermato al 2 Novembre di non so quanti secoli fa.&#8221;<\/p>\n<p align=\"justify\">&#8220;fatto sta che tutti quei fuochi sono troppi. Bisognerebbe aggiustare le pitture del carro che ormai in seguito all&#8217;esposizione al solo tutto l&#8217;anno sono irriconoscibili, se perdiamo la bellezza del carro, mi sapete dire come portiamo Sant&#8217;oronzo in paese?&#8221;<\/p>\n<p align=\"justify\">\u00a0<\/p>\n<p align=\"justify\">Il secondo gruppo \u00e8:<strong> Torna a Festa di Sant&#8217;oronzo a Turi, Creiamo una vera associazione<\/strong> e nasce con una lettera-invito che vi proponiamo.<\/p>\n<p align=\"justify\">\u00a0<\/p>\n<p align=\"justify\">&#8220;Carissimi, a mio modo di vedere , non tutte le colpe delle discussioni sulla festa di Sant&#8217;Oronzo sono imputabili al comitato festa. E&#8217; vero che molti imputano errori a Marinuccio, ma non \u00e8 cosa facile organizzare un evento a cui tutti tengono, quindi io direi di cominciare ad esprimere i nosti pensieri sul da farsi.<\/p>\n<p> In primis a mio modo di vedere per l&#8217;ottima riuscita della festa, bisogna creare delle associazioni collaterali al comitato che si devono preoccupare di determinate cose. Ad esempio chi non ha mai pensato, che nulla ci azzeccano gli sbandieratori provenienti da Oria, Lucera etc con Sant&#8217;Oronzo? Perch\u00e8 non si crea un&#8217;associazione turese per creare un vero corteo storico, che non si limiti alle sole cavalcate, ma che rievochi un po la storia del Santo, la storia del suo culto a Turi etc?<\/p>\n<p align=\"justify\">Perch\u00e8 vi \u00e8 un impoverimento della processione di gala che \u00e8 diventata vetrina per autorit\u00e0? Perch\u00e8 tanta differenza tra la processione alla grotta e quella del 26 mattina? Perch\u00e8 non si organizza un corteo dietrro il carro la sera del 26? Limitando cos\u00ec al solo arrivo in piazza la ressa? Cosa centrano i palloncini con Sant&#8217;Oronzo? Una volta si liberavano in volo colombi segno di pace, perch\u00e8 si \u00e8 cambiato? Vogliamo risolvere l&#8217;annosa questione della luminaria che crea sempre paura al momento della prova e che in passato stava per danneggiare la festa in modo netto?<\/p>\n<p> Vogliamo creare un comitato parallelo per la conservazione del Carro trionfale, perch\u00e8 non si puo pensare ad una festa senza l&#8217;attrazione principale. Vogliamo aggiustare le pitture del carro, ormai danneggiate dal sole e dall&#8217;acqua perch\u00e8 posto in un riparo mai completato?<\/p>\n<p align=\"justify\">Insomma c&#8217;\u00e8 molto da fare, e non tutto puo fare il Comitato.<br \/> Diamoci da fare. &#8220;<\/p>\n<p align=\"justify\"><strong><em>I commenti li lasciamo a voi, a noi, non resta che rilevare come in modo unanime la &#8220;festa di Sant&#8217;Oronzo&#8221; sia sentita vicina da tutti i Turesi. <\/em><\/strong><\/p>\n","protected":false},"excerpt":{"rendered":"<p><img loading=\"lazy\" decoding=\"async\" class=\" size-full wp-image-15\" height=\"156\" width=\"320\" src=\"https:\/\/archivioturi.lavocedelpaese.info\/wp-content\/uploads\/2009\/07\/articolo6turi.jpg\" alt=\"articolo6turi\" srcset=\"https:\/\/archivioturi.lavocedelpaese.info\/wp-content\/uploads\/2009\/07\/articolo6turi.jpg 410w, https:\/\/archivioturi.lavocedelpaese.info\/wp-content\/uploads\/2009\/07\/articolo6turi-300x146.jpg 300w\" sizes=\"auto, (max-width: 320px) 100vw, 320px\" \/> <\/p>\n","protected":false},"author":1,"featured_media":15,"comment_status":"open","ping_status":"closed","sticky":false,"template":"","format":"standard","meta":{"colormag_page_container_layout":"default_layout","colormag_page_sidebar_layout":"default_layout","footnotes":""},"categories":[6],"tags":[],"class_list":["post-16","post","type-post","status-publish","format-standard","has-post-thumbnail","hentry","category-cultura"],"_links":{"self":[{"href":"https:\/\/archivioturi.lavocedelpaese.info\/index.php\/wp-json\/wp\/v2\/posts\/16","targetHints":{"allow":["GET"]}}],"collection":[{"href":"https:\/\/archivioturi.lavocedelpaese.info\/index.php\/wp-json\/wp\/v2\/posts"}],"about":[{"href":"https:\/\/archivioturi.lavocedelpaese.info\/index.php\/wp-json\/wp\/v2\/types\/post"}],"author":[{"embeddable":true,"href":"https:\/\/archivioturi.lavocedelpaese.info\/index.php\/wp-json\/wp\/v2\/users\/1"}],"replies":[{"embeddable":true,"href":"https:\/\/archivioturi.lavocedelpaese.info\/index.php\/wp-json\/wp\/v2\/comments?post=16"}],"version-history":[{"count":0,"href":"https:\/\/archivioturi.lavocedelpaese.info\/index.php\/wp-json\/wp\/v2\/posts\/16\/revisions"}],"wp:featuredmedia":[{"embeddable":true,"href":"https:\/\/archivioturi.lavocedelpaese.info\/index.php\/wp-json\/wp\/v2\/media\/15"}],"wp:attachment":[{"href":"https:\/\/archivioturi.lavocedelpaese.info\/index.php\/wp-json\/wp\/v2\/media?parent=16"}],"wp:term":[{"taxonomy":"category","embeddable":true,"href":"https:\/\/archivioturi.lavocedelpaese.info\/index.php\/wp-json\/wp\/v2\/categories?post=16"},{"taxonomy":"post_tag","embeddable":true,"href":"https:\/\/archivioturi.lavocedelpaese.info\/index.php\/wp-json\/wp\/v2\/tags?post=16"}],"curies":[{"name":"wp","href":"https:\/\/api.w.org\/{rel}","templated":true}]}}