{"id":15991,"date":"2018-11-04T13:35:55","date_gmt":"2018-11-04T13:35:55","guid":{"rendered":"https:\/\/archivioturi.lavocedelpaese.info\/index.php\/2018\/11\/04\/mastro-panettone-si-fa-dono\/"},"modified":"2018-11-04T13:35:55","modified_gmt":"2018-11-04T13:35:55","slug":"mastro-panettone-si-fa-dono","status":"publish","type":"post","link":"https:\/\/archivioturi.lavocedelpaese.info\/index.php\/2018\/11\/04\/mastro-panettone-si-fa-dono\/","title":{"rendered":"Mastro Panettone si fa dono"},"content":{"rendered":"<p><img loading=\"lazy\" decoding=\"async\" src=\"https:\/\/farm5.staticflickr.com\/4857\/31800512258_68ca565f16_n.jpg\" alt=\"mastro panettone 2018 (1)\" width=\"320\" height=\"212\" \/><\/p>\n<p style=\"text-align: center;\"><strong>Regalati i panettoni del concorso 2018. Goloasi.it per le Onlus<\/strong><\/p>\n<p style=\"text-align: justify;\">Divertiti, emozionati, meravigliati. Sono gli occhi di chi, sabato scorso, ha ricevuto un dono goloso da Goloasi.it. Insieme all&#8217;aiuto di quattro piccoli pasticceri, Massimiliano Dell\u2019Aera e Goloasi.it hanno consegnato, come da regolamento, i panettoni di Mastro Panettone 2018 alla residenza onlus &#8220;Mamma Rosa&#8221; di Turi e alla Fondazione ONLUS &#8220;Saverio De Bellis&#8221; di Castellana Grotte.<\/p>\n<p style=\"text-align: justify;\">Un piccolo esercito di maestri pasticceri ha dedicato la mattinata a portare sorrisi e dolcezze ai residenti delle due strutture che da anni accolgono ed ospitano persone in difficolt\u00e0. \u00c8 in prossimit\u00e0 della festa pi\u00f9 dolce e calda dell\u2019anno, Goloasi.it, definiti gli ultimi appunti del concorso di Mastro Panettone 2018, ha donato i panettoni ricevuti agli anziani di \u201cMamma Rosa\u201d e ai piccoli del \u201cSaverio De Bellis\u201d.<\/p>\n<p style=\"text-align: justify;\">Un assaggio natalizio anche per loro che, nelle loro residenze, non potranno partecipare alla giornata conclusiva del Concorso, che si terr\u00e0 il prossimo 5 Novembre presso Villa Menelao a partire dalle ore 15.30. <br \/>Appuntamento a Mastro Panettone in Festa.<\/p>\n<p><object width=\"640\" height=\"480\" data=\"https:\/\/www.flickr.com\/apps\/slideshow\/show.swf?v=261948265\" type=\"application\/x-shockwave-flash\"><param name=\"flashvars\" value=\"offsite=true&amp;lang=it-it&amp;page_show_url=%2Fphotos%2F91470992%40N02%2Fsets%2F72157699839131232%2Fshow%2F&amp;page_show_back_url=%2Fphotos%2F91470992%40N02%2Fsets%2F72157699839131232%2F&amp;set_id=72157699839131232&amp;jump_to=0\" \/><param name=\"movie\" value=\"https:\/\/www.flickr.com\/apps\/slideshow\/show.swf?v=261948265\" \/><param name=\"allowFullScreen\" value=\"true\" \/><\/object><\/p>\n","protected":false},"excerpt":{"rendered":"<p><img loading=\"lazy\" decoding=\"async\" src=\"https:\/\/farm5.staticflickr.com\/4857\/31800512258_68ca565f16_n.jpg\" alt=\"mastro panettone 2018 (1)\" width=\"320\" height=\"212\" \/><\/p>\n","protected":false},"author":1,"featured_media":0,"comment_status":"open","ping_status":"closed","sticky":false,"template":"","format":"standard","meta":{"colormag_page_container_layout":"default_layout","colormag_page_sidebar_layout":"default_layout","footnotes":""},"categories":[6],"tags":[],"class_list":["post-15991","post","type-post","status-publish","format-standard","hentry","category-cultura"],"_links":{"self":[{"href":"https:\/\/archivioturi.lavocedelpaese.info\/index.php\/wp-json\/wp\/v2\/posts\/15991","targetHints":{"allow":["GET"]}}],"collection":[{"href":"https:\/\/archivioturi.lavocedelpaese.info\/index.php\/wp-json\/wp\/v2\/posts"}],"about":[{"href":"https:\/\/archivioturi.lavocedelpaese.info\/index.php\/wp-json\/wp\/v2\/types\/post"}],"author":[{"embeddable":true,"href":"https:\/\/archivioturi.lavocedelpaese.info\/index.php\/wp-json\/wp\/v2\/users\/1"}],"replies":[{"embeddable":true,"href":"https:\/\/archivioturi.lavocedelpaese.info\/index.php\/wp-json\/wp\/v2\/comments?post=15991"}],"version-history":[{"count":0,"href":"https:\/\/archivioturi.lavocedelpaese.info\/index.php\/wp-json\/wp\/v2\/posts\/15991\/revisions"}],"wp:attachment":[{"href":"https:\/\/archivioturi.lavocedelpaese.info\/index.php\/wp-json\/wp\/v2\/media?parent=15991"}],"wp:term":[{"taxonomy":"category","embeddable":true,"href":"https:\/\/archivioturi.lavocedelpaese.info\/index.php\/wp-json\/wp\/v2\/categories?post=15991"},{"taxonomy":"post_tag","embeddable":true,"href":"https:\/\/archivioturi.lavocedelpaese.info\/index.php\/wp-json\/wp\/v2\/tags?post=15991"}],"curies":[{"name":"wp","href":"https:\/\/api.w.org\/{rel}","templated":true}]}}