{"id":15980,"date":"2018-11-01T09:41:26","date_gmt":"2018-11-01T09:41:26","guid":{"rendered":"https:\/\/archivioturi.lavocedelpaese.info\/index.php\/2018\/11\/01\/un-centro-storico-da-sfogliare\/"},"modified":"2018-11-01T09:41:26","modified_gmt":"2018-11-01T09:41:26","slug":"un-centro-storico-da-sfogliare","status":"publish","type":"post","link":"https:\/\/archivioturi.lavocedelpaese.info\/index.php\/2018\/11\/01\/un-centro-storico-da-sfogliare\/","title":{"rendered":"Un centro storico da sfogliare"},"content":{"rendered":"<p><img loading=\"lazy\" decoding=\"async\" src=\"https:\/\/farm2.staticflickr.com\/1927\/31686034868_8a41810d00_z.jpg\" alt=\"Libriamoci Medie (1)\" width=\"320\" height=\"240\" \/><\/p>\n<p style=\"text-align: center;\"><strong>\u201cLibriamoci\u201d: Pagine di storia raccontate agli studenti del Comprensivo<\/strong><\/p>\n<p style=\"text-align: justify;\">Quattro gruppi della Scuola Secondaria di primo grado, un centro storico, il progetto Libriamoci. \u00c8 stato ridimensionato a causa del maltempo di marted\u00ec 23, ma il risultato del 24 ottobre \u00e8 stato un percorso tra le pagine del passato cittadino, una storia gi\u00e0 vissuta, un libro da sfogliare, vivere, conoscere e raccontare ancora.<\/p>\n<p style=\"text-align: justify;\">\u201cM\u2019arrec\u00f2rd: dalle radici\u2026il nostro futuro\u201d \u00e8 il titolo che ha visto i ragazzi del Comprensivo turese attori e fruitori del progetto che, come spiega la referente per la scuola secondaria, professoressa Angela Fortunato, \u201cambisce a valorizzare e a far conoscere ai giovani non solo i beni monumentali ma anche tradizioni, usi e costumi locali in modo da riscoprire la memoria e reinterpretare le tracce del passato, per maturare il senso di appartenenza al territorio creando numerose e replicabili opportunit\u00e0 di stabilire legami e incontri tra passato e futuro\u201d.<\/p>\n<p style=\"text-align: justify;\">Il percorso nel centro storico ha visto momenti di lettura, recitazione e danza a cura di esperti della cultura locale, da docenti in pensione, studiosi e ricercatori della nostra terra, rappresentanti di associazioni locali e altri studenti. \u00c8 dalla chiesetta della Madonna delle Grazie che ha preso il via il tuffo nel passato e sin dalle ore 9.00 la signora Isabella, residente del centro storico, ha raccontato ai ragazzi e docenti accompagnatori le origini della chiesetta: oggi luogo di preghiera, era una stalla per cavalli.<\/p>\n<p style=\"text-align: justify;\">Nella piazzetta attigua, \u00e8 Teresa Mirizio, ad offrire spunti di riflessione su quello che era il centro storico. \u201cLungo queste strade si \u00e8 svolta la mia vita. Le percorrevo per andare a scuola e con i compagni respiravamo i profumi della cucina. Quanti ricordi\u2026\u201d. Ed \u00e8 da quei ricordi che si sviluppano le storie, come quella del calzolaio, di antichi mestieri, di usi e costumi antichi, difficili oggi da incontrare ma mai dimenticati. Un tocco di allegria, con musiche derivate dalla tradizione sono state intonate dai ragazzi del coro delle classi prime della Scuola Secondaria diretti dal professor Ino Resta che ha accolto i quattro gruppi presso la Piazza Chiesa Madre. Cenni storici sull\u2019emblema comunale sono stati offerti gentilmente da Angelica De Tomaso presso via Sedile, dinanzi alla Universitas, una sorta di palazzo comunale dove venivano prese le decisioni riguardanti il paese. Quindi informazioni dettagliate sullo stemma cittadino.<\/p>\n<p style=\"text-align: justify;\">\u00c8 in Piazza Gonnelli che i ragazzi vivono uno dei momenti pi\u00f9 divertenti ed emozionanti con Pasquale Del Re e Andrea Lenato. Un ragazzo vissuto altrove torna a Turi e ammira le architetture locali. Incontra un turese ed \u00e8 l\u00ec che nasce la magia. La poesia incontra la musica, il passato affiora alla mente e pagine di vissuti cittadini entrano nel racconto. \u00c8 il dialetto la lingua del passato che rivive nel presente. Sono le bellezze turesi che vincono e adombrano i difetti del turese. La chiesetta dell\u2019Annunziata, il Palazzo Marchesale, la Festa grande e il Carro di Sant\u2019Oronzo, mirabilmente raccontato con la poesia di Del Re. Passato e presente si riabbracciano in un inchino nell\u2019ombelico turese.<\/p>\n<p style=\"text-align: justify;\">La Visita al Forno Comunale, sempre ad opera di Angelica De Tomaso del Viandante accompagna gli studenti nella casa della famiglia Vales, giunti a Turi nel periodo dei Moles. Fu nel XVII secolo che l\u2019abitazione divenne forno comunale con il riadattamento del forno. Da qui, in Piazza Curzio. Una nuova pagina di storia si sfoglia, lentamente, in punta di piedi. Ad offrirla \u00e8 Raffaele Valentini che ha raccontato le vicende storiche di Curzio, a cui \u00e8 nominata la piazza. \u201cIn questa casa nacque il garibaldino di madre turese. Curzio fu un uomo di grande cultura: viaggi\u00f2 molto, conosceva numerose lingue, si definiva un uomo libero. Molto si \u00e8 conservato di lui e tanto \u00e8 stato riportato alla luce dall\u2019attenzione storica e di ricerca di Stefano De Carolis dalla cui abitazione si \u00e8 affacciato Valentini. Una pagina di storia difficile da rendere breve ma che ha affascinato i ragazzi poi incuriositi dai versi del professore dedicati al naso. Uno sguardo al modo di dire, ai soprannomi dei turesi, alle caratteristiche fisiche dei loro nasi, poi confluiti in una pagina davvero simpatica.<\/p>\n<p style=\"text-align: justify;\">A salutare questa grande parentesi storica turese, in Piazza San Nicola le danze delle classi terze della Scuola Secondaria, balli della tradizione popolare turese e pugliese. Passo dopo passo, ogni via e vicolo parlano il nostro passato. Alzando gli occhi, ogni mura ha qualcosa da raccontare, ha storie e segreti che forse ancora non si sono voluti far conoscere. Passo dopo passo, il centro storico ha qualcosa da sussurrare. Dobbiamo solo ascoltare, fare silenzio e tramandare.<\/p>\n<p style=\"text-align: right;\"><strong>Cinzia Debiase<\/strong><\/p>\n<p><strong>RINGRAZIAMENTI<\/strong><\/p>\n<p>L&#8217;Istituto Comprensivo ringrazia i Lettori: Prof.ssa Teresa Mirizio, Prof. Raffaele Valentini, Prof. Pasquale del Re; le Associazioni In Piazza, il Viandante, Il Filo di Arianna, Casa delle Idee. Il collaboratore scolastico Franco Fuiano e i Cittadini turesi, nelle persone di Imma Bianco, Stefano de Carolis, Mariella De Nigris, Lorenzo De Marco, Ludovico Girolamo, Andrea Lenato, Giovanni Settanni, Mimmo Tria, la signora Isabella Labate. I parroci: don Giovanni Amodio, don Giuseppe Dimaggio, Madre Superiora Patrizia Didonna e tutti coloro che hanno reso possibile l&#8217;evento. Un ringraziamento speciale va al Prof. Fabio Zita e agli alunni dell&#8217;ITET &#8220;Sandro Pertini&#8221; di Turi che si sono offerti come &#8220;ciceroni&#8221;.<\/p>\n<p><object width=\"640\" height=\"480\" data=\"https:\/\/www.flickr.com\/apps\/slideshow\/show.swf?v=261948265\" type=\"application\/x-shockwave-flash\"><param name=\"flashvars\" value=\"offsite=true&amp;lang=it-it&amp;page_show_url=%2Fphotos%2F91470992%40N02%2Fsets%2F72157672728844857%2Fshow%2F&amp;page_show_back_url=%2Fphotos%2F91470992%40N02%2Fsets%2F72157672728844857%2F&amp;set_id=72157672728844857&amp;jump_to=0\" \/><param name=\"movie\" value=\"https:\/\/www.flickr.com\/apps\/slideshow\/show.swf?v=261948265\" \/><param name=\"allowFullScreen\" value=\"true\" \/><\/object><\/p>\n","protected":false},"excerpt":{"rendered":"<p><img loading=\"lazy\" decoding=\"async\" src=\"https:\/\/farm2.staticflickr.com\/1927\/31686034868_8a41810d00_z.jpg\" alt=\"Libriamoci Medie (1)\" width=\"320\" height=\"240\" \/><\/p>\n","protected":false},"author":1,"featured_media":0,"comment_status":"open","ping_status":"closed","sticky":false,"template":"","format":"standard","meta":{"colormag_page_container_layout":"default_layout","colormag_page_sidebar_layout":"default_layout","footnotes":""},"categories":[6],"tags":[],"class_list":["post-15980","post","type-post","status-publish","format-standard","hentry","category-cultura"],"_links":{"self":[{"href":"https:\/\/archivioturi.lavocedelpaese.info\/index.php\/wp-json\/wp\/v2\/posts\/15980","targetHints":{"allow":["GET"]}}],"collection":[{"href":"https:\/\/archivioturi.lavocedelpaese.info\/index.php\/wp-json\/wp\/v2\/posts"}],"about":[{"href":"https:\/\/archivioturi.lavocedelpaese.info\/index.php\/wp-json\/wp\/v2\/types\/post"}],"author":[{"embeddable":true,"href":"https:\/\/archivioturi.lavocedelpaese.info\/index.php\/wp-json\/wp\/v2\/users\/1"}],"replies":[{"embeddable":true,"href":"https:\/\/archivioturi.lavocedelpaese.info\/index.php\/wp-json\/wp\/v2\/comments?post=15980"}],"version-history":[{"count":0,"href":"https:\/\/archivioturi.lavocedelpaese.info\/index.php\/wp-json\/wp\/v2\/posts\/15980\/revisions"}],"wp:attachment":[{"href":"https:\/\/archivioturi.lavocedelpaese.info\/index.php\/wp-json\/wp\/v2\/media?parent=15980"}],"wp:term":[{"taxonomy":"category","embeddable":true,"href":"https:\/\/archivioturi.lavocedelpaese.info\/index.php\/wp-json\/wp\/v2\/categories?post=15980"},{"taxonomy":"post_tag","embeddable":true,"href":"https:\/\/archivioturi.lavocedelpaese.info\/index.php\/wp-json\/wp\/v2\/tags?post=15980"}],"curies":[{"name":"wp","href":"https:\/\/api.w.org\/{rel}","templated":true}]}}