{"id":15977,"date":"2018-10-31T09:25:35","date_gmt":"2018-10-31T09:25:35","guid":{"rendered":"https:\/\/archivioturi.lavocedelpaese.info\/index.php\/2018\/10\/31\/ballerini-e-linno-alla-vita\/"},"modified":"2018-10-31T09:25:35","modified_gmt":"2018-10-31T09:25:35","slug":"ballerini-e-linno-alla-vita","status":"publish","type":"post","link":"https:\/\/archivioturi.lavocedelpaese.info\/index.php\/2018\/10\/31\/ballerini-e-linno-alla-vita\/","title":{"rendered":"Ballerini e l\u2019inno alla vita"},"content":{"rendered":"<p><img loading=\"lazy\" decoding=\"async\" src=\"https:\/\/farm2.staticflickr.com\/1935\/45558531381_82d877285e_n.jpg\" alt=\"Luigi Ballerini\" width=\"192\" height=\"320\" \/><\/p>\n<p style=\"text-align: center;\"><strong>Al Centro Studi \u201cOgni attimo \u00e8 nostro\u201d<\/strong><\/p>\n<p style=\"text-align: justify;\">\u00c8 un inno alla vita, un invito a godere di ogni attimo che ci viene regalato, perch\u00e9 tutto pu\u00f2 finire quando meno te lo aspetti. \u00c8 questo il sunto della serata trascorsa presso il Centro Studi \u201cMatteo Pugliese\u201d, con il Lions Club Turi Matteo Pugliese che ha ospitato, luned\u00ec 22 ottobre, Luigi Ballerini e \u201cOgni attimo \u00e8 nostro\u201d.<\/p>\n<p style=\"text-align: justify;\">Ogni giorno a stretto contatto con i ragazzi e gli adolescenti, attento osservatore della societ\u00e0 e del suo raccontarsi, Luigi Ballerini, non novello della societ\u00e0 letteraria turese, ha conversato e presentato il suo ultimo lavoro narrativo, \u201cOgni attimo \u00e8 il nostro\u201d, Dea edizione. \u00c8 Domenico Resta a salutare quanti hanno risposto all\u2019invito di cogliere il senso e l\u2019importanza di vivere intensamente ogni istante della vita, perch\u00e9 forse l\u2019ultimo che si ha a disposizione.<\/p>\n<p style=\"text-align: justify;\">\u00c8 la voce di Mino (Giacomo), ad accompagnare il lettore in questo percorso di amicizia, quella vera, quella con la A maiuscola. E lo fa da un luogo indefinito, da cui racconta il suo diario di vita, gli ultimi momenti di vita di un adolescente che, finita la maturit\u00e0, percorre tanti chilometri per vivere la sua estate con l\u2019amico Fabione. \u201cL\u2019idea deriva da un fatto di cronaca. Un ragazzo che perde la vita in un incidente stradale dopo la sua maturit\u00e0\u201d. E poi il lavoro di psicoanalista, il ruolo di padre di quattro figli, la sapiente mano di scrittore e la passione per la lettura dei classici hanno portato Ballerini a raccontare le emozioni e l\u2019animo, cos\u00ec turbolento e ricco di profondit\u00e0, di un adolescente che, col senno di poi, sa di godere di ogni istante della sua esistenza.<\/p>\n<p style=\"text-align: justify;\">\u00c8 subito dopo il suo esame che Giacomo comincia a sentire che qualcosa non va, e strani episodi vanno a creare un ostacolo alla vacanza organizzata in Salento. Fabio si frattura una gamba prima della partenza, Martina, l\u2019amata di Giacomo, lo saluta come fosse l\u2019ultima volta. Mino e Fabio partono ugualmente, nonostante un dolore alla testa del giovane, e un tragico epilogo segner\u00e0 la fine della sua breve vita.<\/p>\n<p style=\"text-align: justify;\">Resteranno i ricordi, le lunghe chiacchierate con l\u2019amico Fabio, i segreti confidati, le speranze per il futuro. E Mino, dalle cinque e cinquantacinque, si trova a ripensare a tutta la giornata che ha vissuto, all&#8217;ansia per l&#8217;esame, all&#8217;amore per Martina, al viaggio con Fabio. \u201cRipensa alla scuola, alla famiglia, agli amici. La sua vita gli viene voglia di riguardarla tutta. \u00c8 preziosa, ogni suo attimo \u00e8 prezioso, tanto quelli belli che quelli complicati. Adesso sa che nella vita si sta bene sempre per il solo fatto che c&#8217;\u00e8. Che tutto quello che arriva si deve abbracciare. Come ha fatto lui e come solo adesso capisce fino in fondo\u201d.<\/p>\n<p style=\"text-align: justify;\">Questo libro ci racconta che si vive sempre. Oppure si muore inesorabilmente, vivendo. \u00c8 dunque un libro, un invito anche agli adulti a raccontare il valore dei giorni. A viverlo davvero, e fino in fondo, in ogni lungo e brevissimo attimo della vita.<\/p>\n","protected":false},"excerpt":{"rendered":"<p><img loading=\"lazy\" decoding=\"async\" src=\"https:\/\/farm2.staticflickr.com\/1935\/45558531381_82d877285e_n.jpg\" alt=\"Luigi Ballerini\" width=\"192\" height=\"320\" \/><\/p>\n","protected":false},"author":1,"featured_media":0,"comment_status":"open","ping_status":"closed","sticky":false,"template":"","format":"standard","meta":{"colormag_page_container_layout":"default_layout","colormag_page_sidebar_layout":"default_layout","footnotes":""},"categories":[6],"tags":[],"class_list":["post-15977","post","type-post","status-publish","format-standard","hentry","category-cultura"],"_links":{"self":[{"href":"https:\/\/archivioturi.lavocedelpaese.info\/index.php\/wp-json\/wp\/v2\/posts\/15977","targetHints":{"allow":["GET"]}}],"collection":[{"href":"https:\/\/archivioturi.lavocedelpaese.info\/index.php\/wp-json\/wp\/v2\/posts"}],"about":[{"href":"https:\/\/archivioturi.lavocedelpaese.info\/index.php\/wp-json\/wp\/v2\/types\/post"}],"author":[{"embeddable":true,"href":"https:\/\/archivioturi.lavocedelpaese.info\/index.php\/wp-json\/wp\/v2\/users\/1"}],"replies":[{"embeddable":true,"href":"https:\/\/archivioturi.lavocedelpaese.info\/index.php\/wp-json\/wp\/v2\/comments?post=15977"}],"version-history":[{"count":0,"href":"https:\/\/archivioturi.lavocedelpaese.info\/index.php\/wp-json\/wp\/v2\/posts\/15977\/revisions"}],"wp:attachment":[{"href":"https:\/\/archivioturi.lavocedelpaese.info\/index.php\/wp-json\/wp\/v2\/media?parent=15977"}],"wp:term":[{"taxonomy":"category","embeddable":true,"href":"https:\/\/archivioturi.lavocedelpaese.info\/index.php\/wp-json\/wp\/v2\/categories?post=15977"},{"taxonomy":"post_tag","embeddable":true,"href":"https:\/\/archivioturi.lavocedelpaese.info\/index.php\/wp-json\/wp\/v2\/tags?post=15977"}],"curies":[{"name":"wp","href":"https:\/\/api.w.org\/{rel}","templated":true}]}}