{"id":15941,"date":"2018-10-13T07:24:02","date_gmt":"2018-10-13T07:24:02","guid":{"rendered":"https:\/\/archivioturi.lavocedelpaese.info\/index.php\/2018\/10\/13\/i-campionati-assoluti-ritornano-a-turi\/"},"modified":"2018-10-13T07:24:02","modified_gmt":"2018-10-13T07:24:02","slug":"i-campionati-assoluti-ritornano-a-turi","status":"publish","type":"post","link":"https:\/\/archivioturi.lavocedelpaese.info\/index.php\/2018\/10\/13\/i-campionati-assoluti-ritornano-a-turi\/","title":{"rendered":"I Campionati Assoluti ritornano a Turi"},"content":{"rendered":"<p><img loading=\"lazy\" decoding=\"async\" src=\"https:\/\/farm2.staticflickr.com\/1910\/45235409152_3224e8b1fd_n.jpg\" alt=\"Assoluti pesi Turi (3)\" width=\"320\" height=\"213\" \/><\/p>\n<p style=\"text-align: justify;\">Sar\u00e0 il palazzetto dello sport di Turi, per il secondo anno consecutivo, il teatro delle Fasi Regionali di Qualificazione ai Campionati Italiani Assoluti, in programma a dicembre a Caltanissetta.<\/p>\n<p><img loading=\"lazy\" decoding=\"async\" src=\"https:\/\/farm2.staticflickr.com\/1920\/45235409272_85bfe49616_n.jpg\" alt=\"Assoluti pesi Turi (1)\" style=\"margin: 6px; float: right;\" width=\"320\" height=\"213\" \/><\/p>\n<p style=\"text-align: justify;\">Dopo il successo dell\u2019edizione passata la delegazione pugliese delle Federpesistica ha assegnato ancora una volta alla nostra citt\u00e0 l\u2019organizzazione dell\u2019evento che si divider\u00e0 in due giorni: il sabato saranno impegnati gli uomini mentre la domenica sar\u00e0 la volta delle donne. Deus ex machina dell\u2019organizzazione dell\u2019evento il responsabile della Comunicazione della Fipe Puglia Stefano Dell\u2019Aera, presidente dell\u2019Asd Sportland, che curer\u00e0 ogni minimo dettaglio, dall\u2019accoglienza degli atleti alle premiazioni, come ribadito dallo stesso Dell\u2019Aera: \u201cSiamo orgogliosi di ospitare l\u2019evento per il secondo anno. La qualificazione agli assoluti in Puglia \u00e8 diventato ormai un vero e proprio evento. Non \u00e8 usuale vedere 200 atleti provenienti da tutta la regione e non solo impegnati per migliorare i loro personali e cercare una chance per la medaglia agli assoluti. Ringrazio a nome dell\u2019associazione i commissari Cantadori e Fantetti per aver permesso nuovamente la realizzazione dell\u2019evento a Turi\u201d.<\/p>\n<p style=\"text-align: justify;\">A supportare la manifestazione, oltre al Comune e alla Fipe Puglia, anche l\u2019Assessorato allo Sport della Regione Puglia.<\/p>\n<p><img loading=\"lazy\" decoding=\"async\" src=\"https:\/\/farm2.staticflickr.com\/1921\/30346250077_051b553906_n.jpg\" alt=\"Assoluti pesi Turi (2)\" style=\"margin: 6px; float: left;\" width=\"320\" height=\"213\" \/><\/p>\n<p style=\"text-align: justify;\">Si torna a Turi per volere della Federazione e del suo presidente regionale Gaetano Martiriggiano: \u201cSiamo molto contenti di tornare a Turi, dopo la riuscitissima giornata di qualificazioni del 2017 \u2013 le parole del numero uno pugliese \u2013 l\u2019Asd Sportland ci ospiter\u00e0 anche quest\u2019anno cercando di non far mancare nulla a livello organizzativo e logistico e per questo mi preme ringraziare sin d\u2019ora il presidente Stefano Dell\u2019Aera. L\u2019altissimo numero di iscritti ci ha portato a raddoppiare i giorni di gara, sinonimo che la Pesistica in Puglia cresce soprattutto grazie alla straordinaria passione degli atleti in gara\u201d. Puglia che recentemente ha ospitato il presidente nazionale Antonio Urso nelle fasi regionali di Distensione su Panca svolte ad Aradeo: \u201c La sua visita, insieme al segretario e al direttore tecnico nazionale, \u00e8 una conferma della bont\u00e0 del lavoro della nostra federazione sul territorio. Il prossimo obiettivo \u00e8 raggiungere le 100 societ\u00e0 affiliate e rilanciare il settore giovanile e scolastico\u201d.<\/p>\n","protected":false},"excerpt":{"rendered":"<p><img loading=\"lazy\" decoding=\"async\" src=\"https:\/\/farm2.staticflickr.com\/1910\/45235409152_3224e8b1fd_n.jpg\" alt=\"Assoluti pesi Turi (3)\" width=\"320\" height=\"213\" \/><\/p>\n","protected":false},"author":1,"featured_media":0,"comment_status":"open","ping_status":"closed","sticky":false,"template":"","format":"standard","meta":{"colormag_page_container_layout":"default_layout","colormag_page_sidebar_layout":"default_layout","footnotes":""},"categories":[5],"tags":[],"class_list":["post-15941","post","type-post","status-publish","format-standard","hentry","category-sport"],"_links":{"self":[{"href":"https:\/\/archivioturi.lavocedelpaese.info\/index.php\/wp-json\/wp\/v2\/posts\/15941","targetHints":{"allow":["GET"]}}],"collection":[{"href":"https:\/\/archivioturi.lavocedelpaese.info\/index.php\/wp-json\/wp\/v2\/posts"}],"about":[{"href":"https:\/\/archivioturi.lavocedelpaese.info\/index.php\/wp-json\/wp\/v2\/types\/post"}],"author":[{"embeddable":true,"href":"https:\/\/archivioturi.lavocedelpaese.info\/index.php\/wp-json\/wp\/v2\/users\/1"}],"replies":[{"embeddable":true,"href":"https:\/\/archivioturi.lavocedelpaese.info\/index.php\/wp-json\/wp\/v2\/comments?post=15941"}],"version-history":[{"count":0,"href":"https:\/\/archivioturi.lavocedelpaese.info\/index.php\/wp-json\/wp\/v2\/posts\/15941\/revisions"}],"wp:attachment":[{"href":"https:\/\/archivioturi.lavocedelpaese.info\/index.php\/wp-json\/wp\/v2\/media?parent=15941"}],"wp:term":[{"taxonomy":"category","embeddable":true,"href":"https:\/\/archivioturi.lavocedelpaese.info\/index.php\/wp-json\/wp\/v2\/categories?post=15941"},{"taxonomy":"post_tag","embeddable":true,"href":"https:\/\/archivioturi.lavocedelpaese.info\/index.php\/wp-json\/wp\/v2\/tags?post=15941"}],"curies":[{"name":"wp","href":"https:\/\/api.w.org\/{rel}","templated":true}]}}