{"id":15937,"date":"2018-10-17T15:48:50","date_gmt":"2018-10-17T15:48:50","guid":{"rendered":"https:\/\/archivioturi.lavocedelpaese.info\/index.php\/2018\/10\/17\/contributi-al-canone-di-locazione-approvate-le-graduatorie\/"},"modified":"2018-10-17T15:48:50","modified_gmt":"2018-10-17T15:48:50","slug":"contributi-al-canone-di-locazione-approvate-le-graduatorie","status":"publish","type":"post","link":"https:\/\/archivioturi.lavocedelpaese.info\/index.php\/2018\/10\/17\/contributi-al-canone-di-locazione-approvate-le-graduatorie\/","title":{"rendered":"Contributi al canone di locazione: approvate le graduatorie"},"content":{"rendered":"<p><img loading=\"lazy\" decoding=\"async\" src=\"https:\/\/farm2.staticflickr.com\/1965\/44366974035_8a185d917e_n.jpg\" alt=\"contributi-locazione\" width=\"320\" height=\"180\" \/><\/p>\n<p style=\"text-align: center;\"><strong>&#8220;Fondi insufficienti al fabbisogno di Turi&#8221;. <br \/>Si aspettano ulteriori risorse dalla Regione<\/strong><\/p>\n<p style=\"text-align: center;\"><strong><br \/><\/strong><\/p>\n<p style=\"text-align: justify;\">Con determinazione a firma della dott.ssa Tampoia, responsabile dei Servizi Sociali, \u00e8 stata approvata la graduatoria delle famiglie turesi che hanno diritto ad usufruire del contributo integrativo per il sostegno al pagamento del canone di locazione per l\u2019anno 2016.<\/p>\n<p style=\"text-align: justify;\">In totale sono pervenute 55 domande, che sono state valutate dalla COSECA srl, ditta cui il nostro Comune ha affidato il compito di gestire il bando e tutte le attivit\u00e0 necessarie a conseguire i contributi regionali.<\/p>\n<p style=\"text-align: justify;\">All&#8217;esito dell&#8217;istruttoria, sono state ritenute ammissibili 49 richieste. Per le 6 istanze respinte, gli uffici avranno cura di inviare ai diretti interessati comunicazione personale delle motivazioni dell&#8217;esclusione. Successivamente, come previsto dal bando di gara, si \u00e8 provveduto a elaborare le due graduatorie, dividendo in due fasce le 49 istante ammesse: 39 sono i concorrenti inquadrati nella fascia &#8220;a&#8221; (reddito annuo non superiore a 13.049,14 euro), 10 quelli inseriti nella fascia &#8220;b&#8221; (reddito annuo inferiore a 15.250 euro).<\/p>\n<p style=\"text-align: justify;\"><strong><br \/><\/strong><\/p>\n<p style=\"text-align: justify;\"><strong>Fondi insufficienti<\/strong><\/p>\n<p style=\"text-align: justify;\">Come precisato nella determinazione, i fondi complessivamente disponibili ammontano a circa 19 mila euro, di cui 15.802,75 euro stanziati dalla Regione e 3.160,55 euro cofinanziati dal Comune di Turi. Un importo, per stessa ammissione dei Servizi Sociali, insufficiente a rispondere al fabbisogno del nostro Ente, considerando che la somma necessaria a soddisfare le richieste dei concorrenti delle due fasce corrisponde a poco pi\u00f9 di 107mila euro.<\/p>\n<p style=\"text-align: justify;\">La conseguenza di questa disparit\u00e0 tra risorse e necessit\u00e0 \u00e8 stata un brusco ridimensionamento delle somme erogabili: per sostenere la parziale copertura delle spese di un intero anno di fitto, al momento, il contributo che potr\u00e0 essere concesso alle 49 famiglie ammesse osciller\u00e0 tra 150 e 481 euro.<\/p>\n<p style=\"text-align: justify;\">&nbsp;<\/p>\n<p style=\"text-align: justify;\"><strong>La premialit\u00e0<\/strong><\/p>\n<p style=\"text-align: justify;\">Una speranza per rimpinguare gli esigui contributi arriva dalla cosiddetta &#8220;premialit\u00e0&#8221;: visto che il nostro Comune ha incrementato il fondo regionale con proprio stanziamento, avr\u00e0 diritto a ricevere un finanziamento aggiuntivo. Le ulteriori risorse che, auspicabilmente, arriveranno dalla Regione, saranno ripartite con successivo provvedimento tra tutti i concorrenti, utilizzando le stesse modalit\u00e0 fissate dal bando di concorso.<\/p>\n<p style=\"text-align: justify;\">Cos\u00ec accadde anche del 2017. A luglio dello scorso anno la somma messa inizialmente a disposizione dalla Giunta Regionale era di circa 16.500 euro. A seguito del cofinanziamento di 6 mila euro da parte del Comune di Turi, si riuscirono ad ottenere altri 18.600 euro.<\/p>\n<p style=\"text-align: justify;\">Si arriv\u00f2, dunque, ad una cifra complessiva di poco superiore ai 41 mila euro che venne suddivisa tra i 40 beneficiari ammessi, su un totale di 44 domande presentate ai Servizi Sociali. In particolare, 24 candidati ottennero una media di 1300 euro; i restanti 16 un contributo compreso tra i 230 e i 960 euro.<\/p>\n","protected":false},"excerpt":{"rendered":"<p><img loading=\"lazy\" decoding=\"async\" src=\"https:\/\/farm2.staticflickr.com\/1965\/44366974035_8a185d917e_n.jpg\" alt=\"contributi-locazione\" width=\"320\" height=\"180\" \/><\/p>\n","protected":false},"author":1,"featured_media":0,"comment_status":"open","ping_status":"closed","sticky":false,"template":"","format":"standard","meta":{"colormag_page_container_layout":"default_layout","colormag_page_sidebar_layout":"default_layout","footnotes":""},"categories":[7],"tags":[],"class_list":["post-15937","post","type-post","status-publish","format-standard","hentry","category-attualita"],"_links":{"self":[{"href":"https:\/\/archivioturi.lavocedelpaese.info\/index.php\/wp-json\/wp\/v2\/posts\/15937","targetHints":{"allow":["GET"]}}],"collection":[{"href":"https:\/\/archivioturi.lavocedelpaese.info\/index.php\/wp-json\/wp\/v2\/posts"}],"about":[{"href":"https:\/\/archivioturi.lavocedelpaese.info\/index.php\/wp-json\/wp\/v2\/types\/post"}],"author":[{"embeddable":true,"href":"https:\/\/archivioturi.lavocedelpaese.info\/index.php\/wp-json\/wp\/v2\/users\/1"}],"replies":[{"embeddable":true,"href":"https:\/\/archivioturi.lavocedelpaese.info\/index.php\/wp-json\/wp\/v2\/comments?post=15937"}],"version-history":[{"count":0,"href":"https:\/\/archivioturi.lavocedelpaese.info\/index.php\/wp-json\/wp\/v2\/posts\/15937\/revisions"}],"wp:attachment":[{"href":"https:\/\/archivioturi.lavocedelpaese.info\/index.php\/wp-json\/wp\/v2\/media?parent=15937"}],"wp:term":[{"taxonomy":"category","embeddable":true,"href":"https:\/\/archivioturi.lavocedelpaese.info\/index.php\/wp-json\/wp\/v2\/categories?post=15937"},{"taxonomy":"post_tag","embeddable":true,"href":"https:\/\/archivioturi.lavocedelpaese.info\/index.php\/wp-json\/wp\/v2\/tags?post=15937"}],"curies":[{"name":"wp","href":"https:\/\/api.w.org\/{rel}","templated":true}]}}