{"id":15916,"date":"2018-10-11T08:50:08","date_gmt":"2018-10-11T08:50:08","guid":{"rendered":"https:\/\/archivioturi.lavocedelpaese.info\/index.php\/2018\/10\/11\/catechismo-in-scena\/"},"modified":"2018-10-11T08:50:08","modified_gmt":"2018-10-11T08:50:08","slug":"catechismo-in-scena","status":"publish","type":"post","link":"https:\/\/archivioturi.lavocedelpaese.info\/index.php\/2018\/10\/11\/catechismo-in-scena\/","title":{"rendered":"Catechismo in scena"},"content":{"rendered":"<p><img loading=\"lazy\" decoding=\"async\" src=\"https:\/\/farm2.staticflickr.com\/1929\/45125409061_e83418c486_n.jpg\" alt=\"Musical San Francesco (2)\" width=\"320\" height=\"213\" \/><\/p>\n<p style=\"text-align: center;\"><strong>Un progetto, un successo: San Francesco d\u2019Assisi<\/strong><\/p>\n<p style=\"text-align: justify;\">Un esperimento \u201cvenuto bene\u201d, quello del musical su San Francesco d\u2019Assisi, portato in scena domenica 28 settembre presso la sala teatro della Parrocchia Santa Maria Assunta. I giovani del Catechismo, seguiti e sostenuti dagli educatori, hanno inscenato la vita del Santo votato al prossimo, alla povert\u00e0 e alla preghiera, attraverso un percorso che ha permesso loro di fare un\u2019esperienza di gruppo.<\/p>\n<p style=\"text-align: justify;\">\u00abQuello di San Francesco \u00e8 un esperimento &#8211; ci spiega un\u2019educatrice &#8211; nato circa dodici mesi fa e portato avanti, in maniera volontaria, oltre i momenti dedicati al catechismo. Inizialmente erano coinvolti anche altri ragazzi, ma nel corso dei mesi alcuni sono andati via, altri sono entrati, altri ancora sono rimasti\u00bb. Sono parole di soddisfazione ed entusiasmo quelle raccolte all\u2019indomani della rappresentazione realizzata con \u201cspirito di sacrificio e con grande impegno\u201d dal gruppo parrocchiale.<\/p>\n<p style=\"text-align: justify;\">\u00abNon siamo e non vogliamo essere un gruppo teatrale &#8211; precisa l\u2019educatrice &#8211; ma si \u00e8 trattato di un modo per coinvolgere e far lavorare i ragazzi assieme\u00bb, impegnati in ogni fase della realizzazione. \u00abOgnuno di loro non ha speso un centesimo per abiti o scena, ogni cosa \u00e8 stata realizzata da noi, compresi gli abiti. La scenografia \u00e8 opera di un ragazzo che si \u00e8 adoperato in tutta fretta e in maniera libera e responsabile\u00bb. Obiettivo principale era \u201cstare insieme senza il cellulare\u201d e sicuramente il risultato \u00e8 stato fantastico, considerando l\u2019entusiasmo dei ragazzi e i commenti positivi del pubblico che vi ha assistito.<\/p>\n<p style=\"text-align: justify;\">\u00abDobbiamo ringraziare Don Giovanni Amodio, per la sua grande disponibilit\u00e0\u00bb &#8211; aggiunge, sottolineando come questo progetto ha permesso di insegnare lo spirito di sacrificio e lavorare per un risultato che offre soddisfazioni non materiali. \u00abCi hanno chiesto di fare anche delle repliche &#8211; chiosa l&#8217;educatrice alla nostra proposta di andare nuovamente in scena. Ci pensiamo, ma non abbiamo ancora nulla di definito. Per ora possiamo dire che questa esperienza ci ha regalato che soddisfazioni maggiori, attraverso la gioia degli stessi ragazzi\u00bb.<\/p>\n<p style=\"text-align: justify;\">Rester\u00e0 infatti un bellissimo ricordo in ognuno di loro, coinvolto in quello che \u00e8 stato inizialmente un esperimento ma si \u00e8 rivelato una vera motivazione per lavorare assieme per un obiettivo comune.<\/p>\n<p><object width=\"640\" height=\"480\" data=\"https:\/\/www.flickr.com\/apps\/slideshow\/show.swf?v=261948265\" type=\"application\/x-shockwave-flash\"><param name=\"flashvars\" value=\"offsite=true&amp;lang=it-it&amp;page_show_url=%2Fphotos%2F91470992%40N02%2Fsets%2F72157700537144711%2Fshow%2F&amp;page_show_back_url=%2Fphotos%2F91470992%40N02%2Fsets%2F72157700537144711%2F&amp;set_id=72157700537144711&amp;jump_to=0\" \/><param name=\"movie\" value=\"https:\/\/www.flickr.com\/apps\/slideshow\/show.swf?v=261948265\" \/><param name=\"allowFullScreen\" value=\"true\" \/><\/object><\/p>\n","protected":false},"excerpt":{"rendered":"<p><img loading=\"lazy\" decoding=\"async\" src=\"https:\/\/farm2.staticflickr.com\/1929\/45125409061_e83418c486_n.jpg\" alt=\"Musical San Francesco (2)\" width=\"320\" height=\"213\" \/><\/p>\n","protected":false},"author":1,"featured_media":0,"comment_status":"open","ping_status":"closed","sticky":false,"template":"","format":"standard","meta":{"colormag_page_container_layout":"default_layout","colormag_page_sidebar_layout":"default_layout","footnotes":""},"categories":[6],"tags":[],"class_list":["post-15916","post","type-post","status-publish","format-standard","hentry","category-cultura"],"_links":{"self":[{"href":"https:\/\/archivioturi.lavocedelpaese.info\/index.php\/wp-json\/wp\/v2\/posts\/15916","targetHints":{"allow":["GET"]}}],"collection":[{"href":"https:\/\/archivioturi.lavocedelpaese.info\/index.php\/wp-json\/wp\/v2\/posts"}],"about":[{"href":"https:\/\/archivioturi.lavocedelpaese.info\/index.php\/wp-json\/wp\/v2\/types\/post"}],"author":[{"embeddable":true,"href":"https:\/\/archivioturi.lavocedelpaese.info\/index.php\/wp-json\/wp\/v2\/users\/1"}],"replies":[{"embeddable":true,"href":"https:\/\/archivioturi.lavocedelpaese.info\/index.php\/wp-json\/wp\/v2\/comments?post=15916"}],"version-history":[{"count":0,"href":"https:\/\/archivioturi.lavocedelpaese.info\/index.php\/wp-json\/wp\/v2\/posts\/15916\/revisions"}],"wp:attachment":[{"href":"https:\/\/archivioturi.lavocedelpaese.info\/index.php\/wp-json\/wp\/v2\/media?parent=15916"}],"wp:term":[{"taxonomy":"category","embeddable":true,"href":"https:\/\/archivioturi.lavocedelpaese.info\/index.php\/wp-json\/wp\/v2\/categories?post=15916"},{"taxonomy":"post_tag","embeddable":true,"href":"https:\/\/archivioturi.lavocedelpaese.info\/index.php\/wp-json\/wp\/v2\/tags?post=15916"}],"curies":[{"name":"wp","href":"https:\/\/api.w.org\/{rel}","templated":true}]}}