{"id":15893,"date":"2018-10-04T06:16:05","date_gmt":"2018-10-04T06:16:05","guid":{"rendered":"https:\/\/archivioturi.lavocedelpaese.info\/index.php\/2018\/10\/04\/settantanni-di-costituzione\/"},"modified":"2018-10-04T06:16:05","modified_gmt":"2018-10-04T06:16:05","slug":"settantanni-di-costituzione","status":"publish","type":"post","link":"https:\/\/archivioturi.lavocedelpaese.info\/index.php\/2018\/10\/04\/settantanni-di-costituzione\/","title":{"rendered":"SETTANT\u2019ANNI DI COSTITUZIONE"},"content":{"rendered":"<p><img loading=\"lazy\" decoding=\"async\" src=\"https:\/\/farm2.staticflickr.com\/1913\/44929868902_e382908496_n.jpg\" alt=\"Alina Laruccia Costituzione\" width=\"320\" height=\"240\" \/><\/p>\n<p style=\"text-align: center;\"><strong>Luigi Mazzella, presidente della Corte Costituzionale, apre il ciclo di seminari <br \/>organizzato dalla Casa delle Idee<\/strong><\/p>\n<p style=\"text-align: center;\"><strong><br \/><\/strong><\/p>\n<p style=\"text-align: justify;\">La Costituzione Italiana, entrata in vigore il primo gennaio del 1948, segna un\u2019importante svolta nella storia giuridica del nostro Paese, segnata profondamente dalla fine della Seconda Guerra Mondiale e dalla caduta del regime fascista.<\/p>\n<p style=\"text-align: justify;\">In occasione dei settant\u2019anni della nostra Carta, la Casa delle Idee, presieduta da Alina Laruccia, ha deciso di organizzare un ciclo informativo di sei incontri con l\u2019obiettivo di informare non solo gli adulti ma anche i giovani e i bambini, cittadini del nostro futuro, sul valore dei suoi principi che, oggi pi\u00f9 mai, sono spesso oggetto di discussione politica.<\/p>\n<p style=\"text-align: justify;\">Il primo incontro ha posto una questione molto importante: \u00e8 giusto riformare la nostra cara Costituzione, fondata dai grandi padri della storia della politica italiana, per renderla duttile alle attuali trasformazioni della societ\u00e0 odierna? A rispondere a tale quesito ci ha pensato il vice presidente della Corte Costituzionale, Luigi Mazzella, autore anche del libro &#8220;Debole di Costituzione&#8221;, edito da Mondadori.<\/p>\n<p style=\"text-align: justify;\">Secondo Mazzella, la nostra Costituzione, definita retoricamente la pi\u00f9 bella del mondo, non \u00e8 idonea a guidare i processi della societ\u00e0 attuale, in quanto viviamo in un contesto in cui l\u2019esaltazione dei valori liberali da parte delle ideologie dominanti non va di pari passo con la dura realt\u00e0 con cui il nostro paese quotidianamente deve confrontarsi. Basti pensare ai tanti casi di corruzione politica, oppure al collasso della societ\u00e0 industriale priva di un regime pienamente competitivo; per non parlare anche di un sistema troppo lento nel prendere decisioni politiche adeguate.<\/p>\n<p style=\"text-align: justify;\">Si \u00e8 parlato molto anche dell&#8217;articolo 81 della Costituzione, riguardante il tema del pareggio di bilancio, leggermente modificato nel corso del tempo che, a parere di Mazzella, costituisce un vero e proprio blocco per la crescita economica italiana, in quanto servirebbe solo a riparare il deficit delle banche.<\/p>\n<p style=\"text-align: justify;\">Un\u2019altra tematica importante affrontata in questo primo incontro \u00e8 stata il ruolo dei giovani nei processi di partecipazione politica e culturale. Se da un lato \u00e8 vero che i giovani si interessano meno agli aspetti politici e culturali della vita del Paese, dall\u2019altra parte, Mazzella rimarca che ci\u00f2 avviene per mancanza del culto di un pensiero libero e autonomo da ogni stereotipo sociale. Siamo talmente sommersi da false verit\u00e0, luoghi comuni, pregiudizi sociali e fake news che non riusciamo pi\u00f9 a sviluppare una vera e propria coscienza politica, in grado di intervenire positivamente nel nostro paese.<\/p>\n<p style=\"text-align: right;\"><strong>ROBERTA LOBASCIO<\/strong><\/p>\n","protected":false},"excerpt":{"rendered":"<p><img loading=\"lazy\" decoding=\"async\" src=\"https:\/\/farm2.staticflickr.com\/1913\/44929868902_e382908496_n.jpg\" alt=\"Alina Laruccia Costituzione\" width=\"320\" height=\"240\" \/><\/p>\n","protected":false},"author":1,"featured_media":0,"comment_status":"open","ping_status":"closed","sticky":false,"template":"","format":"standard","meta":{"colormag_page_container_layout":"default_layout","colormag_page_sidebar_layout":"default_layout","footnotes":""},"categories":[6],"tags":[],"class_list":["post-15893","post","type-post","status-publish","format-standard","hentry","category-cultura"],"_links":{"self":[{"href":"https:\/\/archivioturi.lavocedelpaese.info\/index.php\/wp-json\/wp\/v2\/posts\/15893","targetHints":{"allow":["GET"]}}],"collection":[{"href":"https:\/\/archivioturi.lavocedelpaese.info\/index.php\/wp-json\/wp\/v2\/posts"}],"about":[{"href":"https:\/\/archivioturi.lavocedelpaese.info\/index.php\/wp-json\/wp\/v2\/types\/post"}],"author":[{"embeddable":true,"href":"https:\/\/archivioturi.lavocedelpaese.info\/index.php\/wp-json\/wp\/v2\/users\/1"}],"replies":[{"embeddable":true,"href":"https:\/\/archivioturi.lavocedelpaese.info\/index.php\/wp-json\/wp\/v2\/comments?post=15893"}],"version-history":[{"count":0,"href":"https:\/\/archivioturi.lavocedelpaese.info\/index.php\/wp-json\/wp\/v2\/posts\/15893\/revisions"}],"wp:attachment":[{"href":"https:\/\/archivioturi.lavocedelpaese.info\/index.php\/wp-json\/wp\/v2\/media?parent=15893"}],"wp:term":[{"taxonomy":"category","embeddable":true,"href":"https:\/\/archivioturi.lavocedelpaese.info\/index.php\/wp-json\/wp\/v2\/categories?post=15893"},{"taxonomy":"post_tag","embeddable":true,"href":"https:\/\/archivioturi.lavocedelpaese.info\/index.php\/wp-json\/wp\/v2\/tags?post=15893"}],"curies":[{"name":"wp","href":"https:\/\/api.w.org\/{rel}","templated":true}]}}