{"id":15891,"date":"2018-10-03T09:00:52","date_gmt":"2018-10-03T09:00:52","guid":{"rendered":"https:\/\/archivioturi.lavocedelpaese.info\/index.php\/2018\/10\/03\/riflessioni-con-san-pio-il-crocifisso-e-i-santi-medici\/"},"modified":"2018-10-03T09:00:52","modified_gmt":"2018-10-03T09:00:52","slug":"riflessioni-con-san-pio-il-crocifisso-e-i-santi-medici","status":"publish","type":"post","link":"https:\/\/archivioturi.lavocedelpaese.info\/index.php\/2018\/10\/03\/riflessioni-con-san-pio-il-crocifisso-e-i-santi-medici\/","title":{"rendered":"Riflessioni con San Pio, il Crocifisso e i Santi Medici"},"content":{"rendered":"<p>&nbsp;<\/p>\n<p><img loading=\"lazy\" decoding=\"async\" src=\"https:\/\/farm2.staticflickr.com\/1977\/43166577470_a626671acd_n.jpg\" alt=\"Santi Medici Turi (5)\" width=\"320\" height=\"213\" \/><\/p>\n<p style=\"text-align: center;\"><strong>Due giorni di preghiera con la Parrocchia Ausiliatrice<\/strong><\/p>\n<p style=\"text-align: justify;\">Due giorni di festa, il 25 e 26 settembre, per Turi e la Parrocchia Maria SS. Ausiliatrice. San Pio, il Santissimo Crocifisso e i Santi Cosma e Damiano hanno abbracciato la comunit\u00e0 turese nelle celebrazioni eucaristiche e durante le processioni per le vie cittadine.<\/p>\n<p style=\"text-align: justify;\">In tanti hanno preso parte ai momenti pi\u00f9 sentiti dei riti avviati con le Sante Messe officiate da Don Giovanni Amodio nel pomeriggio di marted\u00ec 25, Don Giuseppe, nella mattinata di mercoled\u00ec 26 e Don Ciccio, che ha chiuso i due giorni di festeggiamenti riabbracciando quella comunit\u00e0 parrocchiale lasciata pochi giorni fa.<\/p>\n<p style=\"text-align: justify;\">\u00abOgni volta che ricordiamo i Santi Medici \u2013 le parole dell\u2019arciprete \u2013 ricordiamo il martire Ges\u00f9. Loro sono con Ges\u00f9, nel banchetto eterno sul monte del paradiso. I Santi Cosma e Damiano hanno dato la loro vita per amore e perch\u00e9 certi non della mortalit\u00e0 ma della risurrezione dei nostri corpi\u00bb. \u00abLa testimonianza di Cosma e Damiano, due santi fratelli, medici e laici, ha molto da dire al nostro cristianesimo troppo spesso tentato di accomodarsi o di accontentarsi. Ci stimolano a mettere a disposizione degli altri, soprattutto dei pi\u00f9 poveri, persino la nostra vita\u00bb. Il loro esempio, \u00abci ricorda che i Santi hanno davvero donato la vita per il Vangelo e anche noi siamo invitati a farlo nella nostra vita, ogni giorno\u00bb.<\/p>\n<p style=\"text-align: right;\"><strong>Foto Antonio Gasparro<\/strong><\/p>\n<p style=\"text-align: justify;\"><object width=\"640\" height=\"480\" data=\"https:\/\/www.flickr.com\/apps\/slideshow\/show.swf?v=261948265\" type=\"application\/x-shockwave-flash\"><param name=\"flashvars\" value=\"offsite=true&amp;lang=it-it&amp;page_show_url=%2Fphotos%2F91470992%40N02%2Fsets%2F72157671765162197%2Fshow%2F&amp;page_show_back_url=%2Fphotos%2F91470992%40N02%2Fsets%2F72157671765162197%2F&amp;set_id=72157671765162197&amp;jump_to=0\" \/><param name=\"movie\" value=\"https:\/\/www.flickr.com\/apps\/slideshow\/show.swf?v=261948265\" \/><param name=\"allowFullScreen\" value=\"true\" \/><\/object><\/p>\n","protected":false},"excerpt":{"rendered":"<p>&nbsp;<\/p>\n<p><img loading=\"lazy\" decoding=\"async\" src=\"https:\/\/farm2.staticflickr.com\/1977\/43166577470_a626671acd_n.jpg\" alt=\"Santi Medici Turi (5)\" width=\"320\" height=\"213\" \/><\/p>\n","protected":false},"author":1,"featured_media":0,"comment_status":"open","ping_status":"closed","sticky":false,"template":"","format":"standard","meta":{"colormag_page_container_layout":"default_layout","colormag_page_sidebar_layout":"default_layout","footnotes":""},"categories":[6],"tags":[],"class_list":["post-15891","post","type-post","status-publish","format-standard","hentry","category-cultura"],"_links":{"self":[{"href":"https:\/\/archivioturi.lavocedelpaese.info\/index.php\/wp-json\/wp\/v2\/posts\/15891","targetHints":{"allow":["GET"]}}],"collection":[{"href":"https:\/\/archivioturi.lavocedelpaese.info\/index.php\/wp-json\/wp\/v2\/posts"}],"about":[{"href":"https:\/\/archivioturi.lavocedelpaese.info\/index.php\/wp-json\/wp\/v2\/types\/post"}],"author":[{"embeddable":true,"href":"https:\/\/archivioturi.lavocedelpaese.info\/index.php\/wp-json\/wp\/v2\/users\/1"}],"replies":[{"embeddable":true,"href":"https:\/\/archivioturi.lavocedelpaese.info\/index.php\/wp-json\/wp\/v2\/comments?post=15891"}],"version-history":[{"count":0,"href":"https:\/\/archivioturi.lavocedelpaese.info\/index.php\/wp-json\/wp\/v2\/posts\/15891\/revisions"}],"wp:attachment":[{"href":"https:\/\/archivioturi.lavocedelpaese.info\/index.php\/wp-json\/wp\/v2\/media?parent=15891"}],"wp:term":[{"taxonomy":"category","embeddable":true,"href":"https:\/\/archivioturi.lavocedelpaese.info\/index.php\/wp-json\/wp\/v2\/categories?post=15891"},{"taxonomy":"post_tag","embeddable":true,"href":"https:\/\/archivioturi.lavocedelpaese.info\/index.php\/wp-json\/wp\/v2\/tags?post=15891"}],"curies":[{"name":"wp","href":"https:\/\/api.w.org\/{rel}","templated":true}]}}