{"id":15882,"date":"2018-10-02T16:38:40","date_gmt":"2018-10-02T16:38:40","guid":{"rendered":"https:\/\/archivioturi.lavocedelpaese.info\/index.php\/2018\/10\/02\/corsi-gratuiti-per-tutte-le-eta\/"},"modified":"2018-10-02T16:38:40","modified_gmt":"2018-10-02T16:38:40","slug":"corsi-gratuiti-per-tutte-le-eta","status":"publish","type":"post","link":"https:\/\/archivioturi.lavocedelpaese.info\/index.php\/2018\/10\/02\/corsi-gratuiti-per-tutte-le-eta\/","title":{"rendered":"CORSI GRATUITI PER TUTTE LE ET\u00c0"},"content":{"rendered":"<p><img loading=\"lazy\" decoding=\"async\" src=\"https:\/\/farm2.staticflickr.com\/1901\/44911022022_262d2a4872_n.jpg\" alt=\"auser logo\" width=\"320\" height=\"180\" \/><\/p>\n<p style=\"text-align: justify;\">Presso la sede dell&#8217;Auser Turi &#8211; in via Pietro Carenza, 12 &#8211; sono aperte le iscrizioni ai corsi per le varie attivit\u00e0 dell&#8217;anno accademico 2018\/2019.<\/p>\n<p style=\"text-align: justify;\">In linea con la finalit\u00e0 dell&#8217;associazione, volta alla socializzazione e al volontariato, saranno attivati i corsi di chitarra, di informatica, di disegno, grafica, pittura e ceramica, di sartoria sociale e di balli di gruppo, liscio e ginnastica dolce.<\/p>\n<p style=\"text-align: justify;\">Come sottolinea il presidente Antonio Conte, \u00abl&#8217;associazione si propone di migliorare la qualit\u00e0 della vita, contrastare ogni forma di esclusione e discriminazione sociale, in particolare nei confronti dei migranti e delle donne di tutte le et\u00e0; diffondere la cultura e la pratica della solidariet\u00e0 e della partecipazione, valorizzare l&#8217;esperienza, le capacit\u00e0 e le idee degli anziani. Inoltre ci impegniamo a sviluppare i rapporti di solidariet\u00e0 tra le giovani generazioni\u00bb.<\/p>\n<p style=\"text-align: justify;\">Per informazioni sulle modalit\u00e0 di adesione, la segreteria Auser di Turi \u00e8 a disposizione tutti i giorni, dalle ore 18.00 alle ore 21.00, ai seguenti contatti: 3387554420; 3663992720.<\/p>\n","protected":false},"excerpt":{"rendered":"<p><img loading=\"lazy\" decoding=\"async\" src=\"https:\/\/farm2.staticflickr.com\/1901\/44911022022_262d2a4872_n.jpg\" alt=\"auser logo\" width=\"320\" height=\"180\" \/><\/p>\n","protected":false},"author":1,"featured_media":0,"comment_status":"open","ping_status":"closed","sticky":false,"template":"","format":"standard","meta":{"colormag_page_container_layout":"default_layout","colormag_page_sidebar_layout":"default_layout","footnotes":""},"categories":[7],"tags":[],"class_list":["post-15882","post","type-post","status-publish","format-standard","hentry","category-attualita"],"_links":{"self":[{"href":"https:\/\/archivioturi.lavocedelpaese.info\/index.php\/wp-json\/wp\/v2\/posts\/15882","targetHints":{"allow":["GET"]}}],"collection":[{"href":"https:\/\/archivioturi.lavocedelpaese.info\/index.php\/wp-json\/wp\/v2\/posts"}],"about":[{"href":"https:\/\/archivioturi.lavocedelpaese.info\/index.php\/wp-json\/wp\/v2\/types\/post"}],"author":[{"embeddable":true,"href":"https:\/\/archivioturi.lavocedelpaese.info\/index.php\/wp-json\/wp\/v2\/users\/1"}],"replies":[{"embeddable":true,"href":"https:\/\/archivioturi.lavocedelpaese.info\/index.php\/wp-json\/wp\/v2\/comments?post=15882"}],"version-history":[{"count":0,"href":"https:\/\/archivioturi.lavocedelpaese.info\/index.php\/wp-json\/wp\/v2\/posts\/15882\/revisions"}],"wp:attachment":[{"href":"https:\/\/archivioturi.lavocedelpaese.info\/index.php\/wp-json\/wp\/v2\/media?parent=15882"}],"wp:term":[{"taxonomy":"category","embeddable":true,"href":"https:\/\/archivioturi.lavocedelpaese.info\/index.php\/wp-json\/wp\/v2\/categories?post=15882"},{"taxonomy":"post_tag","embeddable":true,"href":"https:\/\/archivioturi.lavocedelpaese.info\/index.php\/wp-json\/wp\/v2\/tags?post=15882"}],"curies":[{"name":"wp","href":"https:\/\/api.w.org\/{rel}","templated":true}]}}