{"id":15874,"date":"2018-10-01T14:12:54","date_gmt":"2018-10-01T14:12:54","guid":{"rendered":"https:\/\/archivioturi.lavocedelpaese.info\/index.php\/2018\/10\/01\/qun-busto-per-sandro-pertiniq\/"},"modified":"2018-10-01T14:12:54","modified_gmt":"2018-10-01T14:12:54","slug":"qun-busto-per-sandro-pertiniq","status":"publish","type":"post","link":"https:\/\/archivioturi.lavocedelpaese.info\/index.php\/2018\/10\/01\/qun-busto-per-sandro-pertiniq\/","title":{"rendered":"&#8220;Un busto per Sandro Pertini&#8221;"},"content":{"rendered":"<p><img loading=\"lazy\" decoding=\"async\" src=\"https:\/\/farm2.staticflickr.com\/1880\/44833709061_28c31534f8_n.jpg\" alt=\"L'anteprima del busto ancora in lavorazione\" width=\"256\" height=\"320\" \/><\/p>\n<p style=\"text-align: center;\"><strong>Il prossimo 2 ottobre un&#8217;intera giornata per celebrare il &#8220;Presidente partigiano&#8221;<\/strong><\/p>\n<p style=\"text-align: justify;\">L&#8217;8 luglio del 1978 Sandro Pertini, dopo 15 scrutini andati a vuoto, divenne il settimo Presidente della Repubblica Italiana, riscuotendo la pi\u00f9 larga maggioranza della storia (832 voti su 995).<\/p>\n<p style=\"text-align: justify;\">Nel 40esimo Anniversario della sua elezione, l&#8217;Associazione &#8220;Movimento Diritti Civili di Puglia&#8221;, presieduta da Enzo Bonavita, ha organizzato un&#8217;intera giornata celebrativa, in collaborazione con la Fondazione Di Vagno, prevista il prossimo 2 ottobre.<\/p>\n<p style=\"text-align: justify;\">Numerosi i patrocini finora ricevuti dall&#8217;iniziativa, tra cui quello della Regione Puglia, del Consiglio Regionale della Puglia, della Citt\u00e0 Metropolitana di Bari e dei Comuni di Turi e Stella (citt\u00e0 natale di Pertini).<\/p>\n<p style=\"text-align: justify;\">&nbsp;<\/p>\n<p style=\"text-align: justify;\"><strong>Pertini ritorna accanto a Gramsci<\/strong><\/p>\n<p style=\"text-align: justify;\">Il programma dell&#8217;evento abbraccia tre citt\u00e0 e partir\u00e0 proprio dalla Casa Circondariale di Turi, dove Pertini fu recluso dal 10 dicembre del 1930 al novembre del 1931, avendo la possibilit\u00e0 di stringere un profondo rapporto di amicizia con Antonio Gramsci.<\/p>\n<p style=\"text-align: justify;\">Dopo i saluti istituzionali, verr\u00e0 scoperto il busto (<em><strong>nella foto di apertura, in&nbsp; fase di lavorazione<\/strong><\/em>) realizzato dall&#8217;artista putignanese Antonella Dibello. Sulle note del Maestro trombettista Nello Salza dell&#8217;orchestra &#8220;E. Morricone&#8221;, la scultura sar\u00e0 adagiata accanto a quella che ritrae Gramsci, rinsaldando virtualmente il loro sodalizio intellettuale.<\/p>\n<p style=\"text-align: justify;\">Al ricordo dell&#8217;esperienza detentiva di Pertini da parte di Gianvito Mastroleo, presidente della Fondazione Di Vagno, seguir\u00e0 la collocazione di una lapide commemorativa sulla facciata della Casa penale. La tappa turese sar\u00e0 conclusa dall&#8217;intervento dello storico Antonio Leuzzi, presidente dell&#8217;Istituto Pugliese per la Storia dell&#8217;Antifascismo e dell&#8217;Italia Contemporanea.<\/p>\n<p style=\"text-align: justify;\">&nbsp;<\/p>\n<p style=\"text-align: justify;\"><strong>Da Turi a Bari<\/strong><\/p>\n<p style=\"text-align: justify;\">Alle ore 12.00 ci si sposter\u00e0 a Carbonara, dove una piazzetta del IV Municipio verr\u00e0 dedicata al &#8220;Presidente partigiano&#8221;. E infine la manifestazione approder\u00e0 a Bari: il Palazzo della Citt\u00e0 Metropolitana ospiter\u00e0 la Lectio Magistralis del prof. Maurizio degl&#8217;Innocenti, presidente Istituto Studi Storici &#8220;F. Turati&#8221; e dell&#8217;Associazione &#8220;S. Pertini&#8221; di Firenze, la proiezione del film &#8220;Mi mancherai. Ricordo di S. Pertini&#8221;, girato dal regista Vittorio Giacci, e la mostra documentaria &#8220;Sandro Pertini e la Bandiera italiana&#8221;, che rientrer\u00e0 in un pi\u00f9 ampio programma dedicato alla scuole della Terra di Bari.<\/p>\n<p style=\"text-align: justify;\">L&#8217;obiettivo dell&#8217;iniziativa mira alla sensibilizzazione, soprattutto delle nuove generazioni, ai valori ispiratori che hanno caratterizzato l&#8217;intera esistenza di Sandro Pertini che, il 2 marzo 1980, in occasione della sua visita nel nostro paese, ricevette l&#8217;onorificenza di Cittadino Onorario di Turi per &#8220;aver dedicato tutta la vita alla libert\u00e0 e alla democrazia del popolo italiano&#8221;.<\/p>\n<p><img loading=\"lazy\" decoding=\"async\" src=\"https:\/\/farm2.staticflickr.com\/1940\/44977638771_25724e8409_c.jpg\" alt=\"Pertini Turi\" style=\"display: block; margin-left: auto; margin-right: auto;\" width=\"560\" height=\"800\" \/><\/p>\n","protected":false},"excerpt":{"rendered":"<p><img loading=\"lazy\" decoding=\"async\" src=\"https:\/\/farm2.staticflickr.com\/1880\/44833709061_28c31534f8_n.jpg\" alt=\"L'anteprima del busto ancora in lavorazione\" width=\"256\" height=\"320\" \/><\/p>\n","protected":false},"author":1,"featured_media":0,"comment_status":"open","ping_status":"closed","sticky":false,"template":"","format":"standard","meta":{"colormag_page_container_layout":"default_layout","colormag_page_sidebar_layout":"default_layout","footnotes":""},"categories":[6],"tags":[],"class_list":["post-15874","post","type-post","status-publish","format-standard","hentry","category-cultura"],"_links":{"self":[{"href":"https:\/\/archivioturi.lavocedelpaese.info\/index.php\/wp-json\/wp\/v2\/posts\/15874","targetHints":{"allow":["GET"]}}],"collection":[{"href":"https:\/\/archivioturi.lavocedelpaese.info\/index.php\/wp-json\/wp\/v2\/posts"}],"about":[{"href":"https:\/\/archivioturi.lavocedelpaese.info\/index.php\/wp-json\/wp\/v2\/types\/post"}],"author":[{"embeddable":true,"href":"https:\/\/archivioturi.lavocedelpaese.info\/index.php\/wp-json\/wp\/v2\/users\/1"}],"replies":[{"embeddable":true,"href":"https:\/\/archivioturi.lavocedelpaese.info\/index.php\/wp-json\/wp\/v2\/comments?post=15874"}],"version-history":[{"count":0,"href":"https:\/\/archivioturi.lavocedelpaese.info\/index.php\/wp-json\/wp\/v2\/posts\/15874\/revisions"}],"wp:attachment":[{"href":"https:\/\/archivioturi.lavocedelpaese.info\/index.php\/wp-json\/wp\/v2\/media?parent=15874"}],"wp:term":[{"taxonomy":"category","embeddable":true,"href":"https:\/\/archivioturi.lavocedelpaese.info\/index.php\/wp-json\/wp\/v2\/categories?post=15874"},{"taxonomy":"post_tag","embeddable":true,"href":"https:\/\/archivioturi.lavocedelpaese.info\/index.php\/wp-json\/wp\/v2\/tags?post=15874"}],"curies":[{"name":"wp","href":"https:\/\/api.w.org\/{rel}","templated":true}]}}