{"id":15873,"date":"2018-09-27T09:04:22","date_gmt":"2018-09-27T09:04:22","guid":{"rendered":"https:\/\/archivioturi.lavocedelpaese.info\/index.php\/2018\/09\/27\/in-alto-i-calici-ritorna-bacco-per-bacco\/"},"modified":"2018-09-27T09:04:22","modified_gmt":"2018-09-27T09:04:22","slug":"in-alto-i-calici-ritorna-bacco-per-bacco","status":"publish","type":"post","link":"https:\/\/archivioturi.lavocedelpaese.info\/index.php\/2018\/09\/27\/in-alto-i-calici-ritorna-bacco-per-bacco\/","title":{"rendered":"In alto i calici, ritorna Bacco per Bacco"},"content":{"rendered":"<p><img loading=\"lazy\" decoding=\"async\" src=\"https:\/\/farm2.staticflickr.com\/1871\/44112908314_eba962a45e_n.jpg\" alt=\"Lorenzo e Gianfranco Simone\" width=\"320\" height=\"317\" \/><\/p>\n<p style=\"text-align: center;\"><strong>I fratelli Simone promettono &#8220;la pi\u00f9 grande edizione di Bacco per Bacco mai realizzata&#8221;<\/strong><\/p>\n<p style=\"text-align: justify;\">Fervono i preparativi della sesta edizione di Bacco per Bacco, la Sagra del Vino Primitivo DOP e del Melograno organizzata dall&#8217;associazione Turpuglia.<\/p>\n<p style=\"text-align: justify;\">Anche quest&#8217;anno i fratelli Gianfranco e Lorenzo Simone si stanno impegnando per realizzare al meglio l&#8217;appuntamento pi\u00f9 atteso dell&#8217;autunno turese, mettendo in piedi un percorso enogastronomico, ambientato nel nostro meraviglio centro storico, capace di riscoprire tradizioni e sapori antichi, senza dimenticare l&#8217;obiettivo principale: unire la valorizzazione dei prodotti della nostra terra alla giusta dose di divertimento.<\/p>\n<p style=\"text-align: justify;\">La fase organizzativa sta presentando qualche difficolt\u00e0, soprattutto per l&#8217;assenza di un assessorato alla cultura con cui coordinarsi. Tuttavia i fratelli Simone non si fanno scoraggiare e, supportati dall&#8217;entusiasmo dei tanti sostenitori della manifestazione, sono determinati a regalarci la &#8220;pi\u00f9 grande edizione di Bacco per Bacco mai realizzata&#8221;.<\/p>\n<p style=\"text-align: justify;\">&nbsp;<\/p>\n<p style=\"text-align: justify;\"><strong>Come procede l&#8217;allestimento della sesta edizione? Avete gi\u00e0 fissato le date?<\/strong><\/p>\n<p style=\"text-align: justify;\">\u00abL&#8217;organizzazione procede spedita, abbiamo iniziato a raccogliere le adesioni degli standisti che stanno arrivando pi\u00f9 numerose del previsto, a testimonianza che oramai il brand Bacco per Bacco \u00e8 ampiamente conosciuto in tutta la Regione. L&#8217;evento si svolger\u00e0 il prossimo 27 e 28 ottobre, abbiamo reso note le date questa settimana e dobbiamo dire che siamo pi\u00f9 che soddisfatti dalla reazione positiva del pubblico\u00bb.<\/p>\n<p style=\"text-align: justify;\">&nbsp;<\/p>\n<p style=\"text-align: justify;\"><strong>L&#8217;assenza di un&#8217;Amministrazione sta rendendo pi\u00f9 complessa la fase organizzativa?<\/strong><\/p>\n<p style=\"text-align: justify;\">\u00abCertamente l&#8217;Amministrazione comunale negli anni scorsi ha contribuito ad aiutarci nell&#8217;organizzazione della manifestazione. Non neghiamo che l&#8217;assenza di un assessorato con cui confrontarci, in un primo momento, ha messo a repentaglio l&#8217;evento: ci siamo chiesti se valesse la pena continuare, dovendo fronteggiare mille ostacoli senza alcun supporto economico e logistico. Alla fine ci siamo fatti coraggio e abbiamo deciso di gettare il cuore oltre l&#8217;ostacolo: quest&#8217;anno Bacco per Bacco sar\u00e0 interamente autofinanziato. La mancanza dell&#8217;Amministrazione sta anche rallentando leggermente la realizzazione delle pratiche burocratiche, ma siamo fiduciosi di ricevere il giusto supporto da parte degli enti preposti quanto prima\u00bb.<\/p>\n<p style=\"text-align: justify;\"><strong><br \/><\/strong><\/p>\n<p style=\"text-align: justify;\"><strong>Nelle scorse edizioni Turpuglia ha saputo fare squadra, coinvolgendo diverse realt\u00e0 associative e commerciali turesi. Anche quest&#8217;anno avete puntato su questa sinergia?<\/strong><\/p>\n<p style=\"text-align: justify;\">\u00abAssolutamente s\u00ec. Come ogni anno l&#8217;associazione &#8220;I vecchi tempi&#8221; sar\u00e0 il nostro partner privilegiato; proseguiremo anche la collaborazione con la Nuova Pro Loco di Turi, un&#8217;alleanza che si dimostra sempre pi\u00f9 strategica. Non escludiamo la possibilit\u00e0 di stringere ulteriori sodalizi con altre realt\u00e0 associative che vogliano dare il proprio contributo alla realizzazione dell&#8217;evento\u00bb.<\/p>\n<p style=\"text-align: justify;\"><strong><br \/><\/strong><\/p>\n<p style=\"text-align: justify;\"><strong>Oltre al vino, quali saranno le altre specialit\u00e0 gastronomiche che si potranno assaporare passeggiando per il borgo antico?<\/strong><\/p>\n<p style=\"text-align: justify;\">\u00abCome da consuetudine i protagonisti dell&#8217;evento saranno il Vino Primitivo DOP e la Melagrana Pugliese, due prodotti che rappresentano la nostra terra e la nostra regione a livello internazionale. Non mancheranno le specialit\u00e0 gastronomiche turesi come le &#8220;tronere&#8221;, il caciocavallo impiccato, i panzerotti ed i primi gourmet. Inoltre, l&#8217;animazione che stiamo programmando punter\u00e0 a rinnovare quel favoloso mix tra familiarit\u00e0 e tradizione, creando un percorso che sappia sfruttare la bellezza delle vie e delle piazze del nostro centro storico. Siamo certi che sapremo soddisfare appieno le attese di tutti i nostri visitatori\u00bb.<\/p>\n<p style=\"text-align: justify;\"><strong><br \/><\/strong><\/p>\n<p style=\"text-align: justify;\"><strong>Qualche anticipazione sulle novit\u00e0 di questa edizione?<\/strong><\/p>\n<p style=\"text-align: justify;\">\u00abNon vorremmo anticiparvi troppo&#8230; Sappiate per\u00f2 che le novit\u00e0 saranno davvero davvero tante! Certamente verr\u00e0 ricordata come la pi\u00f9 grande edizione di Bacco per Bacco mai realizzata da Turpuglia\u00bb.<\/p>\n","protected":false},"excerpt":{"rendered":"<p><img loading=\"lazy\" decoding=\"async\" src=\"https:\/\/farm2.staticflickr.com\/1871\/44112908314_eba962a45e_n.jpg\" alt=\"Lorenzo e Gianfranco Simone\" width=\"320\" height=\"317\" \/><\/p>\n","protected":false},"author":1,"featured_media":0,"comment_status":"open","ping_status":"closed","sticky":false,"template":"","format":"standard","meta":{"colormag_page_container_layout":"default_layout","colormag_page_sidebar_layout":"default_layout","footnotes":""},"categories":[6],"tags":[],"class_list":["post-15873","post","type-post","status-publish","format-standard","hentry","category-cultura"],"_links":{"self":[{"href":"https:\/\/archivioturi.lavocedelpaese.info\/index.php\/wp-json\/wp\/v2\/posts\/15873","targetHints":{"allow":["GET"]}}],"collection":[{"href":"https:\/\/archivioturi.lavocedelpaese.info\/index.php\/wp-json\/wp\/v2\/posts"}],"about":[{"href":"https:\/\/archivioturi.lavocedelpaese.info\/index.php\/wp-json\/wp\/v2\/types\/post"}],"author":[{"embeddable":true,"href":"https:\/\/archivioturi.lavocedelpaese.info\/index.php\/wp-json\/wp\/v2\/users\/1"}],"replies":[{"embeddable":true,"href":"https:\/\/archivioturi.lavocedelpaese.info\/index.php\/wp-json\/wp\/v2\/comments?post=15873"}],"version-history":[{"count":0,"href":"https:\/\/archivioturi.lavocedelpaese.info\/index.php\/wp-json\/wp\/v2\/posts\/15873\/revisions"}],"wp:attachment":[{"href":"https:\/\/archivioturi.lavocedelpaese.info\/index.php\/wp-json\/wp\/v2\/media?parent=15873"}],"wp:term":[{"taxonomy":"category","embeddable":true,"href":"https:\/\/archivioturi.lavocedelpaese.info\/index.php\/wp-json\/wp\/v2\/categories?post=15873"},{"taxonomy":"post_tag","embeddable":true,"href":"https:\/\/archivioturi.lavocedelpaese.info\/index.php\/wp-json\/wp\/v2\/tags?post=15873"}],"curies":[{"name":"wp","href":"https:\/\/api.w.org\/{rel}","templated":true}]}}