{"id":15872,"date":"2018-09-27T06:21:34","date_gmt":"2018-09-27T06:21:34","guid":{"rendered":"https:\/\/archivioturi.lavocedelpaese.info\/index.php\/2018\/09\/27\/qturi-ha-bisogno-di-ordine-e-buonsensoq\/"},"modified":"2018-09-27T06:21:34","modified_gmt":"2018-09-27T06:21:34","slug":"qturi-ha-bisogno-di-ordine-e-buonsensoq","status":"publish","type":"post","link":"https:\/\/archivioturi.lavocedelpaese.info\/index.php\/2018\/09\/27\/qturi-ha-bisogno-di-ordine-e-buonsensoq\/","title":{"rendered":"&#8220;Turi ha bisogno di ordine e buonsenso&#8221;"},"content":{"rendered":"<p><img loading=\"lazy\" decoding=\"async\" src=\"https:\/\/farm1.staticflickr.com\/865\/27876687688_20df3af8a3_n.jpg\" alt=\"Angelo Palmisano\" width=\"320\" height=\"320\" \/><\/p>\n<p style=\"text-align: center;\"><strong>Angelo Palmisano (Forza Italia) auspica una &#8220;lista fatta di persone e non di numeri&#8221; e indica le cinque priorit\u00e0 del programma per le prossime amministrative<\/strong><\/p>\n<p style=\"text-align: justify;\">&nbsp;<\/p>\n<p style=\"text-align: justify;\">\u00abTuri ha bisogno di avere un ordine, un controllo maggiore. Non ci sono problemi eclatanti sotto il profilo strutturale, servirebbe solo un po&#8217; di buonsenso che porti a capire che la gente vuole vivere in maniera decorosa\u00bb. Questo il punto di vista di Angelo Palmisano, imprenditore militante in Forza Italia gi\u00e0 assessore durante il governo Resta, che abbiamo intervistato per sondare le reazioni alla nomina di Natalino Ventrella come responsabile del Dipartimento Enti Locali; un&#8217; investitura dall&#8217;alto che pare abbia creato qualche malumore all&#8217;interno degli iscritti al circolo locale e dei simpatizzanti.<\/p>\n<p style=\"text-align: justify;\">Dopo averci assicurato che le sue perplessit\u00e0 sull&#8217;incarico di Ventrella non riguardano la persona ma la &#8220;modalit\u00e0&#8221;, Palmisano ha messo in chiaro il percorso che il centrodestra dovrebbe intraprendere per riorganizzarsi in vista dell&#8217;appuntamento con le urne.<\/p>\n<p style=\"text-align: justify;\">Come Paolo Tundo, l&#8217;ex assessore abbraccia la prospettiva di costruire un programma condiviso, andando oltre i simboli e le appartenenze partitiche. In pi\u00f9, forte degli insegnamenti di due precedenti campagne elettorali, auspica che per le prossime amministrative ci sia la maturit\u00e0 politica, e la lungimiranza, di abbandonare le logiche numeriche che da sempre guidano la formazione delle liste. Ai calcoli algebrici su chi &#8220;porta&#8221; pi\u00f9 voti, Palmisano suggerisce di sostituire l&#8217;affinit\u00e0 d&#8217;intenti di un gruppo di persone che condivida in maniera leale e coerente un&#8217;idea di futuro.<\/p>\n<p style=\"text-align: justify;\"><strong><br \/><\/strong><\/p>\n<p style=\"text-align: justify;\"><strong>Un suo parere sulla nomina di Ventrella a responsabile del Dipartimento Enti Locali?<\/strong><\/p>\n<p style=\"text-align: justify;\">\u00abHo appreso dell&#8217;incarico di Natalino Ventrella da un comunicato che Forza Italia ha diramato nei giorni scorsi. Non ho ancora avuto modo di parlarci ma per me questa nomina \u00e8 come tante altre: non discuto il nome bens\u00ec il metodo. Saremmo stati pi\u00f9 contenti se il circolo locale fosse stato informato prima, tuttavia devo ammettere che non \u00e8 una modalit\u00e0 nuova\u00bb.<\/p>\n<p style=\"text-align: justify;\"><strong><br \/><\/strong><\/p>\n<p style=\"text-align: justify;\"><strong>Ci sono stati altri precedenti in cui il circolo locale \u00e8 stato &#8220;scavalcato&#8221;?<\/strong><\/p>\n<p style=\"text-align: justify;\">\u00abTutte le nomine vengono stabilite a Bari e spesso i referenti locali sono gli ultimi a saperlo\u00bb.<\/p>\n<p style=\"text-align: justify;\"><strong><br \/><\/strong><\/p>\n<p style=\"text-align: justify;\"><strong>Condivide la visione di un centrodestra unito in una lista civica trasversale?<\/strong><\/p>\n<p style=\"text-align: justify;\">\u00abLa mia idea, che ho gi\u00e0 espresso al coordinatore Paolo Tundo, \u00e8 di puntare su un programma che sia snello, fattibile e soprattutto condiviso da quelli che saranno i protagonisti della prossima tornata elettorale.<\/p>\n<p style=\"text-align: justify;\">Mi farebbe piacere non avere una lista fatta di numeri ma di persone. Nelle due campagne elettorali che ho vissuto, la formazione delle liste ha seguito pi\u00f9 o meno la stessa logica: si \u00e8 preso un programma, a volte frutto di un copia e incolla, si \u00e8 fatto un conto algebrico delle potenzialit\u00e0 dell&#8217;uno o dell&#8217;altro candidato e, in virt\u00f9 di quelle potenzialit\u00e0, si \u00e8 definita la lista. Il mio auspicio \u00e8 che non si faccia pi\u00f9 una sterile somma algebrica, bens\u00ec si condivida un&#8217;idea di futuro, un programma che sia considerato da tutti la stella polare.<\/p>\n<p style=\"text-align: justify;\">Del resto, abbiamo alle spalle due amministrazioni, compreso quella a cui ho preso parte come assessore, che sono state commissariate. Serve un po&#8217; di autocritica e, sulla scorta degli aspetti negativi del passato, tutti dovremmo essere pronti a ripartire, mettendo da parte lo spirito di protagonismo e il bene personale e ragionando solo su quello di cui questo paese ha bisogno\u00bb.<\/p>\n<p style=\"text-align: justify;\"><strong><br \/><\/strong><\/p>\n<p style=\"text-align: justify;\"><strong>Dopo l&#8217;attacco frontale al coordinatore Tundo, in questo progetto c&#8217;\u00e8 spazio anche per Fratelli d&#8217;Italia?<\/strong><\/p>\n<p style=\"text-align: justify;\">\u00abLe polemiche sono fini a se stesse, non hanno mai portato vantaggi n\u00e9 a chi le subisce n\u00e9 a chi le provoca. Come dicevo prima, occorre avere la lungimiranza di andare oltre, azzerare tutto e partire dall&#8217;idea di che cosa si vuole fare per il paese. Poste le basi di questo progetto, se lo si condivide, ben venga la collaborazione di tutti; se ci sono altre visioni, si percorreranno strade differenti. Ad ogni modo, Fratelli d&#8217;Italia ha sicuramente un modo di comunicare forte, tuttavia, conoscendo alcuni esponenti come Sandro Laera, non credo sia un gruppo &#8220;estremista&#8221;\u00bb.<\/p>\n<p style=\"text-align: justify;\">&nbsp;<\/p>\n<p style=\"text-align: justify;\"><strong>In questa futura coalizione che ruolo pu\u00f2 giocare Michele Boccardi?<\/strong><\/p>\n<p style=\"text-align: justify;\">\u00abCome ci insegna la sapienza popolare, tutte le pietre sono buone per costruire un muretto. Boccardi \u00e8 una di quelle pietre, pu\u00f2 essere quella pi\u00f9 grossa, magari quella portante. Se l&#8217;obiettivo comune \u00e8 costruire un bel muretto, allora c&#8217;\u00e8 bisogno anche della sua figura\u00bb.<\/p>\n<p style=\"text-align: justify;\">&nbsp;<\/p>\n<p style=\"text-align: justify;\"><strong>Nel programma che andrete a discutere, quali sono le priorit\u00e0 da tenere a mente?<\/strong><\/p>\n<p style=\"text-align: justify;\">\u00abA mio parere, i punti su cui fondare un programma serio sono cinque.<\/p>\n<p style=\"text-align: justify;\">Il primo \u00e8 la riqualificazione di Turi, ovvero riportare bellezza ed ordine nel nostro paese; ridare decoro a tutte quelle aree che oggi vivono una situazione di degrado: dalle periferie al centro storico, senza dimenticare i parchi gioco per i bambini. Nel capitolo riqualificazione rientra chiaramente anche l&#8217;abbandono dei rifiuti, un fenomeno che va contrastato alla radice: se ci sono persone che buttano immondizia nelle campagne, o non sono registrate all&#8217;anagrafe e dunque non hanno accesso alle pattumelle, o sono &#8220;sporcaccioni&#8221; e allora devono pagare.<\/p>\n<p style=\"text-align: justify;\">La seconda priorit\u00e0 \u00e8 rimettere in funzione il campo sportivo, rilanciando lo sport e i suoi valori di aggregazione e sacrificio, importantissimi per la crescita dei nostri ragazzi.<\/p>\n<p style=\"text-align: justify;\">A seguire, \u00e8 necessario investire nella pubblica illuminazione, che oggi fa acqua dappertutto: oltre a vari quadri vandalizzati e mai messi in sicurezza, l&#8217;intero impianto \u00e8 obsoleto e fuori norma rispetto alle direttive sull&#8217;inquinamento luminoso. Un intervento che va di pari passo con l&#8217;installazione di un sistema di videosorveglianza, imprescindibile oggi per qualsiasi comune.<\/p>\n<p style=\"text-align: justify;\">Il quarto punto deve concentrarsi sul cimitero che versa in condizioni a dir poco pessime, intervenendo sulla realizzazione di nuovi lotti e sulla sistemazione dei preesistenti. Il quinto, infine, mira alla sistemazione della macchina amministrativa, programmando le nuove assunzioni in modo da avere forze sufficienti per rispondere adeguatamente alle esigenze del paese.<\/p>\n<p style=\"text-align: justify;\">Queste sono le linee guida che porterebbero a ripristinare una quotidianit\u00e0 decorosa, da qui si pu\u00f2 partire per costruire progetti a lungo termine che, per evitare che restino sogni o proposte, non possono prescindere da una stima realistica delle risorse della macchina amministrativa\u00bb.<\/p>\n","protected":false},"excerpt":{"rendered":"<p><img loading=\"lazy\" decoding=\"async\" src=\"https:\/\/farm1.staticflickr.com\/865\/27876687688_20df3af8a3_n.jpg\" alt=\"Angelo Palmisano\" width=\"320\" height=\"320\" \/><\/p>\n","protected":false},"author":1,"featured_media":0,"comment_status":"open","ping_status":"closed","sticky":false,"template":"","format":"standard","meta":{"colormag_page_container_layout":"default_layout","colormag_page_sidebar_layout":"default_layout","footnotes":""},"categories":[4],"tags":[],"class_list":["post-15872","post","type-post","status-publish","format-standard","hentry","category-politica"],"_links":{"self":[{"href":"https:\/\/archivioturi.lavocedelpaese.info\/index.php\/wp-json\/wp\/v2\/posts\/15872","targetHints":{"allow":["GET"]}}],"collection":[{"href":"https:\/\/archivioturi.lavocedelpaese.info\/index.php\/wp-json\/wp\/v2\/posts"}],"about":[{"href":"https:\/\/archivioturi.lavocedelpaese.info\/index.php\/wp-json\/wp\/v2\/types\/post"}],"author":[{"embeddable":true,"href":"https:\/\/archivioturi.lavocedelpaese.info\/index.php\/wp-json\/wp\/v2\/users\/1"}],"replies":[{"embeddable":true,"href":"https:\/\/archivioturi.lavocedelpaese.info\/index.php\/wp-json\/wp\/v2\/comments?post=15872"}],"version-history":[{"count":0,"href":"https:\/\/archivioturi.lavocedelpaese.info\/index.php\/wp-json\/wp\/v2\/posts\/15872\/revisions"}],"wp:attachment":[{"href":"https:\/\/archivioturi.lavocedelpaese.info\/index.php\/wp-json\/wp\/v2\/media?parent=15872"}],"wp:term":[{"taxonomy":"category","embeddable":true,"href":"https:\/\/archivioturi.lavocedelpaese.info\/index.php\/wp-json\/wp\/v2\/categories?post=15872"},{"taxonomy":"post_tag","embeddable":true,"href":"https:\/\/archivioturi.lavocedelpaese.info\/index.php\/wp-json\/wp\/v2\/tags?post=15872"}],"curies":[{"name":"wp","href":"https:\/\/api.w.org\/{rel}","templated":true}]}}