{"id":15867,"date":"2018-09-25T13:17:10","date_gmt":"2018-09-25T13:17:10","guid":{"rendered":"https:\/\/archivioturi.lavocedelpaese.info\/index.php\/2018\/09\/25\/furto-nella-chiesa-di-san-giovanni\/"},"modified":"2018-09-25T13:17:10","modified_gmt":"2018-09-25T13:17:10","slug":"furto-nella-chiesa-di-san-giovanni","status":"publish","type":"post","link":"https:\/\/archivioturi.lavocedelpaese.info\/index.php\/2018\/09\/25\/furto-nella-chiesa-di-san-giovanni\/","title":{"rendered":"Furto nella chiesa di San Giovanni"},"content":{"rendered":"<p><img loading=\"lazy\" decoding=\"async\" src=\"https:\/\/farm2.staticflickr.com\/1941\/43922170815_d7560531b3_n.jpg\" alt=\"furto candeliere san giovanni\" width=\"320\" height=\"240\" \/><\/p>\n<p style=\"text-align: justify;\">Nella notte tra luned\u00ec 17 e marted\u00ec 18 settembre, ignoti si sono introdotti nella chiesa di San Giovanni e, dopo aver forzato le cassette portamonete dei candelieri votivi, hanno sottratto le offerte.<\/p>\n<p style=\"text-align: justify;\">Marted\u00ec mattina, quando sono state aperte le porte della parrocchia, ci si \u00e8 trovati di fronte alla triste sorpresa e si \u00e8 provveduto ad allertare i Carabinieri di Turi. Giunti sul posto i militari, coadiuvati dalla Metronotte, hanno effettuato i primi accertamenti.<\/p>\n<p style=\"text-align: justify;\">La teoria di massima \u00e8 che si tratti di ladri &#8220;improvvisati&#8221; e non di un gruppo di professionisti. Difatti sono stati ignorati tutti i beni sacri in metallo prezioso che, per chi \u00e8 inserito nei circuiti di ricettazione del settore, garantiscono un guadagno sicuramente pi\u00f9 proficuo delle offerte dei fedeli.<\/p>\n<p style=\"text-align: justify;\">Sull&#8217;episodio indagano i Carabinieri di Turi, guidati dai Marescialli Castore e Mastromarino, dal momento che il Comandante Sacchetti \u00e8 stato dispiegato a Gibuti per una nuova missione di addestramento che durer\u00e0 fino a Natale. Non \u00e8 da escludere che i circuiti di videosorveglianza dei negozi limitrofi la chiesa possano aver ripreso i responsabili.<\/p>\n","protected":false},"excerpt":{"rendered":"<p><img loading=\"lazy\" decoding=\"async\" src=\"https:\/\/farm2.staticflickr.com\/1941\/43922170815_d7560531b3_n.jpg\" alt=\"furto candeliere san giovanni\" width=\"320\" height=\"240\" \/><\/p>\n","protected":false},"author":1,"featured_media":0,"comment_status":"open","ping_status":"closed","sticky":false,"template":"","format":"standard","meta":{"colormag_page_container_layout":"default_layout","colormag_page_sidebar_layout":"default_layout","footnotes":""},"categories":[8],"tags":[],"class_list":["post-15867","post","type-post","status-publish","format-standard","hentry","category-cronaca"],"_links":{"self":[{"href":"https:\/\/archivioturi.lavocedelpaese.info\/index.php\/wp-json\/wp\/v2\/posts\/15867","targetHints":{"allow":["GET"]}}],"collection":[{"href":"https:\/\/archivioturi.lavocedelpaese.info\/index.php\/wp-json\/wp\/v2\/posts"}],"about":[{"href":"https:\/\/archivioturi.lavocedelpaese.info\/index.php\/wp-json\/wp\/v2\/types\/post"}],"author":[{"embeddable":true,"href":"https:\/\/archivioturi.lavocedelpaese.info\/index.php\/wp-json\/wp\/v2\/users\/1"}],"replies":[{"embeddable":true,"href":"https:\/\/archivioturi.lavocedelpaese.info\/index.php\/wp-json\/wp\/v2\/comments?post=15867"}],"version-history":[{"count":0,"href":"https:\/\/archivioturi.lavocedelpaese.info\/index.php\/wp-json\/wp\/v2\/posts\/15867\/revisions"}],"wp:attachment":[{"href":"https:\/\/archivioturi.lavocedelpaese.info\/index.php\/wp-json\/wp\/v2\/media?parent=15867"}],"wp:term":[{"taxonomy":"category","embeddable":true,"href":"https:\/\/archivioturi.lavocedelpaese.info\/index.php\/wp-json\/wp\/v2\/categories?post=15867"},{"taxonomy":"post_tag","embeddable":true,"href":"https:\/\/archivioturi.lavocedelpaese.info\/index.php\/wp-json\/wp\/v2\/tags?post=15867"}],"curies":[{"name":"wp","href":"https:\/\/api.w.org\/{rel}","templated":true}]}}