{"id":15864,"date":"2018-09-25T10:55:17","date_gmt":"2018-09-25T10:55:17","guid":{"rendered":"https:\/\/archivioturi.lavocedelpaese.info\/index.php\/2018\/09\/25\/duecento-pellegrini-turesi-accolti-dal-papa\/"},"modified":"2018-09-25T10:55:17","modified_gmt":"2018-09-25T10:55:17","slug":"duecento-pellegrini-turesi-accolti-dal-papa","status":"publish","type":"post","link":"https:\/\/archivioturi.lavocedelpaese.info\/index.php\/2018\/09\/25\/duecento-pellegrini-turesi-accolti-dal-papa\/","title":{"rendered":"Duecento pellegrini turesi accolti dal Papa"},"content":{"rendered":"<p><img loading=\"lazy\" decoding=\"async\" src=\"https:\/\/farm2.staticflickr.com\/1920\/30960762698_79ec36ef25_n.jpg\" alt=\"Turi - Udienza Papa 2018 (8)\" width=\"320\" height=\"240\" \/><\/p>\n<p style=\"text-align: center;\"><strong>I fedeli, guidati da don Giovanni Amodio e don Giuseppe Dimaggio, <br \/>hanno portato in dono al pontefice il busto di Sant&#8217;Oronzo<\/strong><\/p>\n<p style=\"text-align: center;\"><strong><br \/><\/strong><\/p>\n<p style=\"text-align: justify;\">Nell&#8217;Udienza Generale del 19 settembre duecento pellegrini turesi sono stati accolti da papa Francesco. Guidati da don Giovanni Amodio e da don Giuseppe Dimaggio, i fedeli hanno intrapreso questo viaggio per ringraziare il Santo Padre per la concessione dell&#8217;Anno Giubilare Oronziano.<\/p>\n<p style=\"text-align: justify;\">Dopo aver partecipato alla solenne Concelebrazione Eucaristica nella Basilica di San Pietro, presieduta dal Cardinale Angelo Amato, il gruppo ha preso posto in piazza San Pietro per ascoltare le parole del pontefice che, continuando il ciclo di catechesi sui Comandamenti, ha incentrato la sua meditazione sul quarto comandamento:&#8221;Onora tuo padre e tua madre&#8221;.<\/p>\n<p style=\"text-align: justify;\">\u00abOnorare i genitori &#8211; ha esordito papa Francesco &#8211; porta ad una lunga vita felice. La parola \u201cfelicit\u00e0\u201d nel Decalogo compare solo legata alla relazione con i genitori.<\/p>\n<p style=\"text-align: justify;\">Questa sapienza pluri-millenaria dichiara ci\u00f2 che le scienze umane hanno saputo elaborare solo da poco pi\u00f9 di un secolo: che cio\u00e8 l\u2019impronta dell\u2019infanzia segna tutta la vita. Pu\u00f2 essere facile, spesso, capire se qualcuno \u00e8 cresciuto in un ambiente sano ed equilibrato. Ma altrettanto percepire se una persona viene da esperienze di abbandono o di violenza. La nostra infanzia \u00e8 un po\u2019 come un inchiostro indelebile, si esprime nei gusti, nei modi di essere, anche se alcuni tentano di nascondere le ferite delle proprie origini\u00bb.<\/p>\n<p style=\"text-align: justify;\">\u00abMa il quarto comandamento &#8211; ha proseguito il papa &#8211; dice di pi\u00f9 ancora. Non parla della bont\u00e0 dei genitori, non richiede che i padri e le madri siano perfetti. Parla di un atto dei figli, a prescindere dai meriti dei genitori, e dice una cosa straordinaria e liberante: anche se non tutti i genitori sono buoni e non tutte le infanzie sono serene, tutti i figli possono essere felici, perch\u00e9 il raggiungimento di una vita piena e felice dipende dalla giusta riconoscenza verso chi ci ha messo al mondo.<\/p>\n<p style=\"text-align: justify;\">Pensiamo a quanto questa Parola pu\u00f2 essere costruttiva per tanti giovani che vengono da storie di dolore e per tutti coloro che hanno patito nella propria giovinezza. Molti santi \u2013 e moltissimi cristiani \u2013 dopo un\u2019infanzia dolorosa hanno vissuto una vita luminosa, perch\u00e9, grazie a Ges\u00f9 Cristo, si sono riconciliati con la vita\u00bb.<\/p>\n<p style=\"text-align: justify;\">Impartita la Benedizione Apostolica, il pontefice \u00e8 salito a bordo della sua jeep ed ha voluto percorrere tutti i settori della piazza per salutare e benedire la folla. Tra le tante soste, fatte per accarezzare i bambini che gli venivano avvicinati dagli agenti della sicurezza o per dire una parola di sostegno ai malati, papa Francesco \u00e8 stato catturato dall&#8217;entusiasmo del gruppo turese che, per nulla scoraggiato dalla pioggia, \u00e8 riuscito a donare al Santo Padre il busto di Sant&#8217;Oronzo, appositamente realizzato da Daniela Angelillo.<\/p>\n<p style=\"text-align: justify;\">&nbsp;<\/p>\n<p style=\"text-align: left;\"><strong>Si ringrazia Rosanna Di Pinto per i preziosi scatti concessi.<br \/><\/strong><\/p>\n<p><object width=\"640\" height=\"480\" data=\"https:\/\/www.flickr.com\/apps\/slideshow\/show.swf?v=261948265\" type=\"application\/x-shockwave-flash\"><param name=\"flashvars\" value=\"offsite=true&amp;lang=it-it&amp;page_show_url=%2Fphotos%2F91470992%40N02%2Fsets%2F72157698374398582%2Fshow%2F&amp;page_show_back_url=%2Fphotos%2F91470992%40N02%2Fsets%2F72157698374398582%2F&amp;set_id=72157698374398582&amp;jump_to=0\" \/><param name=\"movie\" value=\"https:\/\/www.flickr.com\/apps\/slideshow\/show.swf?v=261948265\" \/><param name=\"allowFullScreen\" value=\"true\" \/><\/object><\/p>\n","protected":false},"excerpt":{"rendered":"<p><img loading=\"lazy\" decoding=\"async\" src=\"https:\/\/farm2.staticflickr.com\/1920\/30960762698_79ec36ef25_n.jpg\" alt=\"Turi - Udienza Papa 2018 (8)\" width=\"320\" height=\"240\" \/><\/p>\n","protected":false},"author":1,"featured_media":0,"comment_status":"open","ping_status":"closed","sticky":false,"template":"","format":"standard","meta":{"colormag_page_container_layout":"default_layout","colormag_page_sidebar_layout":"default_layout","footnotes":""},"categories":[6],"tags":[],"class_list":["post-15864","post","type-post","status-publish","format-standard","hentry","category-cultura"],"_links":{"self":[{"href":"https:\/\/archivioturi.lavocedelpaese.info\/index.php\/wp-json\/wp\/v2\/posts\/15864","targetHints":{"allow":["GET"]}}],"collection":[{"href":"https:\/\/archivioturi.lavocedelpaese.info\/index.php\/wp-json\/wp\/v2\/posts"}],"about":[{"href":"https:\/\/archivioturi.lavocedelpaese.info\/index.php\/wp-json\/wp\/v2\/types\/post"}],"author":[{"embeddable":true,"href":"https:\/\/archivioturi.lavocedelpaese.info\/index.php\/wp-json\/wp\/v2\/users\/1"}],"replies":[{"embeddable":true,"href":"https:\/\/archivioturi.lavocedelpaese.info\/index.php\/wp-json\/wp\/v2\/comments?post=15864"}],"version-history":[{"count":0,"href":"https:\/\/archivioturi.lavocedelpaese.info\/index.php\/wp-json\/wp\/v2\/posts\/15864\/revisions"}],"wp:attachment":[{"href":"https:\/\/archivioturi.lavocedelpaese.info\/index.php\/wp-json\/wp\/v2\/media?parent=15864"}],"wp:term":[{"taxonomy":"category","embeddable":true,"href":"https:\/\/archivioturi.lavocedelpaese.info\/index.php\/wp-json\/wp\/v2\/categories?post=15864"},{"taxonomy":"post_tag","embeddable":true,"href":"https:\/\/archivioturi.lavocedelpaese.info\/index.php\/wp-json\/wp\/v2\/tags?post=15864"}],"curies":[{"name":"wp","href":"https:\/\/api.w.org\/{rel}","templated":true}]}}