{"id":15862,"date":"2018-09-24T09:04:06","date_gmt":"2018-09-24T09:04:06","guid":{"rendered":"https:\/\/archivioturi.lavocedelpaese.info\/index.php\/2018\/09\/24\/tutti-in-classe\/"},"modified":"2018-09-24T09:04:06","modified_gmt":"2018-09-24T09:04:06","slug":"tutti-in-classe","status":"publish","type":"post","link":"https:\/\/archivioturi.lavocedelpaese.info\/index.php\/2018\/09\/24\/tutti-in-classe\/","title":{"rendered":"Tutti in classe"},"content":{"rendered":"<p><img loading=\"lazy\" decoding=\"async\" src=\"https:\/\/farm2.staticflickr.com\/1942\/44832609601_efc723a4fc_n.jpg\" alt=\"Turi - Primo giorno di scuola (2)\" width=\"320\" height=\"240\" \/><\/p>\n<p style=\"text-align: center;\"><strong>Suona la prima campanella per gli studenti turesi<\/strong><\/p>\n<p style=\"text-align: justify;\">Ogni inizio \u00e8 sempre un\u2019emozione. Che sia l&#8217;inizio di un nuovo percorso di vita, un nuovo lavoro, un nuovo amore. Ogni principio \u00e8 un fiume di sorrisi, speranze, attese, palpitazioni. E sono le emozioni le protagoniste di luned\u00ec 17 settembre che hanno diretto, con la prima campanella, l&#8217;orchestra scolastica nel nuovo anno 2018\/2019.<\/p>\n<p style=\"text-align: justify;\">Lacrime di gioia confuse ad ansie e paure si sono incontrate nella mattinata che dalle 8.00 circa ha visto studenti turesi varcare la soglia della loro nuova classe. Dall\u2019Ites \u201cPertini\u201d alla scuola secondaria di primo grado del comprensivo \u201cResta &#8211; De Donato Giannini\u201d i pi\u00f9 &#8220;grandi&#8221; hanno conosciuto subito le loro guide, lasciando a partire dalle 10.30, la trepidazione ai seienni.<\/p>\n<p style=\"text-align: justify;\">Tanti grembiulini blu, tra i colori vivaci e gli stemmi della \u201cscuola senza zaino\u201d, hanno assaporato in fretta il loro essere in un ambiente non pi\u00f9 infantile ma indirizzato nel mondo adulto.<\/p>\n<p style=\"text-align: justify;\">Emozionati, forse pi\u00f9 di loro, i genitori, che mano nella mano li hanno accompagnati verso questo nuovo inizio, un nuovo percorso, un nuovo sentiero che li condurr\u00e0 a imparare e crescere, a mettere da parte il gioco e prendere pi\u00f9 confidenza con i libri o i quaderni, un nuovo impegno che li vedr\u00e0 protagonisti per diversi anni della loro vita e li aiuter\u00e0 a conoscersi e comprendere quali saranno le strade da percorrere nella loro esistenza.<\/p>\n<p style=\"text-align: justify;\">Nuovi compagni e nuove insegnanti li guideranno in questo lungo nuovo viaggio della loro vita, come passeggeri di un ignoto aeroplano (Attila) percorreranno i primi sentieri della conoscenza spiccando il volo. E se le parole sono state solo l\u2019inizio di questa nuova avventura, saliti su un immaginario amico volante, classe dopo classe, sono stati guidati ad affrontare il metaforico viaggio della sapienza prima di procedere all\u2019ingresso in classe.<\/p>\n<p style=\"text-align: justify;\">Tutti i bambini, accolti dal dirigente scolastico, prof.ssa Patrizia Savino, e dalle docenti della Scuola Primaria, hanno lasciato le mani dei loro genitori ed hanno impugnato la volont\u00e0 di apprendere, sedendo cos\u00ec ai loro posti nelle nuove classi del primo anno di scuola primaria.<\/p>\n<p><object width=\"640\" height=\"480\" data=\"https:\/\/www.flickr.com\/apps\/slideshow\/show.swf?v=261948265\" type=\"application\/x-shockwave-flash\"><param name=\"flashvars\" value=\"offsite=true&amp;lang=it-it&amp;page_show_url=%2Fphotos%2F91470992%40N02%2Fsets%2F72157700012408301%2Fshow%2F&amp;page_show_back_url=%2Fphotos%2F91470992%40N02%2Fsets%2F72157700012408301%2F&amp;set_id=72157700012408301&amp;jump_to=0\" \/><param name=\"movie\" value=\"https:\/\/www.flickr.com\/apps\/slideshow\/show.swf?v=261948265\" \/><param name=\"allowFullScreen\" value=\"true\" \/><\/object><\/p>\n","protected":false},"excerpt":{"rendered":"<p><img loading=\"lazy\" decoding=\"async\" src=\"https:\/\/farm2.staticflickr.com\/1942\/44832609601_efc723a4fc_n.jpg\" alt=\"Turi - Primo giorno di scuola (2)\" width=\"320\" height=\"240\" \/><\/p>\n","protected":false},"author":1,"featured_media":0,"comment_status":"open","ping_status":"closed","sticky":false,"template":"","format":"standard","meta":{"colormag_page_container_layout":"default_layout","colormag_page_sidebar_layout":"default_layout","footnotes":""},"categories":[7],"tags":[],"class_list":["post-15862","post","type-post","status-publish","format-standard","hentry","category-attualita"],"_links":{"self":[{"href":"https:\/\/archivioturi.lavocedelpaese.info\/index.php\/wp-json\/wp\/v2\/posts\/15862","targetHints":{"allow":["GET"]}}],"collection":[{"href":"https:\/\/archivioturi.lavocedelpaese.info\/index.php\/wp-json\/wp\/v2\/posts"}],"about":[{"href":"https:\/\/archivioturi.lavocedelpaese.info\/index.php\/wp-json\/wp\/v2\/types\/post"}],"author":[{"embeddable":true,"href":"https:\/\/archivioturi.lavocedelpaese.info\/index.php\/wp-json\/wp\/v2\/users\/1"}],"replies":[{"embeddable":true,"href":"https:\/\/archivioturi.lavocedelpaese.info\/index.php\/wp-json\/wp\/v2\/comments?post=15862"}],"version-history":[{"count":0,"href":"https:\/\/archivioturi.lavocedelpaese.info\/index.php\/wp-json\/wp\/v2\/posts\/15862\/revisions"}],"wp:attachment":[{"href":"https:\/\/archivioturi.lavocedelpaese.info\/index.php\/wp-json\/wp\/v2\/media?parent=15862"}],"wp:term":[{"taxonomy":"category","embeddable":true,"href":"https:\/\/archivioturi.lavocedelpaese.info\/index.php\/wp-json\/wp\/v2\/categories?post=15862"},{"taxonomy":"post_tag","embeddable":true,"href":"https:\/\/archivioturi.lavocedelpaese.info\/index.php\/wp-json\/wp\/v2\/tags?post=15862"}],"curies":[{"name":"wp","href":"https:\/\/api.w.org\/{rel}","templated":true}]}}