{"id":15861,"date":"2018-09-24T06:20:06","date_gmt":"2018-09-24T06:20:06","guid":{"rendered":"https:\/\/archivioturi.lavocedelpaese.info\/index.php\/2018\/09\/24\/lauser-turi-protagonista-del-meeting-del-volontariato\/"},"modified":"2018-09-24T06:20:06","modified_gmt":"2018-09-24T06:20:06","slug":"lauser-turi-protagonista-del-meeting-del-volontariato","status":"publish","type":"post","link":"https:\/\/archivioturi.lavocedelpaese.info\/index.php\/2018\/09\/24\/lauser-turi-protagonista-del-meeting-del-volontariato\/","title":{"rendered":"L\u2019Auser Turi protagonista del &#8216;Meeting del Volontariato&#8217;"},"content":{"rendered":"<p><img loading=\"lazy\" decoding=\"async\" src=\"https:\/\/farm2.staticflickr.com\/1937\/44782921192_fec88ab20d_n.jpg\" alt=\"Auser Fiera 2018 (10)\" width=\"320\" height=\"224\" \/><\/p>\n<p style=\"text-align: justify;\">Il 16 settembre si \u00e8 concluso il Meeting del Volontariato, organizzato dal CSV San Nicola di Bari. Giunto alla sua undicesima edizione, l&#8217;evento si presenta come una tappa obbligata per il variegato mondo del volontariato, diventando una vetrina dell&#8217;operato delle tantissime associazioni che ogni giorno donano tempo ed energie alla collettivit\u00e0.<\/p>\n<p style=\"text-align: justify;\">Quest&#8217;anno il Meeting si \u00e8 svolto nella splendida cornice della Fiera del Levante, dove oltre 140 associazioni no profit si sono ritrovate sotto lo slogan &#8220;Fieri di esserci! Volontari del cambiamento&#8221;, dando vita ad un fitto programma di convegni, dibattiti e spazi ricreativi e culturali .<\/p>\n<p style=\"text-align: justify;\">Non poteva mancare all&#8217;appuntamento l\u2019Auser di Turi, da sempre impegnata nel rilancio di una progettualit\u00e0 culturale che punti alla costruzione di una societ\u00e0 fondata sui valori della reciprocit\u00e0, del dono e della fiducia.<\/p>\n<p style=\"text-align: justify;\">Il presidente Antonio Conte, accompagnato da una nutrita delegazione di soci, ha avuto modo di illustrare alle migliaia di persone che hanno visitato il padiglione 18, dedicato alle Onlus, il progetto dell\u2019invecchiamento attivo e in buona salute, che si concretizza in primis nell&#8217;impegno degli anziani nel sociale al fine di migliorare la qualit\u00e0 della vita dell&#8217;intera comunit\u00e0.<\/p>\n<p style=\"text-align: justify;\">L&#8217;associazione turese ha colto l&#8217;occasione per esporre e promuovere i corsi e i laboratori che i docenti volontari svolgeranno durante l&#8217;anno accademico 2018-2019. E tra le attivit\u00e0 in programma, quella che sicuramente appassiona di pi\u00f9 le Signore dell&#8217;Auser \u00e8 la pratica del ballo. A darne dimostrazione pratica ci ha pensato il maestro Stefano Lattarulo, uno dei docenti in forza all&#8217;associazione turese: insieme alle Socie Auser ha presentato un&#8217;esibizione di balli di gruppo, che alla fine ha coinvolto anche i visitatori presenti.<\/p>\n<p style=\"text-align: justify;\">Ancora una volta l&#8217;Auser Turi si \u00e8 distinta per la voglia e la capacit\u00e0 di mettersi in gioco, rappresentando il mondo del volontariato turese nella sua versione pi\u00f9 autentica; quella che, anche quando si spengono i riflettori, continua a lavorare, giorno dopo giorno, per migliorare la realt\u00e0 che ci circonda.<\/p>\n<p><object width=\"640\" height=\"480\" data=\"https:\/\/www.flickr.com\/apps\/slideshow\/show.swf?v=261948265\" type=\"application\/x-shockwave-flash\"><param name=\"flashvars\" value=\"offsite=true&amp;lang=it-it&amp;page_show_url=%2Fphotos%2F91470992%40N02%2Fsets%2F72157700012393181%2Fshow%2F&amp;page_show_back_url=%2Fphotos%2F91470992%40N02%2Fsets%2F72157700012393181%2F&amp;set_id=72157700012393181&amp;jump_to=0\" \/><param name=\"movie\" value=\"https:\/\/www.flickr.com\/apps\/slideshow\/show.swf?v=261948265\" \/><param name=\"allowFullScreen\" value=\"true\" \/><\/object><\/p>\n","protected":false},"excerpt":{"rendered":"<p><img loading=\"lazy\" decoding=\"async\" src=\"https:\/\/farm2.staticflickr.com\/1937\/44782921192_fec88ab20d_n.jpg\" alt=\"Auser Fiera 2018 (10)\" width=\"320\" height=\"224\" \/><\/p>\n","protected":false},"author":1,"featured_media":0,"comment_status":"open","ping_status":"closed","sticky":false,"template":"","format":"standard","meta":{"colormag_page_container_layout":"default_layout","colormag_page_sidebar_layout":"default_layout","footnotes":""},"categories":[6],"tags":[],"class_list":["post-15861","post","type-post","status-publish","format-standard","hentry","category-cultura"],"_links":{"self":[{"href":"https:\/\/archivioturi.lavocedelpaese.info\/index.php\/wp-json\/wp\/v2\/posts\/15861","targetHints":{"allow":["GET"]}}],"collection":[{"href":"https:\/\/archivioturi.lavocedelpaese.info\/index.php\/wp-json\/wp\/v2\/posts"}],"about":[{"href":"https:\/\/archivioturi.lavocedelpaese.info\/index.php\/wp-json\/wp\/v2\/types\/post"}],"author":[{"embeddable":true,"href":"https:\/\/archivioturi.lavocedelpaese.info\/index.php\/wp-json\/wp\/v2\/users\/1"}],"replies":[{"embeddable":true,"href":"https:\/\/archivioturi.lavocedelpaese.info\/index.php\/wp-json\/wp\/v2\/comments?post=15861"}],"version-history":[{"count":0,"href":"https:\/\/archivioturi.lavocedelpaese.info\/index.php\/wp-json\/wp\/v2\/posts\/15861\/revisions"}],"wp:attachment":[{"href":"https:\/\/archivioturi.lavocedelpaese.info\/index.php\/wp-json\/wp\/v2\/media?parent=15861"}],"wp:term":[{"taxonomy":"category","embeddable":true,"href":"https:\/\/archivioturi.lavocedelpaese.info\/index.php\/wp-json\/wp\/v2\/categories?post=15861"},{"taxonomy":"post_tag","embeddable":true,"href":"https:\/\/archivioturi.lavocedelpaese.info\/index.php\/wp-json\/wp\/v2\/tags?post=15861"}],"curies":[{"name":"wp","href":"https:\/\/api.w.org\/{rel}","templated":true}]}}