{"id":15851,"date":"2018-09-19T14:18:42","date_gmt":"2018-09-19T14:18:42","guid":{"rendered":"https:\/\/archivioturi.lavocedelpaese.info\/index.php\/2018\/09\/19\/larea-sgambatura-diventa-realta\/"},"modified":"2018-09-19T14:18:42","modified_gmt":"2018-09-19T14:18:42","slug":"larea-sgambatura-diventa-realta","status":"publish","type":"post","link":"https:\/\/archivioturi.lavocedelpaese.info\/index.php\/2018\/09\/19\/larea-sgambatura-diventa-realta\/","title":{"rendered":"L&#8217;area sgambatura diventa realt\u00e0"},"content":{"rendered":"<p><img loading=\"lazy\" decoding=\"async\" src=\"https:\/\/farm2.staticflickr.com\/1881\/43795253145_e6fa056bbd_n.jpg\" alt=\"Boschetto Zaccheo\" width=\"320\" height=\"240\" \/><\/p>\n<p style=\"text-align: center;\"><strong>Il Commissario approva una delibera per destinare una porzione del Boschetto Zaccheo agli amici a quattro zampe<\/strong><\/p>\n<p style=\"text-align: center;\"><strong><br \/><\/strong><\/p>\n<p style=\"text-align: justify;\">Dopo le tante sollecitazioni di Albino Malena e del gruppo MoBeD\u00ec, una porzione del Boschetto Zaccheo sar\u00e0 destinata ad area sgambatura cani.<\/p>\n<p style=\"text-align: justify;\">A stabilirlo \u00e8 la deliberazione del Commissario Cantadori, adottata lo scorso 7 settembre, in cui si legge che oltre al giardino di via Conversano, indicato dalla Giunta Coppi nel settembre 2017 , l&#8217;Amministrazione ha intenzione di offrire alla cittadinanza ulteriori spazi su cui portare a passeggio i propri cani. Ragion per cui \u00e8 stata individuata nell&#8217;area a verde denominata Boschetto Zaccheo la possibilit\u00e0 di dedicare una porzione della stessa a \u201csgambatura cani\u201d.<\/p>\n<p style=\"text-align: justify;\">Spetter\u00e0 ora al responsabile del Responsabile del Settore Lavori Pubblici predisporre, entro 30 giorni dall&#8217;approvazione delle delibera, un regolamento comunale per la gestione e la fruizione delle aree di sgambatura cani, che avverr\u00e0 senza alcun onere finanziario a carico degli utenti. Inoltre dovr\u00e0 provvedere all&#8217;esatta delimitazione della porzione del Boschetto che sar\u00e0 riservata agli amici a quattro zampe, disponendo l&#8217;installazione di un&#8217;apposita recinzione con cancello di ingresso e di idonei cestini per la raccolta delle deiezioni canine<\/p>\n<p style=\"text-align: justify;\">Infine, volendo contenere la spesa pubblica per la realizzazione dell&#8217;area, sar\u00e0 indetto un avviso pubblico per la ricerca di sponsor privati.<\/p>\n<p style=\"text-align: justify;\">&nbsp;<\/p>\n<p style=\"text-align: justify;\"><strong>I precedenti<\/strong><\/p>\n<p style=\"text-align: justify;\">Come vi abbiamo raccontato sulle nostre pagine, l&#8217;idea dell&#8217;area sgambatura era stata avanzata da Albino Malena gi\u00e0 all&#8217;ex Giunta Coppi, senza tuttavia trovare terreno fertile. Insediatosi il Commissario, Malena ha provato a riproporre il progetto, supportato dal gruppo MoBed\u00ec. &#8220;Un&#8217;idea inclusiva ed aperta a qualsiasi contributo&#8221; &#8211; come ha pi\u00f9 volte ribadito il titolare di Cucciolandia &#8211; che non avrebbe impedito in alcun modo l&#8217;uso dell&#8217;area da parte dei cittadini. Anzi, riqualificando il parco senza nessun costo pubblico, lo avrebbe sottratto al degrado.<\/p>\n<p style=\"text-align: justify;\">Dopo una raccolta firme a sostegno di questa proposta, lo scorso 12 luglio avveniva l&#8217;incontro con il dott. Cantadori in cui emergeva che il progetto non poteva essere concretizzato poich\u00e9 nella formulazione originaria veniva indicata la gestione dell&#8217;area in amministrazione condivisa, una dinamica che, proprio in virt\u00f9 dell&#8217;attuale commissariamento dell&#8217;Ente, non poteva essere giuridicamente perfezionata.<\/p>\n<p style=\"text-align: justify;\">Ad ogni modo, il Commissario si impegnava a trovare soluzioni alternative. Un impegno che, a distanza di due mesi, \u00e8 stato onorato.<\/p>\n","protected":false},"excerpt":{"rendered":"<p><img loading=\"lazy\" decoding=\"async\" src=\"https:\/\/farm2.staticflickr.com\/1881\/43795253145_e6fa056bbd_n.jpg\" alt=\"Boschetto Zaccheo\" width=\"320\" height=\"240\" \/><\/p>\n","protected":false},"author":1,"featured_media":0,"comment_status":"open","ping_status":"closed","sticky":false,"template":"","format":"standard","meta":{"colormag_page_container_layout":"default_layout","colormag_page_sidebar_layout":"default_layout","footnotes":""},"categories":[7],"tags":[],"class_list":["post-15851","post","type-post","status-publish","format-standard","hentry","category-attualita"],"_links":{"self":[{"href":"https:\/\/archivioturi.lavocedelpaese.info\/index.php\/wp-json\/wp\/v2\/posts\/15851","targetHints":{"allow":["GET"]}}],"collection":[{"href":"https:\/\/archivioturi.lavocedelpaese.info\/index.php\/wp-json\/wp\/v2\/posts"}],"about":[{"href":"https:\/\/archivioturi.lavocedelpaese.info\/index.php\/wp-json\/wp\/v2\/types\/post"}],"author":[{"embeddable":true,"href":"https:\/\/archivioturi.lavocedelpaese.info\/index.php\/wp-json\/wp\/v2\/users\/1"}],"replies":[{"embeddable":true,"href":"https:\/\/archivioturi.lavocedelpaese.info\/index.php\/wp-json\/wp\/v2\/comments?post=15851"}],"version-history":[{"count":0,"href":"https:\/\/archivioturi.lavocedelpaese.info\/index.php\/wp-json\/wp\/v2\/posts\/15851\/revisions"}],"wp:attachment":[{"href":"https:\/\/archivioturi.lavocedelpaese.info\/index.php\/wp-json\/wp\/v2\/media?parent=15851"}],"wp:term":[{"taxonomy":"category","embeddable":true,"href":"https:\/\/archivioturi.lavocedelpaese.info\/index.php\/wp-json\/wp\/v2\/categories?post=15851"},{"taxonomy":"post_tag","embeddable":true,"href":"https:\/\/archivioturi.lavocedelpaese.info\/index.php\/wp-json\/wp\/v2\/tags?post=15851"}],"curies":[{"name":"wp","href":"https:\/\/api.w.org\/{rel}","templated":true}]}}