{"id":1584,"date":"2010-03-05T09:18:26","date_gmt":"2010-03-05T09:18:26","guid":{"rendered":"https:\/\/archivioturi.lavocedelpaese.info\/index.php\/2010\/03\/05\/tra-storia-cultura-e-leggenda-del-primitivo\/"},"modified":"2010-03-05T09:18:26","modified_gmt":"2010-03-05T09:18:26","slug":"tra-storia-cultura-e-leggenda-del-primitivo","status":"publish","type":"post","link":"https:\/\/archivioturi.lavocedelpaese.info\/index.php\/2010\/03\/05\/tra-storia-cultura-e-leggenda-del-primitivo\/","title":{"rendered":"TRA STORIA, CULTURA E LEGGENDA DEL PRIMITIVO"},"content":{"rendered":"<div style=\"text-align: justify;\"><img loading=\"lazy\" decoding=\"async\" class=\" size-full wp-image-1583\" alt=\"primitivo\" src=\"https:\/\/archivioturi.lavocedelpaese.info\/wp-content\/uploads\/2010\/03\/primitivo.jpg\" height=\"150\" width=\"320\" srcset=\"https:\/\/archivioturi.lavocedelpaese.info\/wp-content\/uploads\/2010\/03\/primitivo.jpg 640w, https:\/\/archivioturi.lavocedelpaese.info\/wp-content\/uploads\/2010\/03\/primitivo-300x141.jpg 300w\" sizes=\"auto, (max-width: 320px) 100vw, 320px\" \/><\/div>\n<div style=\"text-align: justify;\"><\/div>\n<div style=\"text-align: justify;\"><span style=\"font-size: 10pt;\"><span style=\"font-family: verdana,geneva;\">La storia del primitivo si perde nella notte dei tempi. Giunto in Puglia con ogni probabilit\u00e0 dall&#8217;altra sponda dell&#8217;adriatico per mano degli Illiri, popolo della regione balcanica dedito alla coltivazione della vite, inizi\u00f2 ad essere commercializzato in tutto il mediterraneo dai fenici antichi frequentatori delle nostre coste. E quando i greci iniziarono a colonizzare il sud Italia (VII sec. a.C) diffondendo soprattutto in Campania e Lucania i loro vitigni a bacca nera, il vino ellenico (percussore dell&#8217;Aglianico) per quanto pregiato non penetr\u00f2 in Puglia. Prova ne \u00e8 il fatto che in epoca romana accanto alla parola &#8220;vinum&#8221; si utilizzava &#8220;merum&#8221; vinum, il vino aromatizzato con il miele, acqua, e resine varie; invece merum significava vino puro, sincero. Ebbene la parola &#8220;vinum&#8221; \u00e8 entrato in tutte le lingue indoeuropee, la parola merum \u00e8 rimasta nei dialetti pugliesi dove ancora oggi il buon vino si chiama &#8220;mjier&#8221; o mieru .<\/span><\/span><\/div>\n<p style=\"text-align: justify;\"><span style=\"font-size: 10pt;\"><span style=\"font-family: verdana,geneva;\">I primi documenti di questo straordinario vitigno risalgono alla seconda met\u00e0 del 1700, quando un uomo di chiesa, don Fancesco Filippo Indelicati, primicerio della chiesa di Gioia del Colle, not\u00f2 che tra tanti vitigni che si usava coltivare nelle sue vigne, ve n&#8217;era uno che giungeva a maturazione prima degli altri e dava un&#8217;uva particolarmente nera, dolce e gustosa che si poteva vendemmiare ad agosto. L&#8217;Indelicati selezion\u00f2 il vitigno che in quel tempo era chiamato zagarese, per poi denominarlo &#8220;primitivo&#8221;, termine derivante dal latino primativus.<\/span><\/span><\/p>\n<div style=\"text-align: justify;\"><\/div>\n<p style=\"text-align: justify;\"><span style=\"font-size: 10pt;\"><span style=\"font-family: verdana,geneva;\">Collegandoci alla origine, il suo D.N.A \u00e8 condiviso con il vitigno zinfandel (californiano) e con il vitigno croato plavac mali; quest&#8217;ultimo \u00e8 l&#8217;incrocio fra zinfantel e il vitigno croato dobricic.<\/span><\/span><\/p>\n<div style=\"text-align: justify;\"><\/div>\n<p style=\"text-align: justify;\"><span style=\"font-size: 10pt;\"><span style=\"font-family: verdana,geneva;\">Da alcune citazioni si pu\u00f2 dedurre con certezza che agli inizi del XIX secolo il primicerio don Francesco Filippi Indelicati e gli altri viticoltori, diffusero il primitivo di Gioia del Colle in terra di Bari e Brindisi e in terra d&#8217;Otranto (le odierne province di Taranto e Lecce). <br \/><\/span><\/span><\/p>\n<div style=\"text-align: justify;\"><\/div>\n<p style=\"text-align: justify;\"><span style=\"font-size: 10pt;\"><span style=\"font-family: verdana,geneva;\">Il primitivo venne introdotto il 1820 a Turi, Cassano M., S. Michele, Noci, Castellana Grotte.<\/span><\/span><\/p>\n<div style=\"text-align: justify;\"><\/div>\n<p style=\"text-align: justify;\"><span style=\"font-size: 10pt;\"><span style=\"font-family: verdana,geneva;\">Per evidenziare quale fosse la complessit\u00e0 della situazione vitivinicola barese, insieme al primitivo vitigno fondamentale, si coltivavano uva di troia, bombino nero, notardomenico, alleatico, amanera.<\/span><\/span><\/p>\n<div style=\"text-align: justify;\"><\/div>\n<p style=\"text-align: justify;\"><span style=\"font-size: 10pt;\"><span style=\"font-family: verdana,geneva;\">Vitigni bianchi: baresana,verdeca, fiano.<\/span><\/span><\/p>\n<div style=\"text-align: justify;\"><\/div>\n<p style=\"text-align: justify;\"><span style=\"font-size: 10pt;\"><span style=\"font-family: verdana,geneva;\">Se nelle Murge il primitivo inizi\u00f2 a brillare di luce propria, sar\u00e0 poi nelle soleggiate terre salentine ed in particolare in quelle circostanti, quali gli agri di Manduria e Maruggio, favorevoli al miglioramento delle sue qualit\u00e0. Quest&#8217;ultimo viaggio del primitivo lo si dovette alle nozze della contessina Sabini di Altamura e Don Tommaso Schiavoni-Tafuri di Manduria. La nobildonna infatti port\u00f2 dalla sua citt\u00e0 natale alcune barbatelle scelte dalla preziosa pianta, una specie di dote che il marito manduriano seppe sfruttare molto bene.<\/span><\/span><\/p>\n<div style=\"text-align: justify;\"><\/div>\n<p style=\"text-align: justify;\"><span style=\"font-size: 10pt;\"><span style=\"font-family: verdana,geneva;\">Questo quadro ampelografico rimase invariato fino agli albori del XX secolo quando si ebbe la distruzione della vite ad opera della filloxera. La fillossera, originaria dell&#8217;est degli stati uniti d&#8217;America, ha provocato una grave crisi della viticultura europea a partire dal 1863. Ci sono voluti trent&#8217;anni per superarla, ricorrendo all&#8217;innesto della vite europea su quella americana.<\/span><\/span><\/p>\n<div style=\"text-align: justify;\"><\/div>\n<p style=\"text-align: justify;\"><span style=\"font-size: 10pt;\"><span style=\"font-family: verdana,geneva;\">Nel 1869 in Francia, Victor Pulliat cre\u00f2 la societ\u00e0 regionale di viticultura di Lione e organizz\u00f2 delle conferenze e dei corsi di istruzione sulle radici resistenti per rigenerare i vitigni francesi attaccati dalla fillossera.<\/span><\/span><\/p>\n<div style=\"text-align: justify;\"><\/div>\n<p style=\"text-align: justify;\"><span style=\"font-size: 10pt;\"><span style=\"font-family: verdana,geneva;\">La situazione ampelografica nel 1908 nella provincia di Bari andava verso un graduale miglioramento: vennero coltivate le prime barbatelle con piede americano e nel 1912 inizi\u00f2 ad intensificarsi per merito di agricoltori con mentalit\u00e0 pi\u00f9 avanzata fra quali l&#8217;on Vito Luciani, sottosegretario di stato di Gioia del Colle (1910-11), e poi dopo la guerra mondiale Ministro delle terre liberate, il quale ricostru\u00ec i vigneti su piede americano scoprendo la resistenza alla filloxera diffondendo cos\u00ec la cultura monovarietale o quasi.<\/span><\/span><\/p>\n<div style=\"text-align: justify;\"><\/div>\n<p style=\"text-align: justify;\"><span style=\"font-family: verdana,geneva;\">E visto che il primitivo di Manduria era pi\u00f9 alcolico, corposo e di colore vellutato con riflessi violacei, i francesi scelsero proprio questo vino. Nacque cos\u00ec la vocazione al taglio del primitivi di Manduria, anche se pi\u00f9 che una vocazione, lo si dovrebbe definire un matrimonio d&#8217;interesse.<\/span><\/p>\n<p>\u00a0<\/p>\n<p>\u00a0<\/p>\n","protected":false},"excerpt":{"rendered":"<div style=\"text-align: justify;\"><img loading=\"lazy\" decoding=\"async\" class=\" size-full wp-image-1583\" alt=\"primitivo\" src=\"https:\/\/archivioturi.lavocedelpaese.info\/wp-content\/uploads\/2010\/03\/primitivo.jpg\" height=\"150\" width=\"320\" srcset=\"https:\/\/archivioturi.lavocedelpaese.info\/wp-content\/uploads\/2010\/03\/primitivo.jpg 640w, https:\/\/archivioturi.lavocedelpaese.info\/wp-content\/uploads\/2010\/03\/primitivo-300x141.jpg 300w\" sizes=\"auto, (max-width: 320px) 100vw, 320px\" \/><\/div>\n","protected":false},"author":1,"featured_media":1583,"comment_status":"open","ping_status":"closed","sticky":false,"template":"","format":"standard","meta":{"colormag_page_container_layout":"default_layout","colormag_page_sidebar_layout":"default_layout","footnotes":""},"categories":[6],"tags":[],"class_list":["post-1584","post","type-post","status-publish","format-standard","has-post-thumbnail","hentry","category-cultura"],"_links":{"self":[{"href":"https:\/\/archivioturi.lavocedelpaese.info\/index.php\/wp-json\/wp\/v2\/posts\/1584","targetHints":{"allow":["GET"]}}],"collection":[{"href":"https:\/\/archivioturi.lavocedelpaese.info\/index.php\/wp-json\/wp\/v2\/posts"}],"about":[{"href":"https:\/\/archivioturi.lavocedelpaese.info\/index.php\/wp-json\/wp\/v2\/types\/post"}],"author":[{"embeddable":true,"href":"https:\/\/archivioturi.lavocedelpaese.info\/index.php\/wp-json\/wp\/v2\/users\/1"}],"replies":[{"embeddable":true,"href":"https:\/\/archivioturi.lavocedelpaese.info\/index.php\/wp-json\/wp\/v2\/comments?post=1584"}],"version-history":[{"count":0,"href":"https:\/\/archivioturi.lavocedelpaese.info\/index.php\/wp-json\/wp\/v2\/posts\/1584\/revisions"}],"wp:featuredmedia":[{"embeddable":true,"href":"https:\/\/archivioturi.lavocedelpaese.info\/index.php\/wp-json\/wp\/v2\/media\/1583"}],"wp:attachment":[{"href":"https:\/\/archivioturi.lavocedelpaese.info\/index.php\/wp-json\/wp\/v2\/media?parent=1584"}],"wp:term":[{"taxonomy":"category","embeddable":true,"href":"https:\/\/archivioturi.lavocedelpaese.info\/index.php\/wp-json\/wp\/v2\/categories?post=1584"},{"taxonomy":"post_tag","embeddable":true,"href":"https:\/\/archivioturi.lavocedelpaese.info\/index.php\/wp-json\/wp\/v2\/tags?post=1584"}],"curies":[{"name":"wp","href":"https:\/\/api.w.org\/{rel}","templated":true}]}}