{"id":15830,"date":"2018-09-15T08:34:05","date_gmt":"2018-09-15T08:34:05","guid":{"rendered":"https:\/\/archivioturi.lavocedelpaese.info\/index.php\/2018\/09\/15\/antonio-furio-e-pasquale-cassano-ancora-in-biancoazzurro\/"},"modified":"2018-09-15T08:34:05","modified_gmt":"2018-09-15T08:34:05","slug":"antonio-furio-e-pasquale-cassano-ancora-in-biancoazzurro","status":"publish","type":"post","link":"https:\/\/archivioturi.lavocedelpaese.info\/index.php\/2018\/09\/15\/antonio-furio-e-pasquale-cassano-ancora-in-biancoazzurro\/","title":{"rendered":"Antonio Furio e Pasquale Cassano ancora in biancoazzurro"},"content":{"rendered":"<p><img loading=\"lazy\" decoding=\"async\" src=\"https:\/\/farm2.staticflickr.com\/1848\/44667319791_5cf7bc870d_n.jpg\" alt=\"Antonio Furio e Pasquale Cassano\" width=\"320\" height=\"203\" \/><\/p>\n<p style=\"text-align: justify;\">Arrivano altre importanti riconferme nelle fila dell\u2019Arr\u00e8 Formaggi Turi che prender\u00e0 parte al massimo torneo regionale di serie C maschile di volley. Il reparto interessato \u00e8 quello dei centrali che si avvarr\u00e0 delle prestazioni sottorete di Pasquale Cassano ed Antonio Furio.<\/p>\n<p style=\"text-align: justify;\"><strong>Pasquale Cassano<\/strong>, classe \u201991, lo scorso anno con la casacca numero dieci mentre quest\u2019anno ha scelto la numero uno, si \u00e8 guadagnato la riconferma a pieni voti per quanto fatto nel passato torneo grazie anche alla sua duttilit\u00e0 sia come centrale ma anche come opposto. L\u2019atleta di origine castellanese cresciuto nelle fila della Materdomini infatti ha mostrato lo spirito di sacrificio e di squadra ricoprendo il ruolo di opposto nel momento del bisogno, occorso in seguito all\u2019infortunio di Vito Dellino, rendendosi protagonista in positivo.<\/p>\n<p style=\"text-align: justify;\">Soddisfazione anche per la riconferma del numero nove biancoazzurro della passata stagione <strong>Antonio Furio<\/strong>, classe 1994. Il centrale, originario di Noicattaro, si \u00e8 guadagnato sul campo la permanenza con il lavoro e le prestazioni positive fornite soprattutto nella seconda parte della stagione quando, guadagnato il posto da titolare, ha stupito tutti disputando verosimilmente la sua migliore annata, crescendo col passare del tempo in termini di affidabilit\u00e0 e concretezza.<\/p>\n<p style=\"text-align: justify;\">Nei prossimi giorni la societ\u00e0 comunicher\u00e0 i primi importanti acquisti del mercato estivo.<\/p>\n","protected":false},"excerpt":{"rendered":"<p><img loading=\"lazy\" decoding=\"async\" src=\"https:\/\/farm2.staticflickr.com\/1848\/44667319791_5cf7bc870d_n.jpg\" alt=\"Antonio Furio e Pasquale Cassano\" width=\"320\" height=\"203\" \/><\/p>\n","protected":false},"author":1,"featured_media":0,"comment_status":"open","ping_status":"closed","sticky":false,"template":"","format":"standard","meta":{"colormag_page_container_layout":"default_layout","colormag_page_sidebar_layout":"default_layout","footnotes":""},"categories":[5],"tags":[],"class_list":["post-15830","post","type-post","status-publish","format-standard","hentry","category-sport"],"_links":{"self":[{"href":"https:\/\/archivioturi.lavocedelpaese.info\/index.php\/wp-json\/wp\/v2\/posts\/15830","targetHints":{"allow":["GET"]}}],"collection":[{"href":"https:\/\/archivioturi.lavocedelpaese.info\/index.php\/wp-json\/wp\/v2\/posts"}],"about":[{"href":"https:\/\/archivioturi.lavocedelpaese.info\/index.php\/wp-json\/wp\/v2\/types\/post"}],"author":[{"embeddable":true,"href":"https:\/\/archivioturi.lavocedelpaese.info\/index.php\/wp-json\/wp\/v2\/users\/1"}],"replies":[{"embeddable":true,"href":"https:\/\/archivioturi.lavocedelpaese.info\/index.php\/wp-json\/wp\/v2\/comments?post=15830"}],"version-history":[{"count":0,"href":"https:\/\/archivioturi.lavocedelpaese.info\/index.php\/wp-json\/wp\/v2\/posts\/15830\/revisions"}],"wp:attachment":[{"href":"https:\/\/archivioturi.lavocedelpaese.info\/index.php\/wp-json\/wp\/v2\/media?parent=15830"}],"wp:term":[{"taxonomy":"category","embeddable":true,"href":"https:\/\/archivioturi.lavocedelpaese.info\/index.php\/wp-json\/wp\/v2\/categories?post=15830"},{"taxonomy":"post_tag","embeddable":true,"href":"https:\/\/archivioturi.lavocedelpaese.info\/index.php\/wp-json\/wp\/v2\/tags?post=15830"}],"curies":[{"name":"wp","href":"https:\/\/api.w.org\/{rel}","templated":true}]}}