{"id":15824,"date":"2018-09-12T14:09:02","date_gmt":"2018-09-12T14:09:02","guid":{"rendered":"https:\/\/archivioturi.lavocedelpaese.info\/index.php\/2018\/09\/12\/rifiuti-in-fiamme\/"},"modified":"2018-09-12T14:09:02","modified_gmt":"2018-09-12T14:09:02","slug":"rifiuti-in-fiamme","status":"publish","type":"post","link":"https:\/\/archivioturi.lavocedelpaese.info\/index.php\/2018\/09\/12\/rifiuti-in-fiamme\/","title":{"rendered":"RIFIUTI IN FIAMME"},"content":{"rendered":"<p><img loading=\"lazy\" decoding=\"async\" src=\"https:\/\/farm2.staticflickr.com\/1864\/43630266895_3a8e7a8f81_n.jpg\" alt=\"incendio circonvallazione Turi (2)\" width=\"276\" height=\"320\" \/><\/p>\n<p style=\"text-align: center;\"><strong>La Protezione Civile spegne il rogo divampato nei pressi dell&#8217;azienda Simone<\/strong><\/p>\n<p style=\"text-align: justify;\">La macchina della Protezione Civile di Turi, dopo il lodevole impegno dimostrato durante la Festa Patronale, \u00e8 stata nuovamente chiamata a fronteggiare una delle &#8220;cattive abitudini&#8221; che sta prendendo sempre pi\u00f9 piede a Turi: bruciare i rifiuti illecitamente abbandonati nelle strade di campagna.<\/p>\n<p><img loading=\"lazy\" decoding=\"async\" src=\"https:\/\/farm2.staticflickr.com\/1863\/43821360014_4eeed44fb7_n.jpg\" alt=\"incendio circonvallazione Turi (3)\" style=\"margin: 6px; float: right;\" width=\"268\" height=\"320\" \/><\/p>\n<p style=\"text-align: justify;\">Difatti, se da un lato la raccolta differenziata &#8220;porta a porta&#8221; continua a dare risultati a doppia cifra che ci rendono fieri, dall&#8217;altro le nostre campagne pagano lo scotto di chi non vuole proprio abituarsi al nuovo sistema di smaltimento e preferisce il &#8220;lancio del sacchetto&#8221;, vuoi per incivilt\u00e0, vuoi perch\u00e9 \u00e8 sicuro di farla franca. A peggiorare il gi\u00e0 triste scenario arrivano le fiamme: quanto i rifiuti iniziano ad essere troppi, per &#8220;far spazio&#8221; capita che qualcuno decida di incendiare la spazzatura, senza rendersi conto del danno che arreca alle colture che si trovano a &#8220;respirare&#8221; i fumi di quel rogo.<\/p>\n<p style=\"text-align: justify;\">Questo \u00e8 quanto \u00e8 accaduto nella mattinata di luned\u00ec 3 settembre, quando la spazzatura disseminata lungo il ciglio della circonvallazione, nei pressi dell&#8217;azienda Simone, \u00e8 stata incendiata. Le fiamme si sono diffuse rapidamente, alimentate proprio dalla marea di rifiuti che costeggia uliveti e mandorleti, coinvolgendo un ampio tratto della strada.<\/p>\n<p style=\"text-align: justify;\">Pochi minuti dopo aver ricevuto la segnalazione, sul posto \u00e8 intervenuta prontamente una squadra della Protezione Civile che, avvalendosi del mezzo antincendio in dotazione, ha domato il rogo non senza difficolt\u00e0, evitando che creasse ulteriori danni.<\/p>\n<p><img loading=\"lazy\" decoding=\"async\" src=\"https:\/\/farm2.staticflickr.com\/1845\/43630267095_a186084ac0.jpg\" alt=\"incendio circonvallazione Turi (1)\" style=\"display: block; margin-left: auto; margin-right: auto;\" width=\"373\" height=\"500\" \/><\/p>\n","protected":false},"excerpt":{"rendered":"<p><img loading=\"lazy\" decoding=\"async\" src=\"https:\/\/farm2.staticflickr.com\/1864\/43630266895_3a8e7a8f81_n.jpg\" alt=\"incendio circonvallazione Turi (2)\" width=\"276\" height=\"320\" \/><\/p>\n","protected":false},"author":1,"featured_media":0,"comment_status":"open","ping_status":"closed","sticky":false,"template":"","format":"standard","meta":{"colormag_page_container_layout":"default_layout","colormag_page_sidebar_layout":"default_layout","footnotes":""},"categories":[8],"tags":[],"class_list":["post-15824","post","type-post","status-publish","format-standard","hentry","category-cronaca"],"_links":{"self":[{"href":"https:\/\/archivioturi.lavocedelpaese.info\/index.php\/wp-json\/wp\/v2\/posts\/15824","targetHints":{"allow":["GET"]}}],"collection":[{"href":"https:\/\/archivioturi.lavocedelpaese.info\/index.php\/wp-json\/wp\/v2\/posts"}],"about":[{"href":"https:\/\/archivioturi.lavocedelpaese.info\/index.php\/wp-json\/wp\/v2\/types\/post"}],"author":[{"embeddable":true,"href":"https:\/\/archivioturi.lavocedelpaese.info\/index.php\/wp-json\/wp\/v2\/users\/1"}],"replies":[{"embeddable":true,"href":"https:\/\/archivioturi.lavocedelpaese.info\/index.php\/wp-json\/wp\/v2\/comments?post=15824"}],"version-history":[{"count":0,"href":"https:\/\/archivioturi.lavocedelpaese.info\/index.php\/wp-json\/wp\/v2\/posts\/15824\/revisions"}],"wp:attachment":[{"href":"https:\/\/archivioturi.lavocedelpaese.info\/index.php\/wp-json\/wp\/v2\/media?parent=15824"}],"wp:term":[{"taxonomy":"category","embeddable":true,"href":"https:\/\/archivioturi.lavocedelpaese.info\/index.php\/wp-json\/wp\/v2\/categories?post=15824"},{"taxonomy":"post_tag","embeddable":true,"href":"https:\/\/archivioturi.lavocedelpaese.info\/index.php\/wp-json\/wp\/v2\/tags?post=15824"}],"curies":[{"name":"wp","href":"https:\/\/api.w.org\/{rel}","templated":true}]}}