{"id":15802,"date":"2018-09-01T06:15:04","date_gmt":"2018-09-01T06:15:04","guid":{"rendered":"https:\/\/archivioturi.lavocedelpaese.info\/index.php\/2018\/09\/01\/il-cardinale-angelo-amato-rivela-i-tre-messaggi-di-santoronzo\/"},"modified":"2018-09-01T06:15:04","modified_gmt":"2018-09-01T06:15:04","slug":"il-cardinale-angelo-amato-rivela-i-tre-messaggi-di-santoronzo","status":"publish","type":"post","link":"https:\/\/archivioturi.lavocedelpaese.info\/index.php\/2018\/09\/01\/il-cardinale-angelo-amato-rivela-i-tre-messaggi-di-santoronzo\/","title":{"rendered":"Il Cardinale Angelo Amato rivela i tre messaggi di Sant&#8217;Oronzo"},"content":{"rendered":"<p><img loading=\"lazy\" decoding=\"async\" src=\"https:\/\/farm2.staticflickr.com\/1897\/29417727697_64b0398aaa_n.jpg\" alt=\"Sant'Oronzo 2018 - Processione Votiva (35)\" width=\"320\" height=\"213\" \/><\/p>\n<p style=\"text-align: center;\"><strong>Dopo la Processione Votiva, Sua Eminenza ha dedicato un&#8217;appassionata omelia al Vescovo e Martire di Lecce<\/strong><\/p>\n<p style=\"text-align: center;\"><strong><br \/><\/strong><\/p>\n<p style=\"text-align: justify;\">Il calendario degli eventi religiosi \u00e8 ripreso nel pomeriggio di sabato 25 agosto con la solenne celebrazione eucaristica in chiesa Madre, presieduta da Mons. Josip Lenki?, Vicario Generale dell&#8217;Arcidiocesi di Zara, cui \u00e8 seguita la calorosa accoglienza riservata al Cardinale Angelo Amato, Prefetto della Congregazione delle Cause dei Santi.<\/p>\n<p><img loading=\"lazy\" decoding=\"async\" src=\"https:\/\/farm2.staticflickr.com\/1879\/29417734337_cc08172278_n.jpg\" alt=\"Sant'Oronzo 2018 - Processione Votiva (28)\" style=\"margin: 6px; float: right;\" width=\"320\" height=\"213\" \/><\/p>\n<p style=\"text-align: justify;\">Le autorit\u00e0 civili e militari, il Comitato Festa e centinaia di fedeli si sono riversate in piazza Orlandi per abbracciare spiritualmente il Cardinale, il cui arrivo \u00e8 stato preceduto da un breve discorso di don Giovanni Amodio: \u00abStamattina quando ho accolto Sua Eminenza in forma privata nella nostra Chiesa Madre, davanti alla reliquia di Sant&#8217;Oronzo mi ha detto: &#8220;Vengo volentieri nella citt\u00e0 di Turi per sancire in maniera definitiva la verit\u00e0 dell&#8217;esistenza storica del vostro Patrono Sant&#8217;Oronzo&#8221;. Una cosa meravigliosa che mi ha commosso tantissimo\u00bb.<\/p>\n<p style=\"text-align: justify;\">Il Cardinale Amato &#8211; accompagnato dal Vescovo Favale, dall&#8217;Arcivescovo di Zara Mons. Pulji? e dal suo Vicario Mons. Josip Lenki?, da don Giovanni e dal Commissario Andrea Cantadori &#8211; \u00e8 salito sulla cassarmonica per salutare la comunit\u00e0 turese avvolto da un applauso scrosciante.<\/p>\n<p style=\"text-align: justify;\">&nbsp;<\/p>\n<p style=\"text-align: center;\"><strong>&#8220;Accogliamo con immensa gratitudine un figlio della nostra terra&#8221;<\/strong><\/p>\n<p style=\"text-align: justify;\">Il primo a prendere la parola \u00e8 stato il nostro Vescovo Giuseppe Favale che ha dato il suo benvenuto a Sua Eminenza Amato nella citt\u00e0 di Turi e nella chiesa di Conversano &#8211; Monopoli: \u00abNella sua persona accogliamo il Santo Padre Francesco al quale vogliamo far giungere da questa piazza il nostro affettuoso ricordo e la nostra preghiera\u00bb. \u00abVogliamo bene al Papa perch\u00e9 \u00e8 il successore dell&#8217;apostolo Pietro, perch\u00e9 \u00e8 il segno visibile dell&#8217;unit\u00e0 nella Chiesa e, come diceva Santa Caterina da Siena, in lui vediamo il dolce Cristo in terra\u00bb.<\/p>\n<p><img loading=\"lazy\" decoding=\"async\" src=\"https:\/\/farm2.staticflickr.com\/1881\/29417732037_3a1e9313ff_n.jpg\" alt=\"Sant'Oronzo 2018 - Processione Votiva (31)\" style=\"margin: 6px; float: left;\" width=\"320\" height=\"213\" \/><\/p>\n<p style=\"text-align: justify;\">Rinnovando la \u00abgratitudine immensa per aver accolto il nostro invito\u00bb, Mons. Favale ha ripercorso la biografia del Cardinale Amato, \u00abun nostro conterraneo, figlio della terra di Bari e precisamente di Molfetta\u00bb. Sull&#8217;onda degli insegnamenti della comunit\u00e0 salesiana, il Cardinale ha speso la sua vita sacerdotale nel servizio ai giovani attraverso l&#8217;insegnamento; un servizio che \u00e8 iniziato proprio nella nostra diocesi, nell&#8217;Istituto Salesiano della citt\u00e0 di Cisternino, ed \u00e8 proseguito nell&#8217;Universit\u00e0 Salesiana di Roma. Grande teologo e cristologo, \u00e8 stato chiamato dal Santo Padre San Giovanni Paolo II ad occupare il ruolo di consultore della Congregazione per la Dottrina della Fede, al fianco dell&#8217;allora cardinale Ratzinger che aveva funzione di segretario. Successivamente Benedetto XVI lo ha chiamato alla guida della Congregazione delle Cause dei Santi, ministero in cui \u00e8 stato confermato anche da Papa Francesco fino al prossimo 31 agosto, quando lascer\u00e0 l&#8217;incarico per affidarlo ad altre mani.<\/p>\n<p><img loading=\"lazy\" decoding=\"async\" src=\"https:\/\/farm2.staticflickr.com\/1876\/43637471844_a8017c6abe_n.jpg\" alt=\"Sant'Oronzo 2018 - Processione Votiva (77)\" style=\"margin: 6px; float: right;\" width=\"213\" height=\"320\" \/><\/p>\n<p style=\"text-align: justify;\">A conclusione del suo intervento, il Vescovo Favale ha voluto ancora una volta ringraziare l&#8217;Arcivescovo di Zara e il suo Vicario per aver \u00abpermesso il miracolo della venuta delle reliquie di Sant&#8217;Oronzo\u00bb.<\/p>\n<p style=\"text-align: justify;\">\u00abGrazie per averci dato il piacere, l&#8217;opportunit\u00e0 e soprattutto l&#8217;onore di portare alle illustri autorit\u00e0 religiose il saluto e l&#8217;abbraccio di Turi\u00bb &#8211; ha aggiunto il Commissario Andrea Cantadori, mettendo in risalto l&#8217;impazienza dell&#8217;intera comunit\u00e0 per questa visita cos\u00ec densa di significato.<\/p>\n<p style=\"text-align: justify;\">Il Cardinale Angelo Amato, ringraziati tutti per le parole dedicate, si \u00e8 riservato di celebrare degnamente Sant&#8217;Oronzo una volta arrivati in Grotta. Tuttavia, prima che la processione votiva iniziasse il suo cammino di preghiera al fianco del busto del Santo, Sua Eminenza \u00e8 stato catturato dal panorama mozzafiato della piazza, gremita e illuminata a festa, definendola un &#8220;paradiso in terra&#8221; ed annotando che \u00abla Puglia fa splendere la fede anche nelle luci multicolori, nei cortei e nelle strade. Una cosa bella che i Santi fanno \u00e8 raccogliere il popolo in fraternit\u00e0; un Santo viene amato, pregato e seguito da tutti, buoni e cattivi, anzi pi\u00f9 dai cattivi&#8230;\u00bb.<\/p>\n<p style=\"text-align: justify;\">&nbsp;<\/p>\n<p style=\"text-align: center;\"><strong>Coraggio, Coerenza e Gioia. Questo il lascito di Sant&#8217;Oronzo<\/strong><\/p>\n<p style=\"text-align: justify;\">Una volta giunti davanti alla Grotta di Sant&#8217;Oronzo, il Cardinale Amato ha mantenuto la sua promessa. Dopo aver sfogliato \u00abalcune pagine della ricca biografia del nostro Santo, che trov\u00f2 qui a Turi accoglienza fraterna e conforto nella persecuzione\u00bb, ha rivolto alla comunit\u00e0 un&#8217;appassionata omelia, che \u00e8 iniziata con una domanda: \u00abCosa dice Sant&#8217;Oronzo oggi a tutti noi in questi giorni di festa\u00bb.<\/p>\n<p><img loading=\"lazy\" decoding=\"async\" src=\"https:\/\/farm2.staticflickr.com\/1888\/30486582488_dc57bb2d2a_n.jpg\" alt=\"Sant'Oronzo 2018 - Processione Votiva (87)\" style=\"margin: 6px; float: left;\" width=\"213\" height=\"320\" \/><\/p>\n<p style=\"text-align: justify;\">\u00abCredo che il nostro Patrono ci lascia tre messaggi: coraggio, coerenza e gioia. Sant&#8217;Oronzo fu una persona coraggiosa prima nel convertirsi al cristianesimo nonostante le persecuzioni e le difficolt\u00e0 dell&#8217;esilio e poi mantenendo fede alla sua professione cristiana. Questo significa che ancora oggi il cristiano deve essere coraggioso, deve spesso andare controcorrente e abbattere i falsi idoli della pigrizia spirituale. Essere e vivere da cristiani non \u00e8 una moda superata ma \u00e8 la vera terapia per dare guarigione, significato e valore alla nostra esistenza\u00bb.<\/p>\n<p style=\"text-align: justify;\">\u00abIl coraggio implica la coerenza delle proprie scelte di vita\u00bb. Ecco il secondo lascito di Sant&#8217;Oronzo. E il modo per essere coerenti arriva proprio dalla Parola di Dio \u00abche ci ricorda che il Signore ha affidato ad ogni persona, non solo ai cristiani, le tavole della vita, i famosi Comandamenti che si devono chiamare le dieci parole di vita e di amore pronunciate da Dio all&#8217;umanit\u00e0 per abbracciare la santit\u00e0. Molte volte &#8211; come dice Papa Francesco &#8211; abbiamo la tentazione di pensare che la santit\u00e0 sia riservata a coloro che hanno la possibilit\u00e0 di pregare sempre; non \u00e8 cos\u00ec, tutti siamo chiamati ad essere santi vivendo e offrendo ciascuno la propria testimonianza con coerenza nelle occupazioni di ogni giorno\u00bb.<\/p>\n<p style=\"text-align: justify;\">Il terzo messaggio \u00e8 la gioia. \u00abIl cristianesimo \u00e8 gioia: non \u00e8 Quaresima, \u00e8 Pasqua. Il Vangelo \u00e8 una &#8220;buona notizia&#8221;. Anche i Santi pi\u00f9 ascetici, come San Francesco d&#8217;Assisi, consideravano perfetta letizia ogni avvenimento della vita. Ricordo quello che diceva un Santo giovanissimo, San Domenico Savio, che rivelava il segreto della serenit\u00e0 e della gioia cristiana: noi ragazzi facciamo consistere la santit\u00e0 nello stare sempre allegri\u00bb.<\/p>\n<p><img loading=\"lazy\" decoding=\"async\" src=\"https:\/\/farm2.staticflickr.com\/1888\/44353373641_54c7f7aba8_n.jpg\" alt=\"Sant'Oronzo 2018 - Processione Votiva (56)\" style=\"margin: 6px; float: right;\" width=\"320\" height=\"213\" \/><\/p>\n<p style=\"text-align: justify;\">\u00abLa festa di Sant&#8217;Oronzo &#8211; ha riassunto Sua Eminenza &#8211; \u00e8 dunque un invito al coraggio, alla coerenza e un inno alla gioia santa fatta di piccoli gesti quotidiani\u00bb.<\/p>\n<p style=\"text-align: justify;\">Recitata la preghiera dell&#8217;anno giubilare ed impartita la benedizione, Sua Eminenza ha voluto raccontare un breve aneddoto, che ha riscosso l&#8217;applauso di tutti i presenti, il cui senso ultimo era un esplicito invito alle autorit\u00e0 competenti affinch\u00e9 il viale del cimitero venga illuminato. La visita nella Grotta di Sant&#8217;Oronzo ha archiviato una vigilia della &#8220;Festa Grande&#8221; che ha riempito il cuore dei fedeli di speranza.<\/p>\n","protected":false},"excerpt":{"rendered":"<p><img loading=\"lazy\" decoding=\"async\" src=\"https:\/\/farm2.staticflickr.com\/1897\/29417727697_64b0398aaa_n.jpg\" alt=\"Sant'Oronzo 2018 - Processione Votiva (35)\" width=\"320\" height=\"213\" \/><\/p>\n","protected":false},"author":1,"featured_media":0,"comment_status":"open","ping_status":"closed","sticky":false,"template":"","format":"standard","meta":{"colormag_page_container_layout":"default_layout","colormag_page_sidebar_layout":"default_layout","footnotes":""},"categories":[6],"tags":[],"class_list":["post-15802","post","type-post","status-publish","format-standard","hentry","category-cultura"],"_links":{"self":[{"href":"https:\/\/archivioturi.lavocedelpaese.info\/index.php\/wp-json\/wp\/v2\/posts\/15802","targetHints":{"allow":["GET"]}}],"collection":[{"href":"https:\/\/archivioturi.lavocedelpaese.info\/index.php\/wp-json\/wp\/v2\/posts"}],"about":[{"href":"https:\/\/archivioturi.lavocedelpaese.info\/index.php\/wp-json\/wp\/v2\/types\/post"}],"author":[{"embeddable":true,"href":"https:\/\/archivioturi.lavocedelpaese.info\/index.php\/wp-json\/wp\/v2\/users\/1"}],"replies":[{"embeddable":true,"href":"https:\/\/archivioturi.lavocedelpaese.info\/index.php\/wp-json\/wp\/v2\/comments?post=15802"}],"version-history":[{"count":0,"href":"https:\/\/archivioturi.lavocedelpaese.info\/index.php\/wp-json\/wp\/v2\/posts\/15802\/revisions"}],"wp:attachment":[{"href":"https:\/\/archivioturi.lavocedelpaese.info\/index.php\/wp-json\/wp\/v2\/media?parent=15802"}],"wp:term":[{"taxonomy":"category","embeddable":true,"href":"https:\/\/archivioturi.lavocedelpaese.info\/index.php\/wp-json\/wp\/v2\/categories?post=15802"},{"taxonomy":"post_tag","embeddable":true,"href":"https:\/\/archivioturi.lavocedelpaese.info\/index.php\/wp-json\/wp\/v2\/tags?post=15802"}],"curies":[{"name":"wp","href":"https:\/\/api.w.org\/{rel}","templated":true}]}}