{"id":15785,"date":"2018-08-16T13:12:33","date_gmt":"2018-08-16T13:12:33","guid":{"rendered":"https:\/\/archivioturi.lavocedelpaese.info\/index.php\/2018\/08\/16\/la-porta-giubilare-si-apre-ai-fedeli\/"},"modified":"2018-08-16T13:12:33","modified_gmt":"2018-08-16T13:12:33","slug":"la-porta-giubilare-si-apre-ai-fedeli","status":"publish","type":"post","link":"https:\/\/archivioturi.lavocedelpaese.info\/index.php\/2018\/08\/16\/la-porta-giubilare-si-apre-ai-fedeli\/","title":{"rendered":"La Porta Giubilare si apre ai fedeli"},"content":{"rendered":"<p><img loading=\"lazy\" decoding=\"async\" src=\"https:\/\/farm2.staticflickr.com\/1795\/44070281571_41754a380f_n.jpg\" alt=\"porta giubilare chiesa madre turi\" width=\"320\" height=\"256\" \/><\/p>\n<p style=\"text-align: center;\"><strong>Il rito, presieduto da Monsignor Laterza, consentir\u00e0 di ricevere l&#8217;indulgenza plenaria<\/strong><\/p>\n<p style=\"text-align: justify;\">Un Ferragosto che rester\u00e0 scolpito nelle mente dei tanti fedeli turesi che, giunti in processione dalla chiesetta di San Domenico, hanno varcato la soglia della porta della Chiesa Madre, proclamata &#8220;Santa&#8221; in virt\u00f9 dell&#8217;Anno Giubilare Oronziano indetto da Papa Francesco per commemorare i 1950 anni dal martirio di Sant&#8217;Oronzo.<\/p>\n<p style=\"text-align: justify;\">Il suggestivo rito dell&#8217;apertura della Porta Giubilare \u00e8 stato presieduto da Monsignor Giuseppe Laterza, Consigliere della Nunziatura Apostolica in Italia, affiancato dall&#8217;arciprete don Giovanni Amodio e dagli altri due parroci turesi, don Nicola e don Ciccio.<\/p>\n<p style=\"text-align: justify;\">Emblema del passaggio dal &#8220;peccato&#8221; alla &#8220;grazia&#8221;, la Porta Giubilare &#8211; come ha ricordato lo stesso arciprete &#8211; costituisce un momento spiritualmente intenso per i cattolici: chiunque varchi la soglia ottiene l&#8217;indulgenza plenaria, ovvero la remissione delle pene temporali per i peccati commessi.<\/p>\n<p style=\"text-align: justify;\">&nbsp;<\/p>\n<p style=\"text-align: justify;\"><strong>La Benedizione del Manifesto<\/strong><\/p>\n<p><img loading=\"lazy\" decoding=\"async\" src=\"https:\/\/farm2.staticflickr.com\/1792\/30202453418_1463fc1f36_n.jpg\" alt=\"Benedizione Manifesto Sant'Oronzo - Turi 2018 (3)\" style=\"margin: 6px; float: right;\" width=\"213\" height=\"320\" \/><\/p>\n<p style=\"text-align: justify;\">Dopo l&#8217;intensa celebrazione eucaristica, i fedeli si sono radunati in piazza Orlandi per il rituale della benedizione del manifesto della Festa di Sant&#8217;Oronzo.<\/p>\n<p style=\"text-align: justify;\">&#8220;Siamo qui per scoprire il manifesto e dare inizio ai solenni festeggiamenti in onore del Santo Patrono. Quest&#8217;anno &#8211; ha esordito don Giovanni &#8211; abbiamo avuto l&#8217;onore di avere in mezzo a noi Monsignor Giuseppe Laterza, che rappresenta l&#8217;ambasciatore del Papa in Italia&#8221;.<\/p>\n<p style=\"text-align: justify;\">E prima di passare la parola a Mons. Laterza, l&#8217;arciprete ha voluto ringraziare &#8220;l&#8217;amministrazione comunale rappresentata dal dott. Sebastiano Giangrande, il Comitato Feste nella persona del nostro carissimo e amatissimo presidente Marinuccio Di Venere e i parroci turesi&#8221;.<\/p>\n<p style=\"text-align: justify;\">&nbsp;<\/p>\n<p style=\"text-align: justify;\"><strong>Mons. Laterza: La &#8220;Madre Turi&#8221; riabbraccia i suoi figli emigrati<\/strong><\/p>\n<p style=\"text-align: justify;\">&#8220;La Festa &#8211; ha sottolineato Monsignor Giuseppe Laterza &#8211; \u00e8 festa perch\u00e9 insieme alla preghiera c&#8217;\u00e8 anche un momento sociale di condivisione. Fare festa significa divertirsi in maniera bella e pulita, stringere nuovi rapporti di amicizia e rinsaldare i vecchi.<\/p>\n<p><img loading=\"lazy\" decoding=\"async\" src=\"https:\/\/farm2.staticflickr.com\/1815\/43351948574_238f1f340a_n.jpg\" alt=\"Benedizione Manifesto Sant'Oronzo - Turi 2018 (13)\" style=\"margin: 6px; float: left;\" width=\"213\" height=\"320\" \/><\/p>\n<p style=\"text-align: justify;\">Questi giorni vedono rientrare tanti nostri concittadini che anni fa, soprattutto per esigenze di lavoro, furono costretti ad andare in terre lontane. L\u00ec hanno lavorato per\u00f2 le loro radici sono sempre qui.<\/p>\n<p style=\"text-align: justify;\">E la Festa di Sant&#8217;Oronzo \u00e8 anche l&#8217;occasione per rinvigorire quelle radici, riassaporando &#8220;l&#8217;amore di questa madre che li ha partoriti tanti anni fa e li ha visti partire&#8221;, una madre &#8220;pi\u00f9 vecchia e per questo pi\u00f9 bella&#8221;, perch\u00e9 le sue rughe raccontano l&#8217;amore per i propri figli.<\/p>\n<p style=\"text-align: justify;\">&nbsp;<\/p>\n<p style=\"text-align: justify;\"><strong>Giangrande: Grazie per le emozioni che ci state facendo vivere<\/strong><\/p>\n<p style=\"text-align: justify;\">Portando i saluti del Commissario Cantadori e del collega Fantetti, il Sub Commissario Giangrande ha fatto i suoi &#8220;complimenti al Comitato Feste e a don Giovanni per le emozioni che stiamo provando in questi giorni&#8221;.<\/p>\n<p style=\"text-align: justify;\">&#8220;\u00c8 per me un onore far parte di questa comunit\u00e0 che ci sta accogliendo e sostenendo con grande affetto. Noi &#8211; ha aggiunto Giangrande &#8211; ce la stiamo mettendo tutta per procedere nei vostri intendimenti secondo quello che i tempi e la legge ci consentono. Ringrazio, inoltre, Monsignor Laterza per l&#8217;onore di essere qui con noi, il Maresciallo Sacchetti e tutte le Forze dell&#8217;Ordine&#8221;.<\/p>\n<p style=\"text-align: justify;\">&nbsp;<\/p>\n<p><img loading=\"lazy\" decoding=\"async\" src=\"https:\/\/farm2.staticflickr.com\/1836\/43163874285_de45935e20_n.jpg\" alt=\"Apertura Porta Giubilare - Turi (12)\" style=\"margin: 6px; float: right;\" width=\"197\" height=\"320\" \/><\/p>\n<p style=\"text-align: justify;\"><strong>Marinuccio Di Venere: &#8220;Voglio solo fare la Festa&#8221;<\/strong><\/p>\n<p style=\"text-align: justify;\">&#8220;Mi piace fare la Festa ma non sono capace di fare comizi. L&#8217;unica cosa importante \u00e8 che la gente resti contenta di quello che facciamo&#8221;. Poche e schiette le parole che Marinuccio Di Venere, presidente del Comitato Feste, consegna alla piazza raccogliendo schivo l&#8217;invito di don Giovanni. Parole che, una volta in pi\u00f9, dimostrano la genuinit\u00e0 dell&#8217;operato di Marinuccio, cui non interessano n\u00e9 i riflettori di una ribalta posticcia n\u00e9 l&#8217;affannosa caccia ai voti: &#8220;Io sto bene a casa mia. Non cerco voti, voglio solo fare la Festa&#8221;.<\/p>\n<p style=\"text-align: justify;\">&nbsp;<\/p>\n<p style=\"text-align: justify;\"><strong>Solidariet\u00e0 alle vittime di Genova<\/strong><\/p>\n<p style=\"text-align: justify;\">Dopo lo spettacolo pirotecnico, don Giovanni Amodio ha congedato i fedeli precisando che in un primo momento, insieme al Comitato, si era pensato di evitare i fuochi d&#8217;artificio in segno di vicinanza e solidariet\u00e0 alle vittime del crollo del &#8216;ponte Morandi&#8217; di Genova; alla fine si \u00e8 optato per rimandare il concerto inaugurale.<\/p>\n<p style=\"text-align: justify;\">&nbsp;<\/p>\n<p style=\"text-align: justify;\"><strong>La Sacra Undena e i nove Giubilei<\/strong><\/p>\n<p style=\"text-align: justify;\">Da ieri, 15 agosto, ha preso il via contestualmente la Sacra Undena: undici celebrazioni, fissate alle ore 19 in Chiesa Madre, in ricordo degli altrettanti giorni di prigionia che, secondo le agiografie ufficiali, il Vescovo Oronzo affront\u00f2 prima del martirio.<\/p>\n<p style=\"text-align: justify;\">Quest&#8217;anno la liturgia sar\u00e0 impreziosita dai vari &#8220;Giubilei&#8221;, a partire dal Giubileo dei Gruppi Missionari (gioved\u00ec 16) concelebrato dal Reverendo Padre Nsolo, Missionario degli Oblati di Maria Immacolata, in suffragio del Sacerdote Martire Don Firmino, ucciso nella Repubblica Centrafricana.<\/p>\n<p style=\"text-align: justify;\">Venerd\u00ec 17 sar\u00e0 la volta del Giubileo dei Malati e dei Gruppi UNITALSI, concelebrato da Mons. Felice Di Molfetta, Vescovo Emerito di Cerignola-Ascoli Satriano ed Assistente Regionale dell&#8217;UNITALSI. Sabato 18, invece, Mons. Mauro Carlino, Segretario di Nunziatura presso la Segreteria di Stato della Citt\u00e0 del Vaticano, presieder\u00e0 il Giubileo delle Associazioni Laicali della Citt\u00e0.<\/p>\n<p style=\"text-align: justify;\">Domenica 19 agosto, l&#8217;arcivescovo di Brindisi-Ostuni, Mons. Domenico Caliandro, officer\u00e0 l&#8217;importante appuntamento con il Giubileo dei Portatori dei Santi Patroni, accompagnato dall&#8217;omaggio alla Reliquia da parte dei Cavalieri della Cavalcata storica di Sant&#8217;Oronzo di Ostuni. A seguire, il Giubileo delle Confraternite che, luned\u00ec 20, vedr\u00e0 la presenza di Mons. Michele Seccia, arcivescovo di Lecce, e quello dei gruppi di preghiera della &#8220;Comunit\u00e0 di Ges\u00f9&#8221;, guidato marted\u00ec 21 da Mons. Mario Paciello, Vescovo emerito di Altamura, Gravina in Puglia e Acquaviva delle Fonti.<\/p>\n<p style=\"text-align: justify;\">Mercoled\u00ec 22 l&#8217;atteso Giubileo dedicato alle persone impiegate nell&#8217;ambito culturale vedr\u00e0 la presenza di Mons. Francesco Cacucci, Arciversco di Bari e Bitonto.<\/p>\n<p style=\"text-align: justify;\">Chiudono il Giubileo dei Migranti (gioved\u00ec 23 &#8211; Mons. Giovanni Intini, Vescovo di Tricarico) e, venerd\u00ec 24, quello dei Sacerdoti e diaconi della nostra diocesi concelebrato dallo stesso arcivescovo di Zara, Mons. \u017delimir Pulji?.<\/p>\n<p><object width=\"640\" height=\"480\" data=\"https:\/\/www.flickr.com\/apps\/slideshow\/show.swf?v=261948265\" type=\"application\/x-shockwave-flash\"><param name=\"flashvars\" value=\"offsite=true&amp;lang=it-it&amp;page_show_url=%2Fphotos%2F91470992%40N02%2Fsets%2F72157694447413640%2Fshow%2F&amp;page_show_back_url=%2Fphotos%2F91470992%40N02%2Fsets%2F72157694447413640%2F&amp;set_id=72157694447413640&amp;jump_to=0\" \/><param name=\"movie\" value=\"https:\/\/www.flickr.com\/apps\/slideshow\/show.swf?v=261948265\" \/><param name=\"allowFullScreen\" value=\"true\" \/><\/object><\/p>\n<p style=\"text-align: right;\"><em><strong>Reportage fotografico a cura di Andrea Turino<\/strong><\/em><\/p>\n","protected":false},"excerpt":{"rendered":"<p><img loading=\"lazy\" decoding=\"async\" src=\"https:\/\/farm2.staticflickr.com\/1795\/44070281571_41754a380f_n.jpg\" alt=\"porta giubilare chiesa madre turi\" width=\"320\" height=\"256\" \/><\/p>\n","protected":false},"author":1,"featured_media":0,"comment_status":"open","ping_status":"closed","sticky":false,"template":"","format":"standard","meta":{"colormag_page_container_layout":"default_layout","colormag_page_sidebar_layout":"default_layout","footnotes":""},"categories":[7],"tags":[],"class_list":["post-15785","post","type-post","status-publish","format-standard","hentry","category-attualita"],"_links":{"self":[{"href":"https:\/\/archivioturi.lavocedelpaese.info\/index.php\/wp-json\/wp\/v2\/posts\/15785","targetHints":{"allow":["GET"]}}],"collection":[{"href":"https:\/\/archivioturi.lavocedelpaese.info\/index.php\/wp-json\/wp\/v2\/posts"}],"about":[{"href":"https:\/\/archivioturi.lavocedelpaese.info\/index.php\/wp-json\/wp\/v2\/types\/post"}],"author":[{"embeddable":true,"href":"https:\/\/archivioturi.lavocedelpaese.info\/index.php\/wp-json\/wp\/v2\/users\/1"}],"replies":[{"embeddable":true,"href":"https:\/\/archivioturi.lavocedelpaese.info\/index.php\/wp-json\/wp\/v2\/comments?post=15785"}],"version-history":[{"count":0,"href":"https:\/\/archivioturi.lavocedelpaese.info\/index.php\/wp-json\/wp\/v2\/posts\/15785\/revisions"}],"wp:attachment":[{"href":"https:\/\/archivioturi.lavocedelpaese.info\/index.php\/wp-json\/wp\/v2\/media?parent=15785"}],"wp:term":[{"taxonomy":"category","embeddable":true,"href":"https:\/\/archivioturi.lavocedelpaese.info\/index.php\/wp-json\/wp\/v2\/categories?post=15785"},{"taxonomy":"post_tag","embeddable":true,"href":"https:\/\/archivioturi.lavocedelpaese.info\/index.php\/wp-json\/wp\/v2\/tags?post=15785"}],"curies":[{"name":"wp","href":"https:\/\/api.w.org\/{rel}","templated":true}]}}