{"id":15780,"date":"2018-08-10T06:06:11","date_gmt":"2018-08-10T06:06:11","guid":{"rendered":"https:\/\/archivioturi.lavocedelpaese.info\/index.php\/2018\/08\/10\/cornucopia-lo-spettacolo-in-ricordo-di-gianrocco-borracci\/"},"modified":"2018-08-10T06:06:11","modified_gmt":"2018-08-10T06:06:11","slug":"cornucopia-lo-spettacolo-in-ricordo-di-gianrocco-borracci","status":"publish","type":"post","link":"https:\/\/archivioturi.lavocedelpaese.info\/index.php\/2018\/08\/10\/cornucopia-lo-spettacolo-in-ricordo-di-gianrocco-borracci\/","title":{"rendered":"Cornuc\u00f2pia, lo spettacolo in ricordo di Gianrocco Borracci"},"content":{"rendered":"<p><img loading=\"lazy\" decoding=\"async\" src=\"https:\/\/farm2.staticflickr.com\/1798\/43236612634_de65ae1c7e_n.jpg\" alt=\"Cornucopia Turi 2018\" width=\"320\" height=\"250\" \/><\/p>\n<p style=\"text-align: center;\"><strong>Otto ore di musica live per ricordare &#8220;l&#8217;amico di tutti&#8221;, scomparso il 31 luglio<\/strong><\/p>\n<p>Mercoled\u00ec 1\u00b0 agosto, nell\u2019accogliente chiosco della Casa delle Idee \u00e8 stato messo in scena Cornuc\u00f2pia, il grande spettacolo organizzato dai numerosi artisti e musicisti locali che, senza scopo di lucro e in collaborazione con l\u2019associazione &#8220;Giovanni Maria Sabino&#8221;, hanno dato vita ad una carrellata poliedrica di pura musica live durata ben otto ore.<\/p>\n<p>A condurre l\u2019evento Ruben Orlandi, coadiuvato da Alina Laruccia, che non poteva che aprire la &#8220;maratona musicale&#8221; con un sentito ricordo di Gianrocco Borracci, il turese quarantasettenne, &#8220;operario semplice&#8221; come amava definirsi, che \u00e8 venuto a mancare proprio il giorno prima della manifestazione, lasciando un grande vuoto nel cuore di parenti, amici e conoscenti.<\/p>\n<p>Lo spettacolo, iniziato pi\u00f9 tardi per non interferire con il lutto del caro amico, \u00e8 stato un susseguirsi di musicisti di ogni genere, che hanno messo in campo il loro talento spaziando abilmente dal jazz al soul,dal pop al rock, fino ad arrivare al rap freestyle, per concludere in bellezza con una jam session e un breve assaggio di musica elettronica. Non a caso i promotori hanno deciso di intitolare l&#8217;evento &#8220;Cornuc\u00f2pia&#8221;: il termine latino, che letteralmente significa \u201ccorno dell\u2019 abbondanza\u201d, sintetizza al meglio il clima musicale che i tanti presenti hanno potuto respirare.<\/p>\n<p>L\u2019evento \u00e8 stata un\u2019occasione importante per valorizzare la musica locale e per dare spazio al talento di giovani artisti che trovano sempre pi\u00f9 difficolt\u00e0 ad emergere in una realt\u00e0 musicale schiacciata dai soliti stereotipi commerciali e internazionali. Inoltre la maratona musicale ha dimostrato quanto la musica live sia in grado di conquistare e coinvolgere lo spettatore: se da un lato \u00e8 vero che con Youtube e streaming l\u2019ascolto \u00e8 cambiato nel corso del tempo, riducendo drasticamente la partecipazione del pubblico ai concerti, dall\u2019altro lato solo la musica live \u00e8 in grado di trasmettere quelle emozioni e quelle vibrazioni che non finiranno mai di stupire l\u2019ascoltatore.<\/p>\n<p>Dall\u2019anno prossimo Cornuc\u00f2pia si trasformer\u00e0 in un memorial interamente dedicato a Gianrocco Borracci: un modo per continuare a mantenere vivo il ricordo di un uomo che ha sempre saputo distinguersi per bont\u00e0 e generosit\u00e0.<\/p>\n<p style=\"text-align: right;\"><strong>Roberta Lobascio<\/strong><\/p>\n<p><object width=\"640\" height=\"480\" data=\"https:\/\/www.flickr.com\/apps\/slideshow\/show.swf?v=261948265\" type=\"application\/x-shockwave-flash\"><param name=\"flashvars\" value=\"offsite=true&amp;lang=it-it&amp;page_show_url=%2Fphotos%2F91470992%40N02%2Fsets%2F72157672133227738%2Fshow%2F&amp;page_show_back_url=%2Fphotos%2F91470992%40N02%2Fsets%2F72157672133227738%2F&amp;set_id=72157672133227738&amp;jump_to=0\" \/><param name=\"movie\" value=\"https:\/\/www.flickr.com\/apps\/slideshow\/show.swf?v=261948265\" \/><param name=\"allowFullScreen\" value=\"true\" \/><\/object><\/p>\n","protected":false},"excerpt":{"rendered":"<p><img loading=\"lazy\" decoding=\"async\" src=\"https:\/\/farm2.staticflickr.com\/1798\/43236612634_de65ae1c7e_n.jpg\" alt=\"Cornucopia Turi 2018\" width=\"320\" height=\"250\" \/><\/p>\n","protected":false},"author":1,"featured_media":0,"comment_status":"open","ping_status":"closed","sticky":false,"template":"","format":"standard","meta":{"colormag_page_container_layout":"default_layout","colormag_page_sidebar_layout":"default_layout","footnotes":""},"categories":[6],"tags":[],"class_list":["post-15780","post","type-post","status-publish","format-standard","hentry","category-cultura"],"_links":{"self":[{"href":"https:\/\/archivioturi.lavocedelpaese.info\/index.php\/wp-json\/wp\/v2\/posts\/15780","targetHints":{"allow":["GET"]}}],"collection":[{"href":"https:\/\/archivioturi.lavocedelpaese.info\/index.php\/wp-json\/wp\/v2\/posts"}],"about":[{"href":"https:\/\/archivioturi.lavocedelpaese.info\/index.php\/wp-json\/wp\/v2\/types\/post"}],"author":[{"embeddable":true,"href":"https:\/\/archivioturi.lavocedelpaese.info\/index.php\/wp-json\/wp\/v2\/users\/1"}],"replies":[{"embeddable":true,"href":"https:\/\/archivioturi.lavocedelpaese.info\/index.php\/wp-json\/wp\/v2\/comments?post=15780"}],"version-history":[{"count":0,"href":"https:\/\/archivioturi.lavocedelpaese.info\/index.php\/wp-json\/wp\/v2\/posts\/15780\/revisions"}],"wp:attachment":[{"href":"https:\/\/archivioturi.lavocedelpaese.info\/index.php\/wp-json\/wp\/v2\/media?parent=15780"}],"wp:term":[{"taxonomy":"category","embeddable":true,"href":"https:\/\/archivioturi.lavocedelpaese.info\/index.php\/wp-json\/wp\/v2\/categories?post=15780"},{"taxonomy":"post_tag","embeddable":true,"href":"https:\/\/archivioturi.lavocedelpaese.info\/index.php\/wp-json\/wp\/v2\/tags?post=15780"}],"curies":[{"name":"wp","href":"https:\/\/api.w.org\/{rel}","templated":true}]}}