{"id":15760,"date":"2018-07-26T08:47:37","date_gmt":"2018-07-26T08:47:37","guid":{"rendered":"https:\/\/archivioturi.lavocedelpaese.info\/index.php\/2018\/07\/26\/festa-di-santoronzo-ecco-il-programma-ufficiale\/"},"modified":"2018-07-26T08:47:37","modified_gmt":"2018-07-26T08:47:37","slug":"festa-di-santoronzo-ecco-il-programma-ufficiale","status":"publish","type":"post","link":"https:\/\/archivioturi.lavocedelpaese.info\/index.php\/2018\/07\/26\/festa-di-santoronzo-ecco-il-programma-ufficiale\/","title":{"rendered":"Festa di Sant&#8217;Oronzo: ecco il programma ufficiale"},"content":{"rendered":"<p><img loading=\"lazy\" decoding=\"async\" src=\"https:\/\/farm1.staticflickr.com\/940\/29755772828_f898c81989_n.jpg\" alt=\"sant'oronzo statua\" width=\"262\" height=\"320\" \/><\/p>\n<p style=\"text-align: justify;\">L&#8217;attesa per il programma dell&#8217;appuntamento religioso pi\u00f9 sentito dall&#8217;intera comunit\u00e0 turese \u00e8 finita. Il Comitato Feste Patronali, tramite la propria pagina Facebook, ha ufficializzato il palinsesto dei festeggiamenti religiosi e civili in onore del Santo Patrono di Turi. Una ricorrenza che quest&#8217;anno sar\u00e0 ancora pi\u00f9 emozionante, dal momento che coincide con il Giubileo Oronziano.<\/p>\n<p style=\"text-align: justify;\">&nbsp;<\/p>\n<p style=\"text-align: justify;\"><span style=\"color: #ff0000;\"><strong>Manifestazioni religiose<\/strong><\/span><\/p>\n<p style=\"text-align: justify;\">Si inizia sabato <strong>11 agosto<\/strong>: alle ore 19.00, presso la Grotta di Sant&#8217;Oronzo, <strong>sar\u00e0 accolta la Reliquia del nostro Patrono<\/strong>, la preziosa cassettina contenente il cranio del martire, custodita a Zara ed ottenuta al termine di lunghe trattative con le autorit\u00e0 croate.<\/p>\n<p style=\"text-align: justify;\">Mercoled\u00ec <strong>15 agosto<\/strong>, alle ore 19.00, si aprir\u00e0 la <strong>Porta Giubilare<\/strong>, dando inizio alla <strong>Sacra Undena<\/strong>: undici celebrazioni, alle ore 19 in Chiesa Madre, in ricordo degli altrettanti giorni di prigionia che, secondo le agiografie ufficiali, Oronzo affront\u00f2 prima del martirio.<\/p>\n<p style=\"text-align: justify;\">Sabato <strong>25 agosto<\/strong>, dopo la Messa Solenne, il Comitato Feste Patronali, insieme alle autorit\u00e0 religione, civili e militari, dar\u00e0 il benvenuto a <strong>Sua Eminenza Signor Cardinale Angelo Amato<\/strong>, Prefetto della Congregazione dei Santi. Subito dopo, alle ore 20.30, partir\u00e0 la processione votiva che, rispettando il tradizionale tragitto, dalla Chiesa Madre arriver\u00e0 fino alla Grotta.<\/p>\n<p style=\"text-align: justify;\">Domenica <strong>26 agosto<\/strong>, alle ore 10, il Cardinale Amato presieder\u00e0 il Solenne Pontificale, al termine del quale si snoder\u00e0 per le principali vie del paese la <strong>processione di gala<\/strong>.<\/p>\n<p style=\"text-align: justify;\">Luned\u00ec <strong>27 agosto<\/strong>, conclusa la messa delle ore 19.00, alle 20.30 l&#8217;atteso appuntamento con la <strong>discesa di Sant&#8217;Oronzo dal Carro Trionfale<\/strong> e il commiato alla Reliquia zaratina.<\/p>\n<p style=\"text-align: justify;\">Ricordiamo, infine, che ogni domenica, dal 5 al 26 agosto, presso la Grotta di Sant&#8217;Oronzo sar\u00e0 celebrata la Santa Messa alle ore 7.30.<\/p>\n<p style=\"text-align: justify;\">&nbsp;<\/p>\n<p style=\"text-align: justify;\"><span style=\"color: #ff0000;\"><strong>Manifestazioni Civili<\/strong><\/span><\/p>\n<p style=\"text-align: justify;\">Non delude le aspettative anche il palinsesto delle manifestazioni civili: agli elementi consolidati della &#8220;Festa Grande&#8221; &#8211; come il folkloristico arrivo del Carro, il lancio della mongolfiera e la cavalcata storica &#8211; si aggiungono serate all&#8217;insegna della musica italiana, che culmineranno con il concerto di Bianca Atzei, e un importante spazio dedicato al repertorio bandistico.<\/p>\n<p style=\"text-align: justify;\">Mercoled\u00ec <strong>15 agosto<\/strong>, piazza Silvio Orlandi accoglier\u00e0 la cerimonia di apertura della festa con fuochi pirotecnici e lo spettacolo musicale della <strong>cantante pugliese Enika<\/strong>, che ripercorrer\u00e0 il meglio della musica italiana degli anni &#8217;70 e &#8217;80.<\/p>\n<p style=\"text-align: justify;\">Sempre in piazza Silvio Orlandi, domenica <strong>19 agosto<\/strong>, alle ore 20.00 si potr\u00e0 assistere alle <strong>prove generali dell&#8217;arrivo del Carro Trionfale<\/strong>, precedute dalla <strong>cavalcata storica<\/strong>. A chiudere la serata, l&#8217;esibizione musicale <strong>&#8220;Lo Spettacolo che non ti aspetti&#8221;<\/strong>.<\/p>\n<p style=\"text-align: justify;\">Venerd\u00ec <strong>24 agosto<\/strong>, oltre alla secolare Fiera campionaria, da segnalare l&#8217;esibizione della banda musicale <strong>&#8220;Guarda che Banda!&#8221; <\/strong>con la partecipazione straordinaria di <strong>Daniele Giardina<\/strong>. Per l&#8217;occasione sar\u00e0 presentato anche il primo lavoro discografico frutto dell&#8217;innovativo progetto, guidato dal M\u00b0 Margherita Dipierro e da Nuccio Gargano, che reinterpreta la musica bandistica pugliese. Per l&#8217;occasione<\/p>\n<p>Domenica <strong>26 agosto<\/strong>, da largo San Giovanni sar\u00e0 lanciato il <strong>pallone aerostatico<\/strong>, offerto anche quest&#8217;anno dalla falegnameria &#8220;Di Venere Giammaria &amp; Figli&#8221;, con la supervisione organizzativa della ditta Pulli Dario. Alle 22.30, l&#8217;Associazione &#8220;Mule del Tiro del Carro di Sant&#8217;Oronzo&#8221; garantir\u00e0 l&#8217;<strong>arrivo del Carro Trionfale<\/strong> in piazza Orlandi, preceduto dalla cavalcata e impreziosito dal Gruppo Sbandieratori &#8220;Musici di San Domenico di Guzman&#8221; di Oria.<\/p>\n<p style=\"text-align: justify;\">Sempre domenica <strong>26 agosto<\/strong>, ci saranno tre momenti dedicati ai <strong>fuochi pirotecnici<\/strong>, curati dalla ditta De Carlo Martino di Gioia del Colle: la diana delle 7.30, i fuochi a devozione del Santo delle 11.00 e il grande spettacolo pirotecnico allo scoccare della mezzanotte.<\/p>\n<p style=\"text-align: justify;\">Le luminarie sono state progettate e allestite dalla ditta salernitana De Filippo; mentre l&#8217;addobbo floreale dell&#8217;intera manifestazione anche quest&#8217;anno \u00e8 stato offerto da Andrea Saffi.<\/p>\n<p style=\"text-align: justify;\">Infine, per la gioia dei pi\u00f9 piccoli, in Largo Pozzi sar\u00e0 allestito l&#8217;immancabile parco divertimento<\/p>\n<p style=\"text-align: justify;\">&nbsp;<\/p>\n<p style=\"text-align: justify;\"><span style=\"color: #ff0000;\"><strong>Spettacoli Musicali<\/strong><\/span><\/p>\n<p style=\"text-align: justify;\">Marted\u00ec 28 agosto &#8211; ore 21.00 &#8211; piazza Sandro Pertini <br \/><strong>Grammar School: &#8220;I Capolavori del Rock&#8221;.<\/strong><\/p>\n<p style=\"text-align: justify;\">Mercoled\u00ec 29 agosto &#8211; alle ore 22.00 &#8211; Largo Marchesale<br \/><strong>Bianca Atzei Live 2018<\/strong><\/p>\n<p style=\"text-align: justify;\">&nbsp;<\/p>\n<p style=\"text-align: justify;\"><span style=\"color: #ff0000;\"><strong>Grandi Concerti Bandistici<\/strong><\/span><\/p>\n<p style=\"text-align: justify;\"><strong>15 &#8211; 25 -26 &#8211; 27 agosto<\/strong> <br \/>Bassa Musica dell&#8217;Associazione &#8220;U&#8217; Frschiett&#8221; &#8211; Citt\u00e0 di Carbonara<\/p>\n<p style=\"text-align: justify;\"><strong>25 agosto<\/strong> <br \/>Banda Citta di Lecce<\/p>\n<p style=\"text-align: justify;\"><strong>26 agosto<\/strong> <br \/>Banda Citta di Turi e e Banda <br \/>Citt\u00e0 di Rutigliano<\/p>\n<p style=\"text-align: justify;\"><strong>27 agosto<\/strong> <br \/>Banda Citt\u00e0 di Conversano &#8220;Piantoni&#8221; <br \/>Banda Citt\u00e0 di Conversano &#8220;Ligonzo&#8221;<\/p>\n<p><img loading=\"lazy\" decoding=\"async\" src=\"https:\/\/farm1.staticflickr.com\/858\/43646503201_18726b5408_b.jpg\" alt=\"Stampa\" width=\"640\" height=\"914\" \/><\/p>\n","protected":false},"excerpt":{"rendered":"<p><img loading=\"lazy\" decoding=\"async\" src=\"https:\/\/farm1.staticflickr.com\/940\/29755772828_f898c81989_n.jpg\" alt=\"sant'oronzo statua\" width=\"262\" height=\"320\" \/><\/p>\n","protected":false},"author":1,"featured_media":0,"comment_status":"open","ping_status":"closed","sticky":false,"template":"","format":"standard","meta":{"colormag_page_container_layout":"default_layout","colormag_page_sidebar_layout":"default_layout","footnotes":""},"categories":[6],"tags":[],"class_list":["post-15760","post","type-post","status-publish","format-standard","hentry","category-cultura"],"_links":{"self":[{"href":"https:\/\/archivioturi.lavocedelpaese.info\/index.php\/wp-json\/wp\/v2\/posts\/15760","targetHints":{"allow":["GET"]}}],"collection":[{"href":"https:\/\/archivioturi.lavocedelpaese.info\/index.php\/wp-json\/wp\/v2\/posts"}],"about":[{"href":"https:\/\/archivioturi.lavocedelpaese.info\/index.php\/wp-json\/wp\/v2\/types\/post"}],"author":[{"embeddable":true,"href":"https:\/\/archivioturi.lavocedelpaese.info\/index.php\/wp-json\/wp\/v2\/users\/1"}],"replies":[{"embeddable":true,"href":"https:\/\/archivioturi.lavocedelpaese.info\/index.php\/wp-json\/wp\/v2\/comments?post=15760"}],"version-history":[{"count":0,"href":"https:\/\/archivioturi.lavocedelpaese.info\/index.php\/wp-json\/wp\/v2\/posts\/15760\/revisions"}],"wp:attachment":[{"href":"https:\/\/archivioturi.lavocedelpaese.info\/index.php\/wp-json\/wp\/v2\/media?parent=15760"}],"wp:term":[{"taxonomy":"category","embeddable":true,"href":"https:\/\/archivioturi.lavocedelpaese.info\/index.php\/wp-json\/wp\/v2\/categories?post=15760"},{"taxonomy":"post_tag","embeddable":true,"href":"https:\/\/archivioturi.lavocedelpaese.info\/index.php\/wp-json\/wp\/v2\/tags?post=15760"}],"curies":[{"name":"wp","href":"https:\/\/api.w.org\/{rel}","templated":true}]}}