{"id":15749,"date":"2018-07-27T06:18:20","date_gmt":"2018-07-27T06:18:20","guid":{"rendered":"https:\/\/archivioturi.lavocedelpaese.info\/index.php\/2018\/07\/27\/sguardo-al-futuro-della-cooperativa\/"},"modified":"2018-07-27T06:18:20","modified_gmt":"2018-07-27T06:18:20","slug":"sguardo-al-futuro-della-cooperativa","status":"publish","type":"post","link":"https:\/\/archivioturi.lavocedelpaese.info\/index.php\/2018\/07\/27\/sguardo-al-futuro-della-cooperativa\/","title":{"rendered":"Sguardo al futuro della Cooperativa"},"content":{"rendered":"<p><img loading=\"lazy\" decoding=\"async\" src=\"https:\/\/farm1.staticflickr.com\/839\/42699511345_ab90640b54_n.jpg\" alt=\"L'intervento del presidente Giuliani\" width=\"320\" height=\"256\" \/><\/p>\n<p style=\"text-align: center;\"><strong>Con Vito Donato Giuliani si fa un punto della situazione e si guarda alle prossime azioni<\/strong><\/p>\n<p style=\"text-align: justify;\">\u201cBuonasera. Ci rivediamo qui dopo la lunga pausa della campagna cerasicola. Stasera faremo un punto della situazione e valuteremo le azioni per il prossimo futuro\u201d. Apre con queste parole il presidente della Cooperativa L\u2019Ortofrutticola, Vito Donato Giuliani, nel pomeriggio di venerd\u00ec 13 luglio. Un incontro tra soci, quello che definisce i progressi di una realt\u00e0 turese che con difficolt\u00e0 ma tanto impegno cerca di risollevarsi e portare in alto il suo nome.<\/p>\n<p style=\"text-align: justify;\">Fiducioso il nuovo Consiglio di Amministrazione, presieduto appunto da Giuliani, che pone le basi di importanti cambiamenti che gi\u00e0 da qualche mese, dal momento del suo insediamento, ha iniziato a portare. <br \/>Circa duecento quaranta soci oggi compongono la Cooperativa, numeri destinati a crescere, come ha anche pronunciato il vice presidente Tonio Palmisano, e che oggi con non poca fatica si impegnano a creare una realt\u00e0 ortofrutticola che porta direttamente i produttori nei mercati nazionali &#8211; e a breve internazionali, come ha annunciato il presidente Giuliani.<\/p>\n<p><img loading=\"lazy\" decoding=\"async\" src=\"https:\/\/farm1.staticflickr.com\/838\/29733914288_7d23819430_n.jpg\" alt=\"L'Ortofrutticola - I soci presenti alla riunione\" style=\"margin: 6px; float: right;\" width=\"320\" height=\"240\" \/><\/p>\n<p style=\"text-align: justify;\">Decisamente con un segno positivo si chiude il bilancio cerasicolo della struttura turese che in pochi mesi ha portato nelle piazze italiane circa 800 quintali di cilieie di prima e seconda scelta. \u201cMi scuso con coloro che non sono riusciti a scaricare\u201d &#8211; aggiunge amareggiato Vito Donato Giuliani, ammettendo come non sempre la richiesta dei piazzisti soddisfacesse le reali quantit\u00e0 di prodotto. \u201cTutto sommato come primo anno possiamo ritenerci soddisfatti\u201d. Sono infatti numeri che fanno ben sperare e che raccontano di un impegno, da parte di tutti i soci, che, nonostante le necessit\u00e0 personali, fanno la loro parte, mettono in gioco la propria quota societaria per far sempre pi\u00f9 crescere una realt\u00e0 che porta il nome dei turesi sulle tavole mondiali. Ciliegie, albicocche, pesche e percoche e a breve anche uva da tavola, i prodotti che sino ad oggi hanno trovato spazio nelle piazze di Roma, Verona, Bergamo, Udine, Parma e Milano. Circa duecento mila euro i soldi raccolti dalla sola campagna cerasicola che pongono le basi di un futuro di migliorie per la struttura della Cooperativa.<\/p>\n<p style=\"text-align: justify;\">\u201cSin dal nostro insediamento abbiamo lavorato per creare la cella di abbattimento &#8211; specifica Giuliani &#8211; ma \u00e8 necessario ultimarla portandovi energia elettrica. Abbiamo ripulito il piazzale antistante, liberandolo da plastica, detriti, fusti, resina e vetro. Nel contempo, abbiamo lavorato sull\u2019impianto di illuminazione esterno, sistemato gli uffici e i loro infissi. Ma tanto \u00e8 ancora il lavoro da fare. Nell&#8217;immediato futuro dobbiamo sistemare la raccolta dell\u2019acqua ponendo tre vasche all&#8217;esterno, come richiesto dalla Asl, e sistemare i capannoni che altrimenti sono destinati a deteriorarsi sempre pi\u00f9. Intenzione del CdA \u00e8 anche acquistare una calibratrice, magari usata ma in ottimo stato\u201d.<\/p>\n<p style=\"text-align: justify;\">Interessante anche l&#8217;idea di lavorare sui prodotti stessi, creando uno spazio all\u2019interno della Cooperativa nel quale realizzare prodotti dalle materie prime, come la confettura di pesche o albicocche, gi\u00e0 composte col marchio \u201cPerla Rossa&#8221;.<\/p>\n<p style=\"text-align: justify;\">Uno sguardo verso l&#8217;orizzonte \u00e8 quello che anima il CdA de L\u2019Ortofrutticola che vuole trovare spazio nei mercati internazionali e nazionali in ogni stagione dell&#8217;anno. Fondamentale per questo l&#8217;impegno di ogni socio chiamato oggi a versare una quota societaria che servir\u00e0 a coprire una parte delle spese per il progresso della stessa realt\u00e0, che con il nuovo CdA promette maggiore presenza sui mercati e massima visibilit\u00e0 per i prodotti turesi.<\/p>\n","protected":false},"excerpt":{"rendered":"<p><img loading=\"lazy\" decoding=\"async\" src=\"https:\/\/farm1.staticflickr.com\/839\/42699511345_ab90640b54_n.jpg\" alt=\"L'intervento del presidente Giuliani\" width=\"320\" height=\"256\" \/><\/p>\n","protected":false},"author":1,"featured_media":0,"comment_status":"open","ping_status":"closed","sticky":false,"template":"","format":"standard","meta":{"colormag_page_container_layout":"default_layout","colormag_page_sidebar_layout":"default_layout","footnotes":""},"categories":[7],"tags":[],"class_list":["post-15749","post","type-post","status-publish","format-standard","hentry","category-attualita"],"_links":{"self":[{"href":"https:\/\/archivioturi.lavocedelpaese.info\/index.php\/wp-json\/wp\/v2\/posts\/15749","targetHints":{"allow":["GET"]}}],"collection":[{"href":"https:\/\/archivioturi.lavocedelpaese.info\/index.php\/wp-json\/wp\/v2\/posts"}],"about":[{"href":"https:\/\/archivioturi.lavocedelpaese.info\/index.php\/wp-json\/wp\/v2\/types\/post"}],"author":[{"embeddable":true,"href":"https:\/\/archivioturi.lavocedelpaese.info\/index.php\/wp-json\/wp\/v2\/users\/1"}],"replies":[{"embeddable":true,"href":"https:\/\/archivioturi.lavocedelpaese.info\/index.php\/wp-json\/wp\/v2\/comments?post=15749"}],"version-history":[{"count":0,"href":"https:\/\/archivioturi.lavocedelpaese.info\/index.php\/wp-json\/wp\/v2\/posts\/15749\/revisions"}],"wp:attachment":[{"href":"https:\/\/archivioturi.lavocedelpaese.info\/index.php\/wp-json\/wp\/v2\/media?parent=15749"}],"wp:term":[{"taxonomy":"category","embeddable":true,"href":"https:\/\/archivioturi.lavocedelpaese.info\/index.php\/wp-json\/wp\/v2\/categories?post=15749"},{"taxonomy":"post_tag","embeddable":true,"href":"https:\/\/archivioturi.lavocedelpaese.info\/index.php\/wp-json\/wp\/v2\/tags?post=15749"}],"curies":[{"name":"wp","href":"https:\/\/api.w.org\/{rel}","templated":true}]}}