{"id":15736,"date":"2018-07-24T16:25:02","date_gmt":"2018-07-24T16:25:02","guid":{"rendered":"https:\/\/archivioturi.lavocedelpaese.info\/index.php\/2018\/07\/24\/testimoni-di-geova-conclusi-i-congressi-del-2018\/"},"modified":"2018-07-24T16:25:02","modified_gmt":"2018-07-24T16:25:02","slug":"testimoni-di-geova-conclusi-i-congressi-del-2018","status":"publish","type":"post","link":"https:\/\/archivioturi.lavocedelpaese.info\/index.php\/2018\/07\/24\/testimoni-di-geova-conclusi-i-congressi-del-2018\/","title":{"rendered":"Testimoni di Geova, conclusi i congressi del 2018"},"content":{"rendered":"<p><img loading=\"lazy\" decoding=\"async\" src=\"https:\/\/farm1.staticflickr.com\/849\/43489159182_90d787cbce_n.jpg\" alt=\"Congresso Fiera 2\" width=\"320\" height=\"159\" \/><\/p>\n<p style=\"text-align: justify;\">L\u2019evento che si \u00e8 concluso il 15 luglio, presso il nuovo padiglione della Fiera del Levante, che ha coinvolto i Testimoni di Geova di Turi, \u00e8 stato l\u2019ultimo della serie dei congressi di zona dei Testimoni di Geova dal tema: \u201cSii coraggioso\u201d tenuti a Bari. Il bilancio della manifestazione \u00e8 stato positivo non solo in termini di presenze (il massimo per i tre congressi \u00e8 stato di oltre 25mila e 172 persone tra i 12 e gli 82 anni si sono battezzate).<\/p>\n<p style=\"text-align: justify;\">I congressisti hanno espresso entusiasmo per il programma presentato, ricco di video tratti da situazioni reali che hanno permesso ai presenti di immedesimarsi e applicare alla propria vita i preziosi consigli tratti dalla Bibbia. I loro commenti sono molto eloquenti.<\/p>\n<p style=\"text-align: justify;\">Rosalia, 15 anni: \u201cUn video ha spiegato che grazie allo studio personale della Bibbia posso trovare il coraggio necessario per affrontare qualsiasi tipo di difficolt\u00e0. \u00c8 stato davvero incoraggiante!\u201d<\/p>\n<p style=\"text-align: justify;\">Antonio, 43 anni: \u201cLa Bibbia \u00e8 un dono di Dio, lo ringrazio per questo e mi avvalgo di questa guida perch\u00e9 mi permette di essere un marito e un genitore migliore\u201d.<\/p>\n<p style=\"text-align: justify;\">Roberto, 22 anni: \u201d\u00c8 stato bellissimo rendersi conto che facciamo parte di una grande famiglia internazionale. Abbiamo tutti problemi simili, ma anche i migliori consigli a disposizione!\u201d<\/p>\n<p style=\"text-align: justify;\">Claudio Cutrignelli, portavoce dei Testimoni di Geova ha dichiarato: \u201cLe informazioni presentate sono state molto efficaci perch\u00e9 hanno offerto lezioni pratiche tratte dalla fonte pi\u00f9 autorevole, la Bibbia!Il discorso pubblico dal tema: \u201cLa speranza della risurrezione ci d\u00e0 coraggio\u201d, per esempio, \u00e8 stato davvero molto confortante. Ha spiegato perch\u00e9, prospettando il miracolo della risurrezione, Ges\u00f9 pot\u00e9 dire a un padre distrutto dal dolore: \u201cNon aver paura\u201d (Marco 5:36) e perch\u00e9 anche noi, oggi, possiamo avere assoluta fiducia nella promessa della risurrezione menzionata nei vangeli.Anche il film proiettato nel pomeriggio di domenica \u00e8 stato molto apprezzato. I presenti si sono subito immedesimati nel protagonista, il profeta Giona, un uomo che ha imparato a gestire le sue paure con l\u2019aiuto e il sostegno di Dio\u201d.<\/p>\n<p style=\"text-align: justify;\">Gli organizzatori degli eventi pugliesi hanno manifestato soddisfazione per la collaborazione ricevuta dalla presidenza e dal personale della Fiera del Levante, dall\u2019amministrazione comunale e per il servizio prestato dalle forze dell\u2019ordine.<\/p>\n<p style=\"text-align: justify;\">I Testimoni di Geova ringraziano inoltre le strutture ricettive per l\u2019accoglienza e rinnovano l\u2019appuntamento per la serie dei congressi del 2019.<\/p>\n<p><iframe loading=\"lazy\" width=\"560\" height=\"315\" src=\"https:\/\/www.youtube.com\/embed\/IKSs7KYs3yc\" frameborder=\"0\" allow=\"autoplay; encrypted-media\" allowfullscreen=\"true\"><\/iframe><\/p>\n","protected":false},"excerpt":{"rendered":"<p><img loading=\"lazy\" decoding=\"async\" src=\"https:\/\/farm1.staticflickr.com\/849\/43489159182_90d787cbce_n.jpg\" alt=\"Congresso Fiera 2\" width=\"320\" height=\"159\" \/><\/p>\n","protected":false},"author":1,"featured_media":0,"comment_status":"open","ping_status":"closed","sticky":false,"template":"","format":"standard","meta":{"colormag_page_container_layout":"default_layout","colormag_page_sidebar_layout":"default_layout","footnotes":""},"categories":[6],"tags":[],"class_list":["post-15736","post","type-post","status-publish","format-standard","hentry","category-cultura"],"_links":{"self":[{"href":"https:\/\/archivioturi.lavocedelpaese.info\/index.php\/wp-json\/wp\/v2\/posts\/15736","targetHints":{"allow":["GET"]}}],"collection":[{"href":"https:\/\/archivioturi.lavocedelpaese.info\/index.php\/wp-json\/wp\/v2\/posts"}],"about":[{"href":"https:\/\/archivioturi.lavocedelpaese.info\/index.php\/wp-json\/wp\/v2\/types\/post"}],"author":[{"embeddable":true,"href":"https:\/\/archivioturi.lavocedelpaese.info\/index.php\/wp-json\/wp\/v2\/users\/1"}],"replies":[{"embeddable":true,"href":"https:\/\/archivioturi.lavocedelpaese.info\/index.php\/wp-json\/wp\/v2\/comments?post=15736"}],"version-history":[{"count":0,"href":"https:\/\/archivioturi.lavocedelpaese.info\/index.php\/wp-json\/wp\/v2\/posts\/15736\/revisions"}],"wp:attachment":[{"href":"https:\/\/archivioturi.lavocedelpaese.info\/index.php\/wp-json\/wp\/v2\/media?parent=15736"}],"wp:term":[{"taxonomy":"category","embeddable":true,"href":"https:\/\/archivioturi.lavocedelpaese.info\/index.php\/wp-json\/wp\/v2\/categories?post=15736"},{"taxonomy":"post_tag","embeddable":true,"href":"https:\/\/archivioturi.lavocedelpaese.info\/index.php\/wp-json\/wp\/v2\/tags?post=15736"}],"curies":[{"name":"wp","href":"https:\/\/api.w.org\/{rel}","templated":true}]}}