{"id":15735,"date":"2018-07-23T16:21:45","date_gmt":"2018-07-23T16:21:45","guid":{"rendered":"https:\/\/archivioturi.lavocedelpaese.info\/index.php\/2018\/07\/23\/il-black-devil-spegne-6-candeline\/"},"modified":"2018-07-23T16:21:45","modified_gmt":"2018-07-23T16:21:45","slug":"il-black-devil-spegne-6-candeline","status":"publish","type":"post","link":"https:\/\/archivioturi.lavocedelpaese.info\/index.php\/2018\/07\/23\/il-black-devil-spegne-6-candeline\/","title":{"rendered":"Il Black Devil spegne 6 candeline"},"content":{"rendered":"<p><img loading=\"lazy\" decoding=\"async\" src=\"https:\/\/farm1.staticflickr.com\/855\/42819502554_ab20901465_n.jpg\" alt=\"Black Devisl - 6\u00b0 anniversario (2)\" width=\"240\" height=\"320\" \/><\/p>\n<p style=\"text-align: center;\"><strong>Festa di compleanno per il locale pasticceria trendy della movida turese<\/strong><\/p>\n<p style=\"text-align: justify;\">Musica, gelato, pasticceria. Sono questi gli ingredienti del Black Devil che ha compiuto 6 anni. Abbiamo intervistato il titolare, che invita tutti i suoi colleghi a fare squadra e a entrare nella mentalit\u00e0 del turista, per una Turi pi\u00f9 a portata di turisti.<\/p>\n<p style=\"text-align: justify;\">&nbsp;<\/p>\n<p style=\"text-align: justify;\"><strong>Sono passati gi\u00e0 tanti anni, cosa \u00e8 cambiato da allora?<\/strong><\/p>\n<p style=\"text-align: justify;\">\u201cBeh 6 anni \u00e8 un bel traguardo ma c&#8217;\u00e8 ancora tanto da fare. Sono molto contento di aver comunque ottenuto dei risultati importanti ed essere apprezzato dai turesi e non, per il lavoro fatto fin qui, meriti che vanno assolutamente condivisi con tutti i miei ragazzi\u201d.<\/p>\n<p style=\"text-align: justify;\">&nbsp;<\/p>\n<p style=\"text-align: justify;\"><strong>La sfida \u00e8 quella di offrire divertimento e locali anche per i giovani. Si sta realizzando il sogno?<\/strong><\/p>\n<p style=\"text-align: justify;\">\u201cLa mia attivit\u00e0 si concentra su un lavoro un po\u2019 diverso, prevalentemente siamo una caffetteria pasticceria. Diciamo che la sera a volte organizziamo delle serate a tema dove intratteniamo i nostri clienti con della buona musica ma ripeto, \u00e8 una location che si presta ad un lavoro differente (anche per grandezza del locale e in condominio)\u201d.<\/p>\n<p style=\"text-align: justify;\">&nbsp;<\/p>\n<p style=\"text-align: justify;\"><strong>Oltre ai turesi, ci sono i turisti che frequentano sempre pi\u00f9 la nostra Turi. Quali servizi mancano ancora per la nostra citt\u00e0?<\/strong><\/p>\n<p style=\"text-align: justify;\">\u201cTuri, i turesi e le attivit\u00e0 di Turi devono crescere ancora molto per entrare nella concezione di far arrivare e trattenere il turista a Turi. Tutto questo deve innanzitutto partire dall&#8217;amministrazione che deve avere secondo me, una mentalit\u00e0 imprenditoriale guidata magari da un giovane.<\/p>\n<p style=\"text-align: justify;\">Poi, a ruota tutto il resto compreso noi commercianti. I b&amp;b comunque, stanno facendo un buonissimo lavoro, sono convenzionato con alcuni di loro e i loro clienti sono soddisfatti di come vengono serviti\u201d.<\/p>\n<p style=\"text-align: justify;\">&nbsp;<\/p>\n<p style=\"text-align: justify;\"><strong>Voi commercianti e categorie state imparando a fare squadra?<\/strong><\/p>\n<p style=\"text-align: justify;\">\u201cCome detto prima noi commercianti e categorie, dobbiamo essere pi\u00f9 uniti, tutti devono dare qualcosa in pi\u00f9 e non vedere solo dentro la propria attivit\u00e0.<\/p>\n<p style=\"text-align: justify;\">S\u00ec lo so, tutti diciamo questa cosa ma la pratica \u00e8 un po&#8217; distante.<\/p>\n<p style=\"text-align: justify;\">Per\u00f2, sono sicuro che cresceremo anche sotto questo punto di vista, abbiamo un&#8217;associazione di partite Iva &#8220;TuriAttiva&#8221;, che sta cercando di lavorare in tal senso, non \u00e8 facile ripeto ma ce la faremo\u201d.<\/p>\n<p style=\"text-align: justify;\">&nbsp;<\/p>\n<p style=\"text-align: justify;\"><strong>Quali sono i gusti gelato di questa estate 2018?<\/strong><\/p>\n<p style=\"text-align: justify;\">\u201cI gusti classici sono gli intramontabili. La nocciola igp Piemonte guida la classifica, a ruota il cioccolato fondente e il pistacchio di Bronte.<\/p>\n<p style=\"text-align: justify;\">Il Black quest&#8217;anno ha inserito e consiglia questo abbinamento: mandorla di Toritto e ricotta variegato ai fichi caramellati&#8230; uno spettacolo\u201d.<\/p>\n<p style=\"text-align: justify;\"><strong><br \/><\/strong><\/p>\n<p style=\"text-align: justify;\"><strong>La selezione musicale \u00e8 il top del vostro locale. Quali brani sceglieresti per questo anniversario?<\/strong><\/p>\n<p style=\"text-align: justify;\">\u201cLa selezione musicale \u00e8 il top perch\u00e9 mi affido a dei ragazzi bravi (vedi il gruppo \u201cA SENZIO UNICO&#8221;), sono dei ragazzi di Turi bravissimi a cui auguro il meglio. Poi come dire, mi affido al buon Paolo Pagliarulo per musica di intrattenimento\u201d.<\/p>\n<p style=\"text-align: justify;\"><strong><br \/><\/strong><\/p>\n<p style=\"text-align: justify;\"><strong>Che altro dire&#8230;<\/strong><\/p>\n<p style=\"text-align: justify;\">\u201cVi aspetto tutti alla prossima apertura a Turi di un locale serale dove 4 ragazzi pazzi hanno deciso di investire per offrire a Turi e ai turesi qualcosa che manca, augurandoci di portare turisti. A presto!\u201d.<\/p>\n<p><object width=\"640\" height=\"480\" data=\"https:\/\/www.flickr.com\/apps\/slideshow\/show.swf?v=261948265\" type=\"application\/x-shockwave-flash\"><param name=\"flashvars\" value=\"offsite=true&amp;lang=it-it&amp;page_show_url=%2Fphotos%2F91470992%40N02%2Fsets%2F72157669324880817%2Fshow%2F&amp;page_show_back_url=%2Fphotos%2F91470992%40N02%2Fsets%2F72157669324880817%2F&amp;set_id=72157669324880817&amp;jump_to=0\" \/><param name=\"movie\" value=\"https:\/\/www.flickr.com\/apps\/slideshow\/show.swf?v=261948265\" \/><param name=\"allowFullScreen\" value=\"true\" \/><\/object><\/p>\n","protected":false},"excerpt":{"rendered":"<p><img loading=\"lazy\" decoding=\"async\" src=\"https:\/\/farm1.staticflickr.com\/855\/42819502554_ab20901465_n.jpg\" alt=\"Black Devisl - 6\u00b0 anniversario (2)\" width=\"240\" height=\"320\" \/><\/p>\n","protected":false},"author":1,"featured_media":0,"comment_status":"open","ping_status":"closed","sticky":false,"template":"","format":"standard","meta":{"colormag_page_container_layout":"default_layout","colormag_page_sidebar_layout":"default_layout","footnotes":""},"categories":[7],"tags":[],"class_list":["post-15735","post","type-post","status-publish","format-standard","hentry","category-attualita"],"_links":{"self":[{"href":"https:\/\/archivioturi.lavocedelpaese.info\/index.php\/wp-json\/wp\/v2\/posts\/15735","targetHints":{"allow":["GET"]}}],"collection":[{"href":"https:\/\/archivioturi.lavocedelpaese.info\/index.php\/wp-json\/wp\/v2\/posts"}],"about":[{"href":"https:\/\/archivioturi.lavocedelpaese.info\/index.php\/wp-json\/wp\/v2\/types\/post"}],"author":[{"embeddable":true,"href":"https:\/\/archivioturi.lavocedelpaese.info\/index.php\/wp-json\/wp\/v2\/users\/1"}],"replies":[{"embeddable":true,"href":"https:\/\/archivioturi.lavocedelpaese.info\/index.php\/wp-json\/wp\/v2\/comments?post=15735"}],"version-history":[{"count":0,"href":"https:\/\/archivioturi.lavocedelpaese.info\/index.php\/wp-json\/wp\/v2\/posts\/15735\/revisions"}],"wp:attachment":[{"href":"https:\/\/archivioturi.lavocedelpaese.info\/index.php\/wp-json\/wp\/v2\/media?parent=15735"}],"wp:term":[{"taxonomy":"category","embeddable":true,"href":"https:\/\/archivioturi.lavocedelpaese.info\/index.php\/wp-json\/wp\/v2\/categories?post=15735"},{"taxonomy":"post_tag","embeddable":true,"href":"https:\/\/archivioturi.lavocedelpaese.info\/index.php\/wp-json\/wp\/v2\/tags?post=15735"}],"curies":[{"name":"wp","href":"https:\/\/api.w.org\/{rel}","templated":true}]}}