{"id":15728,"date":"2018-07-19T13:31:26","date_gmt":"2018-07-19T13:31:26","guid":{"rendered":"https:\/\/archivioturi.lavocedelpaese.info\/index.php\/2018\/07\/19\/impariamo-litaliamo\/"},"modified":"2018-07-19T13:31:26","modified_gmt":"2018-07-19T13:31:26","slug":"impariamo-litaliamo","status":"publish","type":"post","link":"https:\/\/archivioturi.lavocedelpaese.info\/index.php\/2018\/07\/19\/impariamo-litaliamo\/","title":{"rendered":"IMPARIAMO L&#8217;ITALI(AMO)"},"content":{"rendered":"<p><img loading=\"lazy\" decoding=\"async\" src=\"https:\/\/farm1.staticflickr.com\/835\/43344708622_1cc02929c8_n.jpg\" alt=\"Vincenzo Abbinante (1)\" width=\"320\" height=\"240\" \/><\/p>\n<p style=\"text-align: center;\"><strong>Grande successo per un progetto di interscambio culturale tra marocchini e italiani<\/strong><\/p>\n<p style=\"text-align: justify;\">Un concreto e interessante progetto di sperimentazione e di interscambio culturale si \u00e8 concluso in questi giorni a Latiano e ha visto protagonisti decine di marocchini della comunit\u00e0 maghrebina del Comune brindisino.<\/p>\n<p><img loading=\"lazy\" decoding=\"async\" src=\"https:\/\/farm2.staticflickr.com\/1769\/43344708232_f152f684f5_n.jpg\" alt=\"Vincenzo Abbinante (4)\" style=\"margin: 6px; float: right;\" width=\"320\" height=\"180\" \/><\/p>\n<p style=\"text-align: justify;\">I protagonisti di questo progetto hanno partecipato a un corso di lingua araba e italiana. Vincenzo Abbinante, console onorario del Regno del Marocco, ha partecipato all&#8217;assegnazione degli attestati, assieme ad altre autorit\u00e0 di spicco, tra cui il sindaco dell&#8217;area metropolitana Antonio Decaro, Rachid Daidai console generale in Napoli, il prefetto di Bari e il dirigente della Digos Michele De Tulio.<\/p>\n<p style=\"text-align: justify;\">Un progetto di vero interscambio culturale, tanto \u00e8 vero che alcuni italiani hanno appreso delle parole in lingua araba. C&#8217;\u00e8 stata anche la firma di una carta d&#8217;identit\u00e0 italiana.<\/p>\n<p style=\"text-align: justify;\">Inoltre sono state prese anche in esame le potenzialit\u00e0 della comunit\u00e0 marocchina in Italia e in Puglia. E ci sono delle nuove performance che riguardano la comunit\u00e0 in Puglia con delle programmazioni di concetto totalmente sociale, che verranno messe a disposizione gi\u00e0 a ottobre 2018.<\/p>\n<p style=\"text-align: justify;\">Si potr\u00e0 creare ad esempio una societ\u00e0 cooperativa di catering made in Marocco che vada in giro a padroneggiare le feste dei Comuni in Puglia. Ci saranno anche dei corsi di cucina specializzata maghrebina tra i progetti futuri, siglando un protocollo con un Istituto Alberghiero che faccia assorbire le culture gastronomiche marocchine anche in Italia. Con tanto di borsa di studio. Questa \u00e8 intercultura vera e concreta.<\/p>\n<p><img loading=\"lazy\" decoding=\"async\" src=\"https:\/\/farm1.staticflickr.com\/920\/43344707912_d8a0dca43a_z.jpg\" alt=\"Vincenzo Abbinante (6)\" style=\"display: block; margin-left: auto; margin-right: auto;\" width=\"640\" height=\"480\" \/><\/p>\n","protected":false},"excerpt":{"rendered":"<p><img loading=\"lazy\" decoding=\"async\" src=\"https:\/\/farm1.staticflickr.com\/835\/43344708622_1cc02929c8_n.jpg\" alt=\"Vincenzo Abbinante (1)\" width=\"320\" height=\"240\" \/><\/p>\n","protected":false},"author":1,"featured_media":0,"comment_status":"open","ping_status":"closed","sticky":false,"template":"","format":"standard","meta":{"colormag_page_container_layout":"default_layout","colormag_page_sidebar_layout":"default_layout","footnotes":""},"categories":[7],"tags":[],"class_list":["post-15728","post","type-post","status-publish","format-standard","hentry","category-attualita"],"_links":{"self":[{"href":"https:\/\/archivioturi.lavocedelpaese.info\/index.php\/wp-json\/wp\/v2\/posts\/15728","targetHints":{"allow":["GET"]}}],"collection":[{"href":"https:\/\/archivioturi.lavocedelpaese.info\/index.php\/wp-json\/wp\/v2\/posts"}],"about":[{"href":"https:\/\/archivioturi.lavocedelpaese.info\/index.php\/wp-json\/wp\/v2\/types\/post"}],"author":[{"embeddable":true,"href":"https:\/\/archivioturi.lavocedelpaese.info\/index.php\/wp-json\/wp\/v2\/users\/1"}],"replies":[{"embeddable":true,"href":"https:\/\/archivioturi.lavocedelpaese.info\/index.php\/wp-json\/wp\/v2\/comments?post=15728"}],"version-history":[{"count":0,"href":"https:\/\/archivioturi.lavocedelpaese.info\/index.php\/wp-json\/wp\/v2\/posts\/15728\/revisions"}],"wp:attachment":[{"href":"https:\/\/archivioturi.lavocedelpaese.info\/index.php\/wp-json\/wp\/v2\/media?parent=15728"}],"wp:term":[{"taxonomy":"category","embeddable":true,"href":"https:\/\/archivioturi.lavocedelpaese.info\/index.php\/wp-json\/wp\/v2\/categories?post=15728"},{"taxonomy":"post_tag","embeddable":true,"href":"https:\/\/archivioturi.lavocedelpaese.info\/index.php\/wp-json\/wp\/v2\/tags?post=15728"}],"curies":[{"name":"wp","href":"https:\/\/api.w.org\/{rel}","templated":true}]}}