{"id":15726,"date":"2018-07-19T05:54:43","date_gmt":"2018-07-19T05:54:43","guid":{"rendered":"https:\/\/archivioturi.lavocedelpaese.info\/index.php\/2018\/07\/19\/fratelli-ditalia-si-fa-in-sette\/"},"modified":"2018-07-19T05:54:43","modified_gmt":"2018-07-19T05:54:43","slug":"fratelli-ditalia-si-fa-in-sette","status":"publish","type":"post","link":"https:\/\/archivioturi.lavocedelpaese.info\/index.php\/2018\/07\/19\/fratelli-ditalia-si-fa-in-sette\/","title":{"rendered":"Fratelli d&#8217;Italia si fa in sette"},"content":{"rendered":"<p><img loading=\"lazy\" decoding=\"async\" src=\"https:\/\/farm2.staticflickr.com\/1784\/41584553180_074322fe84_n.jpg\" alt=\"Sandro Laera comizio luglio 2018\" width=\"320\" height=\"180\" \/><\/p>\n<p style=\"text-align: center;\"><strong>Ecco le sette &#8216;meraviglie&#8217; di Turi al comizio del 7 luglio<\/strong><\/p>\n<p style=\"text-align: justify;\">Sanit\u00e0, ordine pubblico, infrastrutture, decoro urbano, rimodulazione pagamento Tari, cultura e i nuovi bandi per i dipendenti pubblici. Questi i sette temi affrontati dai Fratelli d&#8217;Italia Turi al comizio del 7 luglio scorso. Li ripercorriamo insieme a Sandro Laera in questa intervista.<\/p>\n<p style=\"text-align: justify;\"><strong>Com&#8217;\u00e8 andato il comizio? Che bilancio possiamo fare?<\/strong><\/p>\n<p style=\"text-align: justify;\">&#8220;Il Comizio di sabato 7 luglio \u00e8 andato benissimo perch\u00e9 nuovamente abbiamo dato dimostrazione di essere gli unici che veramente fanno politica a Turi e che siamo una grande squadra affiatata nella quale ognuno riesce a portare il proprio contributo. Questi sono tutti i presupposti che deve avere una squadra per essere pronta a governare il nostro Comune nel 2019. Noi la siamo e la vorremmo condividere con coloro che rispecchiano tali caratteristiche&#8221;.<\/p>\n<p style=\"text-align: justify;\">&nbsp;<\/p>\n<p style=\"text-align: justify;\"><strong>Quali sono stati in sintesi i temi affrontati?<\/strong><\/p>\n<p style=\"text-align: justify;\">&#8220;Durante il Comizio abbiamo affrontato le tante tematiche e problematiche che attanagliano Turi in questo periodo: sanit\u00e0, ordine pubblico, decoro urbano e problemi alle infrastrutture come strade e spazi verdi. Come al solito tutto condito dal frizzante Giovanni Settanni, che ha saputo tenere sempre &#8220;la piazza&#8221; con la sua verve polemica.<\/p>\n<p style=\"text-align: justify;\">Una menzione speciale e commossa \u00e8 stata l&#8217;ultima parte del Comizio dove il neo Presidente dell&#8217;Associazione MO.DA.VI. Turi, Massimo Sportelli, ha presentato il progetto con l&#8217;Unitalsi di Turi per una raccolta fondi straordinaria per aiutare questa associazione di volontariato molto importante per tante famiglie di Turi. Posso solo dire che ogni volta che rivedo il video realizzato mi commuovo per le immagini, per i volti dei turesi e per le parole piene di umanit\u00e0 e di vero amore per il prossimo espressa da Anna Componobile, presidente della sezione di Turi dell&#8217;Unitalsi.<\/p>\n<p style=\"text-align: justify;\">In questa occasione rivolgo un appello a tutti i turesi per donare qualche euro in favore di questa importante iniziativa, si pu\u00f2 effettuare o direttamente alla presidente dell\u2019UNITALSI di Turi Anna Camponobile oppure attraverso bonifico sul presente codice IBAN:IT 85 S 02008 04030 000101989683 intestato ad U.N.I.T.A.L.S.I. SOTTOSEZ. DI CONVERSANO GRUPPO U.N.I.T.A.L.S.I. TURI&#8221;.<\/p>\n<p style=\"text-align: justify;\">&nbsp;<\/p>\n<p style=\"text-align: justify;\"><strong>Che reazioni e risposte ci sono state?<\/strong><\/p>\n<p style=\"text-align: justify;\">&#8220;I turesi hanno fame di fare politica ed hanno bisogno di una continua informazione, ma vorrei anche qui esprimere un desiderio gi\u00e0 espresso durante il mio intervento nel Comizio: i turesi devono interessarsi di pi\u00f9 al loro paese, partecipare attivamente alla vita politica senza alcuna remora perch\u00e9 il futuro \u00e9 &#8220;un foglio bianco da scrivere insieme&#8221;! Vorrei vedere pi\u00f9 giovani e donne che ci mettano la faccia per il nostro paese, abbiamo bisogno di loro in questo momento storico! Aiutateci a ricostruire Turi!&#8221;.<\/p>\n<p style=\"text-align: justify;\">&nbsp;<\/p>\n<p style=\"text-align: justify;\"><strong>E l&#8217;intervento di Imma Bianco sulla Sanit\u00e0?<\/strong><\/p>\n<p style=\"text-align: justify;\">&#8220;L&#8217;intervento di Imma Bianco \u00e8 stato quello pi\u00f9 sentito e partecipato emotivamente perch\u00e9 per Imma era la prima volta in Piazza, ma ha saputo egregiamente esprimere la nostra posizione sulla sanit\u00e0 pubblica a Turi! Noi di Fratelli d&#8217;Italia chiediamo che i turesi non vengono sempre messi in sordina e trattati da cittadini di Serie B! La difesa dell&#8217;Ospedale di Putignano \u00e8 la difesa del nostro diritto alla Salute! La battaglia per noi continua a Turi, a Bari e a Roma!&#8221;.<\/p>\n<p style=\"text-align: justify;\">&nbsp;<\/p>\n<p style=\"text-align: justify;\"><strong>Siete voi gli unici a fare opposizione in questo paese?<\/strong><\/p>\n<p style=\"text-align: justify;\">&#8220;Noi non facciamo opposizione ma politica 365 giorni all&#8217;anno, non abbiamo un Comitato elettorale aperto ma un Partito fatto di uomini, donne e ragazzi che settimanalmente si riuniscono e discutono la linea politica da tenere su tutti fronti! Siamo una grande squadra: il vero stacanovista \u00e8 Giacomo De Carolis, un coordinatore che non si stanca mai; Giovanni Settanni un &#8220;pozzo infinito&#8221; di passione politica e coerenza; Massimo Sportelli che ha portato nel gruppo le sue conoscenze tecniche e il suo essere un &#8220;caterpillar &#8221; instancabile quando si prefissa un obiettivo; Imma Bianco che con la sua freschezza e amore per Turi ci mette il cuore in tutto quello che fa. Inoltre vorrei fare una menzione speciale &#8220;alle mogli di&#8221; Angela e Diana che ci supportano e sopportano! Non sono da meno anche tutti gli altri componenti del nostro gruppo ai quali rivolgo un immenso GRAZIE per tutto ci\u00f2 che fanno e per essere presenti e di supporto ad ogni nostra iniziativa&#8221;.<\/p>\n","protected":false},"excerpt":{"rendered":"<p><img loading=\"lazy\" decoding=\"async\" src=\"https:\/\/farm2.staticflickr.com\/1784\/41584553180_074322fe84_n.jpg\" alt=\"Sandro Laera comizio luglio 2018\" width=\"320\" height=\"180\" \/><\/p>\n","protected":false},"author":1,"featured_media":0,"comment_status":"open","ping_status":"closed","sticky":false,"template":"","format":"standard","meta":{"colormag_page_container_layout":"default_layout","colormag_page_sidebar_layout":"default_layout","footnotes":""},"categories":[4],"tags":[],"class_list":["post-15726","post","type-post","status-publish","format-standard","hentry","category-politica"],"_links":{"self":[{"href":"https:\/\/archivioturi.lavocedelpaese.info\/index.php\/wp-json\/wp\/v2\/posts\/15726","targetHints":{"allow":["GET"]}}],"collection":[{"href":"https:\/\/archivioturi.lavocedelpaese.info\/index.php\/wp-json\/wp\/v2\/posts"}],"about":[{"href":"https:\/\/archivioturi.lavocedelpaese.info\/index.php\/wp-json\/wp\/v2\/types\/post"}],"author":[{"embeddable":true,"href":"https:\/\/archivioturi.lavocedelpaese.info\/index.php\/wp-json\/wp\/v2\/users\/1"}],"replies":[{"embeddable":true,"href":"https:\/\/archivioturi.lavocedelpaese.info\/index.php\/wp-json\/wp\/v2\/comments?post=15726"}],"version-history":[{"count":0,"href":"https:\/\/archivioturi.lavocedelpaese.info\/index.php\/wp-json\/wp\/v2\/posts\/15726\/revisions"}],"wp:attachment":[{"href":"https:\/\/archivioturi.lavocedelpaese.info\/index.php\/wp-json\/wp\/v2\/media?parent=15726"}],"wp:term":[{"taxonomy":"category","embeddable":true,"href":"https:\/\/archivioturi.lavocedelpaese.info\/index.php\/wp-json\/wp\/v2\/categories?post=15726"},{"taxonomy":"post_tag","embeddable":true,"href":"https:\/\/archivioturi.lavocedelpaese.info\/index.php\/wp-json\/wp\/v2\/tags?post=15726"}],"curies":[{"name":"wp","href":"https:\/\/api.w.org\/{rel}","templated":true}]}}