{"id":15717,"date":"2018-07-16T15:23:07","date_gmt":"2018-07-16T15:23:07","guid":{"rendered":"https:\/\/archivioturi.lavocedelpaese.info\/index.php\/2018\/07\/16\/i-veri-costi-del-campo-daccoglienza\/"},"modified":"2018-07-16T15:23:07","modified_gmt":"2018-07-16T15:23:07","slug":"i-veri-costi-del-campo-daccoglienza","status":"publish","type":"post","link":"https:\/\/archivioturi.lavocedelpaese.info\/index.php\/2018\/07\/16\/i-veri-costi-del-campo-daccoglienza\/","title":{"rendered":"I veri costi del campo d&#8217;accoglienza"},"content":{"rendered":"<p><img loading=\"lazy\" decoding=\"async\" src=\"https:\/\/farm2.staticflickr.com\/1766\/41582824990_e243b5e4e4_n.jpg\" alt=\"Il comitato Turi Futura\" width=\"320\" height=\"258\" \/><\/p>\n<p style=\"text-align: center;\"><strong>Tra Regione e Comune sono stati spesi oltre 800 mila euro.<\/strong><\/p>\n<p style=\"text-align: center;\"><strong>Alla vuota propaganda del centrodestra, il Comitato risponde con due soluzioni operative per il prossimo anno<\/strong><\/p>\n<p style=\"text-align: center;\"><strong><br \/><\/strong><\/p>\n<p style=\"text-align: justify;\">Il Comitato cittadino Turi Futura comunica alla cittadinanza i costi per quanto concerne il campo di accoglienza nato nel mese di giugno per ospitare i lavoratori stagionali.<\/p>\n<p style=\"text-align: justify;\">Iniziamo col dire che la Regione Puglia ha stanziato poco pi\u00f9 di 715mila euro (iva inclusa) per l&#8217;acquisto di 34 moduli abitativi, 3 bagni, 3 docce ed un modulo uso ufficio. Moduli che sono stati ceduti in concessione gratuita al nostro Comune.<\/p>\n<p style=\"text-align: justify;\">Invece, la spesa sostenuta dal Comune di Turi per la messa in opera del campo \u00e8 stata pari a 117mila euro: 57 mila euro per lavori vari; 20 mila euro di utenze Enel; 16mila euro per pulizie e sanificazione; 18 mila euro per la gestione campo e 6 mila euro per il servizio di guardiania.<\/p>\n<p style=\"text-align: justify;\">Se la Regione dar\u00e0 indietro i 58mila euro, il costo sostenuto dal Comune di Turi sar\u00e0 di 59 mila euro; viceversa se il governatore Emiliano non terr\u00e0 fede alla sua promessa, l&#8217;intera somma sar\u00e0 suddivisa tra tutti i cittadini turesi.<\/p>\n<p style=\"text-align: justify;\">In definitiva, l&#8217;accoglienza dei lavoratori stagionali, tra fondi regionali e fondi comunali, ci \u00e8 costata 832.286 euro.<\/p>\n<p style=\"text-align: justify;\">&nbsp;<\/p>\n<p style=\"text-align: center;\"><strong>Il poliambulatorio dimenticato da Emiliano<\/strong><\/p>\n<p style=\"text-align: justify;\">Noi del Comitato cittadino Turi Futura siamo indignati per la politica portata avanti dalla Regione Puglia: si investono soldi pubblici per la risoluzione di un problema &#8220;privato&#8221;, dimenticando le reali esigenze del territorio. Un esempio? Il polo ambulatoriale di Turi, dove manca tutto, compreso il personale.<\/p>\n<p style=\"text-align: justify;\">Quella del polo ambulatoriale \u00e8 una battaglia che il Comitato porta avanti da oltre tre anni. Nel 2015 abbiamo approntato un dossier in cui si evidenziavano tutte le problematiche, inclusa la vicenda del secondo pediatra. Abbiamo inviato il nostro lavoro al dottor Michele Emiliano, che ha arrogato a s\u00e9 la delega alla sanit\u00e0 regionale, e puntualmente siamo stati ignorati. Con la tenacia che ci contraddistingue, non ci siamo scoraggiati: dopo aver raccolto pi\u00f9 di 1500 firme, abbiamo promosso un confronto con Emiliano e Montanaro (Commissario Straordinario di tutte le ASL e gli Ospedali di Bari e provincia), avanzando soluzioni concrete per ognuna delle carenze riscontrate. La risposta \u00e8 stata una generica promessa di &#8220;attivarsi subito&#8221;.<\/p>\n<p style=\"text-align: justify;\">Ad oggi ci \u00e8 stata inviata solo una lettera da parte del Governatore Emiliano, tramite il dottor. Gravina, dove non si da risposta a nessuno dei punti sollevati dal Comitato.<\/p>\n<p style=\"text-align: justify;\">&nbsp;<\/p>\n<p style=\"text-align: center;\"><strong>Il baratro della propaganda<\/strong><\/p>\n<p style=\"text-align: justify;\">Noi del Comitato cittadino Turi Futura siamo arrabbiati anche con chi sfrutta i malumori della collettivit\u00e0 per fare propaganda politica per le prossime elezioni amministrative, senza sforzarsi realmente di proporre delle soluzioni ai problemi di Turi.<\/p>\n<p style=\"text-align: justify;\">\u00c8 bene ricordare che il Comitato ha chiamato i partiti di centrodestra per fare una protesta civile contro il Governatore Emiliano, in occasione del suo arrivo a Turi, lo scorso 7 giugno, per inaugurare il campo d\u2019accoglienza. Ci \u00e8 stato risposto che non valeva la pena protestare&#8230; La domanda nasce spontanea: si voleva evitare di mettere in cattiva luce qualche personaggio locale alla conquista di un banco in Consiglio comunale?<\/p>\n<p style=\"text-align: justify;\">Sempre a beneficio della memoria comune, \u00e8 altrettanto importante ricordare che sui giornali locali il centrodestra ha scritto, prima e dopo l\u2019arrivo degli stagionali, che era indispensabile trovare una sistemazione e che sarebbe stata ben accetta anche l&#8217;ipotesi di un intervento del Comune con soldi pubblici, pur trattandosi di una questione privata.<\/p>\n<p style=\"text-align: justify;\">Noi del Comitato cittadino Turi Futura riteniamo che i partiti, sia di destra che di sinistra, debbano in primis pensare ai cittadini turesi e non fare demagogia. Solleticare la &#8220;pancia&#8221; del popolo \u00e8 molto semplice e soprattutto fa comodo: applausi e consensi si possono trasformare in voti.<\/p>\n<p style=\"text-align: justify;\">Noi restiamo dell&#8217;idea che non serva continuare con questa sterile campagna politica, che guarda caso parte quando l&#8217;annata cerasicola \u00e8 ormai conclusa. Turi ha bisogno di gente che inizi a lavorare da oggi per trovare una soluzione al problema dei lavoratori stagionali, che si ripresenter\u00e0 puntuale il prossimo anno.<\/p>\n<p style=\"text-align: justify;\"><strong><br \/><\/strong><\/p>\n<p style=\"text-align: center;\"><strong>Le nostre soluzioni<\/strong><\/p>\n<p style=\"text-align: justify;\">Proprio in questo spirito, il Comitato cittadino Turi Futura ha elaborato due soluzioni che possono essere di gradimento sia per gli agricoltori che per le tasche dei cittadini turesi.<\/p>\n<p style=\"text-align: justify;\">Oggi sappiamo con certezza che chi \u00e8 andato ad alloggiare nel campo d&#8217;accoglienza ha usufruito di un regolare contratto di lavoro stagionale. Sappiamo anche che la Polizia Municipale ha censito tutte le ditte, le cooperative e i singoli agricoltori che hanno impiegato gli stagionali ospitati presso la &#8220;foresteria&#8221;.<\/p>\n<p style=\"text-align: justify;\"><strong><br \/><\/strong><\/p>\n<p style=\"text-align: center;\"><strong>12 euro per utilizzare la &#8216;foresteria&#8217;<\/strong><\/p>\n<p style=\"text-align: justify;\">La nostra prima proposta \u00e8 la seguente: dal prossimo anno, chi vuole alloggiare nei container e usufruire dei relativi servizi deve pagare 12 euro per ogni giorno di permanenza.<\/p>\n<p style=\"text-align: justify;\">Gli agricoltori che decidono di usufruire della manodopera dei braccianti stagionali migranti devono compilare un modulo, messo a disposizione dal Comune di Turi, in cui specificano la durata dell&#8217;assunzione. A conclusione del contratto, l&#8217;agricoltore detrae i 12 euro giornalieri dalla paga corrisposta al bracciante e, tramite versamento sul conto corrente del Comune, paga il costo dei giorni di permanenza del lavoratore nella &#8220;foresteria&#8221;.<\/p>\n<p style=\"text-align: justify;\">Abbiamo calcolato che se i 382 lavoratori stagionali pagassero 12 euro al giorno, moltiplicando per i 30 giorni di durata della stagione cerasicola, il Comune arriverebbe ad incassare oltre 135 mila euro. E se, dopo aver rendicontato con trasparenza le spese sostenute, il Comune riscontrasse dei residui di cassa, in accordo con gli agricoltori e i cittadini, potrebbe investire quei soldi in opere per abbellire il paese, migliorare sicurezza e decoro urbano o promuovere iniziative a favore della collettivit\u00e0.<\/p>\n<p style=\"text-align: justify;\"><strong><br \/><\/strong><\/p>\n<p style=\"text-align: center;\"><strong>Investire nelle case sfitte<\/strong><\/p>\n<p style=\"text-align: justify;\">La seconda proposta chiede a tutti i soggetti che sono parte in causa &#8211; dall&#8217;amministrazione alle associazioni di categoria &#8211; di porre le condizioni affinch\u00e9 tutti i lavoratori stagionali che vengono a Turi per la raccolta delle ciliegie possano ottenere degli alloggi in fitto a prezzi calmierati.<\/p>\n<p style=\"text-align: justify;\">A Turi ci sono decine di case sfitte. Se pensiamo che ogni casa ha 4 stanze dove possono dormire 8 persone, sarebbero sufficienti 50 abitazioni per accogliere pi\u00f9 che dignitosamente 400 braccianti.<\/p>\n<p style=\"text-align: justify;\">Tutto a costo zero per la collettivit\u00e0, anzi. In questo secondo scenario, ogni stagionale versa anticipatamente un affitto mensile di 170 euro (utenze incluse), ovvero 5,66 euro al giorno. E, posto che in ogni appartamento possono essere ospitate 8 persone, il calcolo \u00e8 presto fatto: il proprietario dell&#8217;immobile incassa 1.360 euro.<\/p>\n<p style=\"text-align: justify;\">Il controllo dei braccianti avverrebbe tramite gli stessi proprietari che affittano gli appartamenti. Questi, utilizzando un apposito modulo, dichiarano quanti braccianti migranti sono ospitati nel proprio immobile, allegando il permesso di soggiorno e consegnando l&#8217;incartamento, firmato congiuntamente dal bracciante, alla Polizia Municipale di Turi.<\/p>\n<p style=\"text-align: justify;\">Cari cittadini turesi, questo \u00e8 il nostro modo di fare le cose su questo territorio, con trasparenza e sinergia, parlando di cose fattibili e non di favole.<\/p>\n<p style=\"text-align: justify;\">Chiunque voglia dire la sua su questa tematica, o apportare delle idee, pu\u00f2 intervenire sulla nostra pagina Facebook: Comitato cittadino Turi Futura.<\/p>\n<p style=\"text-align: right;\"><strong>I Responsabili del Comitato <\/strong><br \/><strong>CARMINE CATALANO <\/strong><br \/><strong>GIUSEPPE PUGLIESE<\/strong><\/p>\n","protected":false},"excerpt":{"rendered":"<p><img loading=\"lazy\" decoding=\"async\" src=\"https:\/\/farm2.staticflickr.com\/1766\/41582824990_e243b5e4e4_n.jpg\" alt=\"Il comitato Turi Futura\" width=\"320\" height=\"258\" \/><\/p>\n","protected":false},"author":1,"featured_media":0,"comment_status":"open","ping_status":"closed","sticky":false,"template":"","format":"standard","meta":{"colormag_page_container_layout":"default_layout","colormag_page_sidebar_layout":"default_layout","footnotes":""},"categories":[4],"tags":[],"class_list":["post-15717","post","type-post","status-publish","format-standard","hentry","category-politica"],"_links":{"self":[{"href":"https:\/\/archivioturi.lavocedelpaese.info\/index.php\/wp-json\/wp\/v2\/posts\/15717","targetHints":{"allow":["GET"]}}],"collection":[{"href":"https:\/\/archivioturi.lavocedelpaese.info\/index.php\/wp-json\/wp\/v2\/posts"}],"about":[{"href":"https:\/\/archivioturi.lavocedelpaese.info\/index.php\/wp-json\/wp\/v2\/types\/post"}],"author":[{"embeddable":true,"href":"https:\/\/archivioturi.lavocedelpaese.info\/index.php\/wp-json\/wp\/v2\/users\/1"}],"replies":[{"embeddable":true,"href":"https:\/\/archivioturi.lavocedelpaese.info\/index.php\/wp-json\/wp\/v2\/comments?post=15717"}],"version-history":[{"count":0,"href":"https:\/\/archivioturi.lavocedelpaese.info\/index.php\/wp-json\/wp\/v2\/posts\/15717\/revisions"}],"wp:attachment":[{"href":"https:\/\/archivioturi.lavocedelpaese.info\/index.php\/wp-json\/wp\/v2\/media?parent=15717"}],"wp:term":[{"taxonomy":"category","embeddable":true,"href":"https:\/\/archivioturi.lavocedelpaese.info\/index.php\/wp-json\/wp\/v2\/categories?post=15717"},{"taxonomy":"post_tag","embeddable":true,"href":"https:\/\/archivioturi.lavocedelpaese.info\/index.php\/wp-json\/wp\/v2\/tags?post=15717"}],"curies":[{"name":"wp","href":"https:\/\/api.w.org\/{rel}","templated":true}]}}