{"id":15696,"date":"2018-07-10T06:19:29","date_gmt":"2018-07-10T06:19:29","guid":{"rendered":"https:\/\/archivioturi.lavocedelpaese.info\/index.php\/2018\/07\/10\/don-ciccio-va-via-da-turi\/"},"modified":"2018-07-10T06:19:29","modified_gmt":"2018-07-10T06:19:29","slug":"don-ciccio-va-via-da-turi","status":"publish","type":"post","link":"https:\/\/archivioturi.lavocedelpaese.info\/index.php\/2018\/07\/10\/don-ciccio-va-via-da-turi\/","title":{"rendered":"Don Ciccio va via da Turi"},"content":{"rendered":"<p><img loading=\"lazy\" decoding=\"async\" src=\"https:\/\/farm2.staticflickr.com\/1803\/28376193227_1c4d1bf990_n.jpg\" alt=\"Don Ciccio a Parigi\" width=\"320\" height=\"320\" \/><\/p>\n<p><strong><br \/>\n<\/strong><\/p>\n<p style=\"text-align: center;\"><strong>Al suo posto arriva don Giuseppe Dimaggio. <\/strong><br \/><strong>Intervista a don Ciccio: \u201cSiamo tutti in cammino e nessuno \u00e8 perfetto\u2026\u201d<\/strong><\/p>\n<p>&nbsp;<\/p>\n<p><img loading=\"lazy\" decoding=\"async\" src=\"https:\/\/farm2.staticflickr.com\/1830\/28376193097_ab37ae8a1d_n.jpg\" alt=\"don Giuseppe Dimaggio\" style=\"margin: 6px; float: right;\" width=\"250\" height=\"260\" \/><\/p>\n<p style=\"text-align: justify;\">\u201cSiamo tutti in cammino e nessuno \u00e8 perfetto\u201d. Risponde cos\u00ec, don Ciccio Aversa, alla domanda sul rapporto tra i parroci a Turi. In particolare sul rapporto con l\u2019arciprete. \u201cNoi siamo tre parroci che hanno collaborato insieme nel rispetto e nel dialogo. Non siamo uguali, ognuno di noi ha il proprio carattere e il proprio modo di pensare, ma ci siamo sempre impegnati per creare serenit\u00e0 e tenere le tre Comunit\u00e0 unite\u201d.<\/p>\n<p style=\"text-align: justify;\">Don Ciccio va via, dopo due anni di ministero presso la Comunit\u00e0 parrocchiale \u201cMaria SS.Ausiliatrice\u201d di Turi. Il vescovo Giuseppe Favale gli ha affidato un nuovo cammino al Sacro Cuore di Conversano.<\/p>\n<p style=\"text-align: justify;\">Al suo posto arriva <strong>don Giuseppe Dimaggio<\/strong> (<em><strong>nella foto a destra<\/strong><\/em>). Intanto, i \u2018preti giovani\u2019 sono in vacanza a Parigi, e siamo riusciti a contattare don Ciccio scambiandoci alcuni messaggi su WhatsApp per questa intervista.<\/p>\n<p style=\"text-align: justify;\">&nbsp;<\/p>\n<p style=\"text-align: justify;\"><strong>Come sono stati questi due anni a Turi?<\/strong><\/p>\n<p style=\"text-align: justify;\">\u201cSono stati anni in cui ho donato quello che potevo con gioia e passione, ma sicuramente ho anche ricevuto tantissimo dalla gente. Ho cercato con i miei pregi e difetti di crescere nella fede con la mia Comunit\u00e0. Ringrazio il Signore per tutto\u201d.<\/p>\n<p style=\"text-align: justify;\">&nbsp;<\/p>\n<p style=\"text-align: justify;\"><strong>Cosa le mancher\u00e0 di pi\u00f9 di questa esperienza?<\/strong><\/p>\n<p style=\"text-align: justify;\">\u201cOgni esperienza \u00e8 diversa dall&#8217;altra e credo che ci si possa sentire vicini in tanti modi, soprattutto quando si coltivano rapporti maturi e sereni. L\u2019Eucarestia che celebriamo ci unisce sempre&#8230; Sentire la mancanza \u00e8 umano ma la gente appartiene a Dio e bisogna saper cedere il passo a chi viene dopo con libert\u00e0 interiore e fede\u201d.<\/p>\n<p style=\"text-align: justify;\">&nbsp;<\/p>\n<p style=\"text-align: justify;\"><strong>Com&#8217;\u00e8 stato il rapporto con la citt\u00e0?<\/strong><\/p>\n<p style=\"text-align: justify;\">\u201cUna citt\u00e0 genuina che conserva ancora tanti valori importanti. Credo che se si unissero maggiormente le forze, si potrebbe fare anche meglio. Ci sono tante potenzialit\u00e0: rapportarsi alla citt\u00e0 significa piano piano comprenderne la storia, cercando di fare passi in avanti. Ho avuto un buon dialogo anche con le Istituzioni pur mantenendo la mia identit\u00e0 di prete. Credo che lavorare per il bene comune debba essere un impegno di tutti anche tra mille difficolt\u00e0\u201d.<\/p>\n<p style=\"text-align: justify;\">&nbsp;<\/p>\n<p style=\"text-align: justify;\"><strong>E con l&#8217;arciprete don Giovanni?<\/strong><\/p>\n<p style=\"text-align: justify;\">\u201cNoi siamo tre parroci che hanno collaborato insieme nel rispetto e nel dialogo. Non siamo uguali, ognuno di noi ha il proprio carattere e il proprio modo di pensare, ma ci siamo sempre impegnati per creare serenit\u00e0 e tenere le tre Comunit\u00e0 unite. Nelle Comunit\u00e0 non ci devono essere rivalit\u00e0&#8230; n\u00e9 gare a chi conta maggiormente. Siamo tutti in cammino e nessuno \u00e8 perfetto\u201d.<\/p>\n<p style=\"text-align: justify;\">&nbsp;<\/p>\n<p style=\"text-align: justify;\"><strong>L&#8217;Oratorio \u00e8 uno spazio indispensabile per il paese. Cosa manca ancora a Turi?<\/strong><\/p>\n<p style=\"text-align: justify;\">\u201cI bambini fanno l\u2019Oratorio&#8230; loro sono protagonisti con il cuore semplice e la gioia pura. L\u2019oratorio non \u00e8 solo uno spazio ma \u00e8 la vita dei bambini, la vita delle famiglie e di tutti gli animatori giovani e adulti. Che con passione spendono il loro tempo. Ringrazio tutti. Per quanto riguarda la logistica bisogna curare maggiormente gli ambienti, tenerli a norma, fare sempre una buona manutenzione. \u00c8 casa nostra, dobbiamo fare qualche altro sacrificio anche per la Chiesa. Sono cambiati i tempi e anche le esigenze. Non possiamo rimanere sempre ancorati al passato senza cambiare qualcosa&#8230; bisogna cambiare senza avere timore. Ma dobbiamo crederci e darci da fare\u201d.<\/p>\n<p style=\"text-align: justify;\">&nbsp;<\/p>\n<p style=\"text-align: justify;\"><strong>La Comunit\u00e0 parrocchiale si era ormai affezionata a lei e i distacchi sono sempre traumatici. Che messaggio vuole dare a loro?<\/strong><\/p>\n<p style=\"text-align: justify;\">\u201cLa mia Comunit\u00e0 conosce i mie difetti ma anche i miei pregi. Io ho fatto tante cose buone ed ho anche sbagliato come ogni essere umano, ma sono fortemente convinto che l\u2019Eucarestia \u00e8 tutto..non solo nella vita di un prete ma nella vita di ciascuno&#8230; di tutti, anche di coloro che per tanti motivi non vengono mai in chiesa a cui va il mio rispetto. Auguro alla mia Comunit\u00e0 di ritrovarsi sempre intorno all\u2019Eucarestia&#8230; e di non perdere la fede anche quando rimaniamo delusi e feriti. Se si perde di vista Ges\u00f9, diventa tutto scontato e triste\u201d.<\/p>\n<p style=\"text-align: justify;\">&nbsp;<\/p>\n<p style=\"text-align: justify;\"><strong>Polignano le manca ancora?<\/strong><\/p>\n<p style=\"text-align: justify;\">\u201cPolignano fa parte del mio percorso di vita&#8230; L\u00ec ho vissuto un altro tempo della mia vita di cui ringrazio il Signore\u201d.<\/p>\n<p style=\"text-align: justify;\">&nbsp;<\/p>\n<p style=\"text-align: justify;\"><strong>Cosa l&#8217;aspetta a Conversano?<\/strong><\/p>\n<p style=\"text-align: justify;\">\u201cVado a Conversano come parroco del Sacro Cuore. Sono sereno e desidero entrare nella vita della Comunit\u00e0 con garbo e rispetto. Conosco gi\u00e0 Conversano perch\u00e9 l\u00ec ho frequentato la scuola media e il liceo classico. Inizio con fiducia questo cammino\u201d.<\/p>\n<p style=\"text-align: right;\"><strong>NICOLA TEOFILO<\/strong><\/p>\n","protected":false},"excerpt":{"rendered":"<p><img loading=\"lazy\" decoding=\"async\" src=\"https:\/\/farm2.staticflickr.com\/1803\/28376193227_1c4d1bf990_n.jpg\" alt=\"Don Ciccio a Parigi\" width=\"320\" height=\"320\" \/><\/p>\n<p><strong><\/p>\n","protected":false},"author":1,"featured_media":0,"comment_status":"open","ping_status":"closed","sticky":false,"template":"","format":"standard","meta":{"colormag_page_container_layout":"default_layout","colormag_page_sidebar_layout":"default_layout","footnotes":""},"categories":[7],"tags":[],"class_list":["post-15696","post","type-post","status-publish","format-standard","hentry","category-attualita"],"_links":{"self":[{"href":"https:\/\/archivioturi.lavocedelpaese.info\/index.php\/wp-json\/wp\/v2\/posts\/15696","targetHints":{"allow":["GET"]}}],"collection":[{"href":"https:\/\/archivioturi.lavocedelpaese.info\/index.php\/wp-json\/wp\/v2\/posts"}],"about":[{"href":"https:\/\/archivioturi.lavocedelpaese.info\/index.php\/wp-json\/wp\/v2\/types\/post"}],"author":[{"embeddable":true,"href":"https:\/\/archivioturi.lavocedelpaese.info\/index.php\/wp-json\/wp\/v2\/users\/1"}],"replies":[{"embeddable":true,"href":"https:\/\/archivioturi.lavocedelpaese.info\/index.php\/wp-json\/wp\/v2\/comments?post=15696"}],"version-history":[{"count":0,"href":"https:\/\/archivioturi.lavocedelpaese.info\/index.php\/wp-json\/wp\/v2\/posts\/15696\/revisions"}],"wp:attachment":[{"href":"https:\/\/archivioturi.lavocedelpaese.info\/index.php\/wp-json\/wp\/v2\/media?parent=15696"}],"wp:term":[{"taxonomy":"category","embeddable":true,"href":"https:\/\/archivioturi.lavocedelpaese.info\/index.php\/wp-json\/wp\/v2\/categories?post=15696"},{"taxonomy":"post_tag","embeddable":true,"href":"https:\/\/archivioturi.lavocedelpaese.info\/index.php\/wp-json\/wp\/v2\/tags?post=15696"}],"curies":[{"name":"wp","href":"https:\/\/api.w.org\/{rel}","templated":true}]}}