{"id":15690,"date":"2018-07-08T06:34:27","date_gmt":"2018-07-08T06:34:27","guid":{"rendered":"https:\/\/archivioturi.lavocedelpaese.info\/index.php\/2018\/07\/08\/il-palio-dei-turioni-si-presenta\/"},"modified":"2018-07-08T06:34:27","modified_gmt":"2018-07-08T06:34:27","slug":"il-palio-dei-turioni-si-presenta","status":"publish","type":"post","link":"https:\/\/archivioturi.lavocedelpaese.info\/index.php\/2018\/07\/08\/il-palio-dei-turioni-si-presenta\/","title":{"rendered":"Il Palio dei Turioni si presenta"},"content":{"rendered":"<p><img loading=\"lazy\" decoding=\"async\" src=\"https:\/\/farm2.staticflickr.com\/1801\/29374244318_b5fd1fa74f_n.jpg\" alt=\"Il Girasole Palio Turi\" width=\"320\" height=\"240\" \/><\/p>\n<p style=\"text-align: center;\"><strong>&#8220;Il Girasole&#8221; incontra i cittadini per svelare programma e novit\u00e0 della sesta edizione<\/strong><\/p>\n<p style=\"text-align: justify;\">La scorsa estate l&#8217;associazione &#8220;Il Girasole&#8221; ha dilettato e coinvolto tutto il paese portando in scena la tradizione ludica di una Turi quasi dimenticata. Quest&#8217;anno la magia si ripete con la sesta edizione dell&#8217;ormai irrinunciabile &#8220;Palio dei Turioni&#8221;.<\/p>\n<p style=\"text-align: justify;\">Luned\u00ec 8 luglio, a partire dalle ore 17.30, l&#8217;Associazione organizzer\u00e0 una serata &#8220;pre Palio&#8221; davanti alla chiesa di San Rocco. Oltre ad aprire ufficialmente le iscrizioni, come ci anticipa il presidente Roberto Dell&#8217;Aera, tutti coloro che parteciperanno potranno vivere tre ore di animazione e divertimento, mettendosi alla prova con il campionario di giochi che caratterizzeranno questa edizione.<\/p>\n<p style=\"text-align: justify;\">Un&#8217;edizione, ci confida Dell&#8217;Aera, non priva di intoppi: &#8220;Come per ogni associazione, l&#8217;avvento del Commissario ha creato qualche difficolt\u00e0 in pi\u00f9 rispetto agli scorsi anni, sia sul piano economico che su quello organizzativo, non avendo un referente in Comune con cui poterci interfacciare. Stiamo cercando, nonostante tutte le complicazione del caso e la necessit\u00e0 di ridurre il budget a disposizione, di assicurare la stessa qualit\u00e0 dell&#8217;evento che, da ormai cinque anni, garantisce alle famiglie turesi una settimana di svago all&#8217;insegna della sana competizione&#8221;.<\/p>\n<p style=\"text-align: justify;\">La sfida colorata tutta made in Turi, come ogni anno, vedr\u00e0 sei squadre contendersi il drappo del Palio a suon di giochi. Ogni squadra sar\u00e0 rigorosamente identificate da un colore che rappresenta il rione di residenza dei componenti: rosso per il Turione Sant&#8217;Oronzo e piazza Dalfino nei pressi dell&#8217;Itc; arancione per il rione Porta Rossa; rosa per la zona inclusa tra piazza San Giovanni e piazza Venusio; celeste per il rione Peucetia e Serrone; giallo per Moles e zona villa; blu per il quartiere di Largo Pozzi.<\/p>\n<p style=\"text-align: justify;\">A decretare il colore vincente sar\u00e0 l&#8217;abilit\u00e0 e la destrezza dei partecipanti, chiamati a confrontarsi con in un mix coinvolgente di attivit\u00e0 che spazieranno dai giochi del passato, quelli tramandati dei nostri nonni, ai giochi che caratterizzano la generazione dei pi\u00f9 giovani.<\/p>\n<p style=\"text-align: justify;\">Potranno partecipare tutti i cittadini dai 7 anni di et\u00e0: bambini, adulti, famiglie e&#8230; chi dovesse restare fuori dalla propria squadra, non si perda d\u2019animo: il tifo \u00e8 altrettanto necessario per accompagnare ogni rione verso la vittoria. Valido, infine, anche per quest&#8217;anno l&#8217;invito ad addobbare i propri balconi con il colore di appartenenza.<\/p>\n","protected":false},"excerpt":{"rendered":"<p><img loading=\"lazy\" decoding=\"async\" src=\"https:\/\/farm2.staticflickr.com\/1801\/29374244318_b5fd1fa74f_n.jpg\" alt=\"Il Girasole Palio Turi\" width=\"320\" height=\"240\" \/><\/p>\n","protected":false},"author":1,"featured_media":0,"comment_status":"open","ping_status":"closed","sticky":false,"template":"","format":"standard","meta":{"colormag_page_container_layout":"default_layout","colormag_page_sidebar_layout":"default_layout","footnotes":""},"categories":[6],"tags":[],"class_list":["post-15690","post","type-post","status-publish","format-standard","hentry","category-cultura"],"_links":{"self":[{"href":"https:\/\/archivioturi.lavocedelpaese.info\/index.php\/wp-json\/wp\/v2\/posts\/15690","targetHints":{"allow":["GET"]}}],"collection":[{"href":"https:\/\/archivioturi.lavocedelpaese.info\/index.php\/wp-json\/wp\/v2\/posts"}],"about":[{"href":"https:\/\/archivioturi.lavocedelpaese.info\/index.php\/wp-json\/wp\/v2\/types\/post"}],"author":[{"embeddable":true,"href":"https:\/\/archivioturi.lavocedelpaese.info\/index.php\/wp-json\/wp\/v2\/users\/1"}],"replies":[{"embeddable":true,"href":"https:\/\/archivioturi.lavocedelpaese.info\/index.php\/wp-json\/wp\/v2\/comments?post=15690"}],"version-history":[{"count":0,"href":"https:\/\/archivioturi.lavocedelpaese.info\/index.php\/wp-json\/wp\/v2\/posts\/15690\/revisions"}],"wp:attachment":[{"href":"https:\/\/archivioturi.lavocedelpaese.info\/index.php\/wp-json\/wp\/v2\/media?parent=15690"}],"wp:term":[{"taxonomy":"category","embeddable":true,"href":"https:\/\/archivioturi.lavocedelpaese.info\/index.php\/wp-json\/wp\/v2\/categories?post=15690"},{"taxonomy":"post_tag","embeddable":true,"href":"https:\/\/archivioturi.lavocedelpaese.info\/index.php\/wp-json\/wp\/v2\/tags?post=15690"}],"curies":[{"name":"wp","href":"https:\/\/api.w.org\/{rel}","templated":true}]}}