{"id":15676,"date":"2018-07-03T13:30:09","date_gmt":"2018-07-03T13:30:09","guid":{"rendered":"https:\/\/archivioturi.lavocedelpaese.info\/index.php\/2018\/07\/03\/l11-agosto-la-reliquia-di-santoronzo-arriva-a-turi\/"},"modified":"2018-07-03T13:30:09","modified_gmt":"2018-07-03T13:30:09","slug":"l11-agosto-la-reliquia-di-santoronzo-arriva-a-turi","status":"publish","type":"post","link":"https:\/\/archivioturi.lavocedelpaese.info\/index.php\/2018\/07\/03\/l11-agosto-la-reliquia-di-santoronzo-arriva-a-turi\/","title":{"rendered":"L&#8217;11 agosto la reliquia di Sant&#8217;Oronzo arriva a Turi"},"content":{"rendered":"<p><img loading=\"lazy\" decoding=\"async\" src=\"https:\/\/farm1.staticflickr.com\/918\/43046980742_d897b3708a_n.jpg\" alt=\"La teca contenente la reliquia di Sant'Oronzo\" width=\"320\" height=\"240\" \/><\/p>\n<p style=\"text-align: center;\"><strong>A seguito di una visita istituzionale in Croazia, le autorit\u00e0 turesi hanno concluso l&#8217;accordo con l&#8217;Arcivescovo di Zara<\/strong><\/p>\n<p style=\"text-align: justify;\">Il 19 giugno scorso, una delegazione composta don Giovanni Amodio, presidente dell&#8217;associazione \u201cGiubileo Oronziano Turi 2018\u201d, dal dott. Sebastiano Giangrande, sub commissario del Comune di Turi, e dal turese Stefano De Carolis, sottufficiale dell\u2019Arma dei Carabinieri, esperto nella Tutela e salvaguardia del patrimonio culturale, si \u00e8 recata a Zara (Croazia) per una visita \u201cistituzionale\u201d con le autorit\u00e0 civili ed ecclesiastiche croate. Giunti nella splendida citt\u00e0 Dalmata, la delegazione \u00e8 stata accolta dall\u2019Arcivescovo della citt\u00e0, Mons. Zelimir Pulji?, Presidente della Conferenza Episcopale Croata.<\/p>\n<p><img loading=\"lazy\" decoding=\"async\" src=\"https:\/\/farm1.staticflickr.com\/918\/42378695854_de0c557ba1_n.jpg\" alt=\"L'incontro con l'Arcivesco di Zara\" style=\"margin: 6px; float: right;\" width=\"320\" height=\"240\" \/><\/p>\n<p style=\"text-align: justify;\">&#8220;Fin dall\u2019inizio di quest\u2019anno Giubilare Oronziano &#8211; racconta don Giovanni Amodio, arciprete della Chiesa Madre di Turi &#8211; avevamo deciso di recarci a Zara per tentare di portare a Turi, sia pure per pochi giorni, la santa e preziosa cassettina-reliquiario contenente il cranio di Sant\u2019Oronzo. Il viaggio \u00e8 stato organizzato dopo aver preso contatto &#8211; grazie all\u2019opera di mediazione del Nunzio Apostolico di Croazia, il nocese Arcivescovo Mons. Giuseppe Pinto, e ad altri rappresentanti della gerarchia vaticana &#8211; con lo stesso Arcivescovo della citt\u00e0 di Zara, S.E. Rev.ma Mons. \u017delimir Pulji?, che da subito ha manifestato l\u2019interesse entusiastico per le nostre celebrazioni giubilari in onore di Sant\u2019Oronzo&#8221;.<\/p>\n<p style=\"text-align: justify;\">&#8220;Nella giornata del 20 &#8211; prosegue Stefano de Carolis &#8211; ci siamo recati presso la Curia Diocesana zaratina dove si \u00e8 tenuto un incontro con Mons. Josip Lenki?, Vicario Generale dell&#8217;Arcidiocesi, con don Marin Batur, segretario dell&#8217;Arcivescovo di Zara, e con Damira Toli?, funzionario del Dipartimento di Conservazione in Zadar, impiegato presso la direzione del Ministero della Cultura di Croazia. Durante l\u2019incontro si \u00e8 discusso degli aspetti tecnici e normativi per poter effettuare in sicurezza il delicato trasferimento della cassettina-reliquiario, contenente il cranio di Sant\u2019Oronzo, bene d\u2019arte sacra di pregevole fattura, opera di argentieri dell&#8217;XI secolo. Nella medesima riunione si sono concordate le date, le modalit\u00e0 e l\u2019itinerario del trasferimento della reliquia da Zara verso Turi, che avverr\u00e0 il prossimo 11 agosto con specifica e qualificata ditta, esperta nel trasporto di opere d\u2019arte ed accreditata presso il Ministero della Cultura Croata. Si sono affrontati e chiariti anche tutti gli aspetti normativi vigenti di carattere internazionale&#8221;.<\/p>\n<p><img loading=\"lazy\" decoding=\"async\" src=\"https:\/\/farm1.staticflickr.com\/926\/42378697004_187d799a32_n.jpg\" alt=\"Il colloquio con le autorit\u00e0 comunali\" style=\"margin: 6px; float: left;\" width=\"320\" height=\"240\" \/><\/p>\n<p style=\"text-align: justify;\">&#8220;Gioved\u00ec 21 giugno &#8211; racconta Stefano de Carolis &#8211; grazie alla preziosa collaborazione e cortesia del Vicario Arcivescovile, la delegazione turese ha ottenuto un incontro istituzionale con il Sindaco di Zara, Bo\u017eidar Kalmeta, rappresentato dalla sua vicesindaco, da due assessori, e da un funzionario del Comune, esperto in comunicazione e affari internazionali. In serata, durante una cerimonia di inaugurazione cittadina, abbiamo incontrato e conosciuto il Sindaco della citt\u00e0 che, essendo stato messo a conoscenza del nostro incontro in Comune, ha espresso con gioia il desiderio di voler visitare Turi per poter omaggiare il nostro Santo Patrono in occasione della prossima festa patronale del 26 agosto&#8221;.<\/p>\n<p style=\"text-align: justify;\">&#8220;L\u2019incontro con gli amministratori zaratini &#8211; conclude de Carolis &#8211; \u00e8 stato proficuo e ha tracciato una strada che lascia ben sperare per un futuro rapporto di amicizia, interscambio culturale e di cooperazione solidale tra due citt\u00e0 legate nel nome di Sant\u2019Oronzo. Altro aspetto che ci accomuna con la citt\u00e0 di Zara, sono frutti a noi molto cari, le marasche &#8216;amarene&#8217;; frutti che a Zara hanno avuto un grande successo commerciale grazie all\u2019antica e rinomata produzione dello cherry brandy dalmata, &#8216;il maraschino&#8217;, il famoso rosolio di ciliegie amarene conosciuto in tutto il mondo&#8221;.<\/p>\n","protected":false},"excerpt":{"rendered":"<p><img loading=\"lazy\" decoding=\"async\" src=\"https:\/\/farm1.staticflickr.com\/918\/43046980742_d897b3708a_n.jpg\" alt=\"La teca contenente la reliquia di Sant'Oronzo\" width=\"320\" height=\"240\" \/><\/p>\n","protected":false},"author":1,"featured_media":0,"comment_status":"open","ping_status":"closed","sticky":false,"template":"","format":"standard","meta":{"colormag_page_container_layout":"default_layout","colormag_page_sidebar_layout":"default_layout","footnotes":""},"categories":[6],"tags":[],"class_list":["post-15676","post","type-post","status-publish","format-standard","hentry","category-cultura"],"_links":{"self":[{"href":"https:\/\/archivioturi.lavocedelpaese.info\/index.php\/wp-json\/wp\/v2\/posts\/15676","targetHints":{"allow":["GET"]}}],"collection":[{"href":"https:\/\/archivioturi.lavocedelpaese.info\/index.php\/wp-json\/wp\/v2\/posts"}],"about":[{"href":"https:\/\/archivioturi.lavocedelpaese.info\/index.php\/wp-json\/wp\/v2\/types\/post"}],"author":[{"embeddable":true,"href":"https:\/\/archivioturi.lavocedelpaese.info\/index.php\/wp-json\/wp\/v2\/users\/1"}],"replies":[{"embeddable":true,"href":"https:\/\/archivioturi.lavocedelpaese.info\/index.php\/wp-json\/wp\/v2\/comments?post=15676"}],"version-history":[{"count":0,"href":"https:\/\/archivioturi.lavocedelpaese.info\/index.php\/wp-json\/wp\/v2\/posts\/15676\/revisions"}],"wp:attachment":[{"href":"https:\/\/archivioturi.lavocedelpaese.info\/index.php\/wp-json\/wp\/v2\/media?parent=15676"}],"wp:term":[{"taxonomy":"category","embeddable":true,"href":"https:\/\/archivioturi.lavocedelpaese.info\/index.php\/wp-json\/wp\/v2\/categories?post=15676"},{"taxonomy":"post_tag","embeddable":true,"href":"https:\/\/archivioturi.lavocedelpaese.info\/index.php\/wp-json\/wp\/v2\/tags?post=15676"}],"curies":[{"name":"wp","href":"https:\/\/api.w.org\/{rel}","templated":true}]}}