{"id":15674,"date":"2018-07-03T06:16:09","date_gmt":"2018-07-03T06:16:09","guid":{"rendered":"https:\/\/archivioturi.lavocedelpaese.info\/index.php\/2018\/07\/03\/turi-si-raduna-intorno-al-suo-patrono\/"},"modified":"2018-07-03T06:16:09","modified_gmt":"2018-07-03T06:16:09","slug":"turi-si-raduna-intorno-al-suo-patrono","status":"publish","type":"post","link":"https:\/\/archivioturi.lavocedelpaese.info\/index.php\/2018\/07\/03\/turi-si-raduna-intorno-al-suo-patrono\/","title":{"rendered":"Turi si raduna intorno al suo Patrono"},"content":{"rendered":"<p><img loading=\"lazy\" decoding=\"async\" src=\"https:\/\/farm1.staticflickr.com\/836\/42378440684_8a3388066a_n.jpg\" alt=\"Turi Festa di San Giovanni 2018 (19)\" width=\"320\" height=\"213\" \/><\/p>\n<p style=\"text-align: justify;\">Non tutti l\u2019hanno presa bene: l\u2019anno scorso si spezz\u00f2 la trave, quest\u2019anno niente processione del Santo Patrono di Turi, San Giovanni. Domenica scorsa erano tutti pronti per la processione in giro per Turi, ma \u00e8 stata annullata dall\u2019arciprete don Giovanni Amodio, che ha scelto invece di unire insieme i due santi patroni della citt\u00e0 sull\u2019altare della Chiesa Madre.<\/p>\n<p style=\"text-align: justify;\">Dopo aver spiegato il significato e lo spessore della vita di fede dei Santi, devoti alla verit\u00e0, don Giovanni ha lanciato un messaggio perch\u00e9 la verit\u00e0 sia l\u2019asse portante della nostra vita: vivere per il vero.<\/p>\n<p style=\"text-align: justify;\">&nbsp;<\/p>\n<p style=\"text-align: justify;\"><strong>Le parole del Sub Commissario.<\/strong><\/p>\n<p style=\"text-align: justify;\">Don Giovanni ha consegnato le chiavi della citt\u00e0 al Sub Commissario Sebastiano Giangrande, che ha legato le chiavi alle mani del santo patrono e ha letto un discorso per la comunit\u00e0: \u201cDevo dire che abbiamo riscontrato una comunit\u00e0 sana, genuina, paziente e questo ci conforta. Ovviamente le mie congratulazioni vanno per questi sani lavori che ci state dimostrando. Noi siamo qui per l\u2019unico esclusivo scopo di amministrarvi nel miglior modo possibile, per creare le condizioni migliori per il vostro vivere civile e per le vostre aspettative, improntate alla massima legalit\u00e0, trasparenza e rispetto di tutti. Se dovessimo sbagliare, saremmo in totale buonafede e di questo vi chiediamo scusa anticipatamente. Vi chiedo pazienza, insieme cercheremo di trascorrere questo anno\u201d.<\/p>\n<p style=\"text-align: justify;\">Dopo le parole del Sub Commissario, che ha portato i saluti del Commissario Cantadori, \u00e8 toccato a don Giovanni annunciare l\u2019arrivo della reliquia di Sant\u2019Oronzo.<\/p>\n<p><object width=\"640\" height=\"480\" data=\"https:\/\/www.flickr.com\/apps\/slideshow\/show.swf?v=261948265\" type=\"application\/x-shockwave-flash\"><param name=\"flashvars\" value=\"offsite=true&amp;lang=it-it&amp;page_show_url=%2Fphotos%2F91470992%40N02%2Fsets%2F72157670649189308%2Fshow%2F&amp;page_show_back_url=%2Fphotos%2F91470992%40N02%2Fsets%2F72157670649189308%2F&amp;set_id=72157670649189308&amp;jump_to=0\" \/><param name=\"movie\" value=\"https:\/\/www.flickr.com\/apps\/slideshow\/show.swf?v=261948265\" \/><param name=\"allowFullScreen\" value=\"true\" \/><\/object><\/p>\n","protected":false},"excerpt":{"rendered":"<p><img loading=\"lazy\" decoding=\"async\" src=\"https:\/\/farm1.staticflickr.com\/836\/42378440684_8a3388066a_n.jpg\" alt=\"Turi Festa di San Giovanni 2018 (19)\" width=\"320\" height=\"213\" \/><\/p>\n","protected":false},"author":1,"featured_media":0,"comment_status":"open","ping_status":"closed","sticky":false,"template":"","format":"standard","meta":{"colormag_page_container_layout":"default_layout","colormag_page_sidebar_layout":"default_layout","footnotes":""},"categories":[6],"tags":[],"class_list":["post-15674","post","type-post","status-publish","format-standard","hentry","category-cultura"],"_links":{"self":[{"href":"https:\/\/archivioturi.lavocedelpaese.info\/index.php\/wp-json\/wp\/v2\/posts\/15674","targetHints":{"allow":["GET"]}}],"collection":[{"href":"https:\/\/archivioturi.lavocedelpaese.info\/index.php\/wp-json\/wp\/v2\/posts"}],"about":[{"href":"https:\/\/archivioturi.lavocedelpaese.info\/index.php\/wp-json\/wp\/v2\/types\/post"}],"author":[{"embeddable":true,"href":"https:\/\/archivioturi.lavocedelpaese.info\/index.php\/wp-json\/wp\/v2\/users\/1"}],"replies":[{"embeddable":true,"href":"https:\/\/archivioturi.lavocedelpaese.info\/index.php\/wp-json\/wp\/v2\/comments?post=15674"}],"version-history":[{"count":0,"href":"https:\/\/archivioturi.lavocedelpaese.info\/index.php\/wp-json\/wp\/v2\/posts\/15674\/revisions"}],"wp:attachment":[{"href":"https:\/\/archivioturi.lavocedelpaese.info\/index.php\/wp-json\/wp\/v2\/media?parent=15674"}],"wp:term":[{"taxonomy":"category","embeddable":true,"href":"https:\/\/archivioturi.lavocedelpaese.info\/index.php\/wp-json\/wp\/v2\/categories?post=15674"},{"taxonomy":"post_tag","embeddable":true,"href":"https:\/\/archivioturi.lavocedelpaese.info\/index.php\/wp-json\/wp\/v2\/tags?post=15674"}],"curies":[{"name":"wp","href":"https:\/\/api.w.org\/{rel}","templated":true}]}}