{"id":15673,"date":"2018-07-02T13:36:30","date_gmt":"2018-07-02T13:36:30","guid":{"rendered":"https:\/\/archivioturi.lavocedelpaese.info\/index.php\/2018\/07\/02\/in-memoria-del-presidente-pertini\/"},"modified":"2018-07-02T13:36:30","modified_gmt":"2018-07-02T13:36:30","slug":"in-memoria-del-presidente-pertini","status":"publish","type":"post","link":"https:\/\/archivioturi.lavocedelpaese.info\/index.php\/2018\/07\/02\/in-memoria-del-presidente-pertini\/","title":{"rendered":"In memoria del Presidente Pertini"},"content":{"rendered":"<p><img loading=\"lazy\" decoding=\"async\" src=\"https:\/\/farm2.staticflickr.com\/1764\/43096858861_955826700d_n.jpg\" alt=\"Sandro-Pertini\" width=\"320\" height=\"167\" \/><\/p>\n<p style=\"text-align: justify;\">L&#8217;8 luglio del 1978 Sandro Pertini, dopo 15 scrutini andati a vuoto, divenne il settimo Presidente della Repubblica Italiana, riscuotendo la pi\u00f9 larga maggioranza della storia (832 voti su 995).<\/p>\n<p style=\"text-align: justify;\">Nel 40esimo Anniversario della sua elezione, l&#8217;Associazione &#8220;Movimento Diritti Civili di Puglia&#8221;, ha chiesto ed ottenuto il patrocinio del Comune di Turi per una serie di iniziative celebrative previste per il prossimo autunno.<\/p>\n<p style=\"text-align: justify;\">Il programma dell&#8217;evento, che vedr\u00e0 il coinvolgimento anche della Citt\u00e0 di Bari, consister\u00e0 nella collocazione di un busto di Pertini, compagno di cella di Antonio Gramsci, all&#8217;interno della Casa Circondariale di Turi, nonch\u00e9 in un convegno, in una mostra storica e documentaria e nella proiezione di un docufilm sulla vita del Presidente Pertini.<\/p>\n<p style=\"text-align: justify;\">L&#8217;obiettivo dell&#8217;iniziativa mira alla sensibilizzazione, soprattutto delle nuove generazioni, ai valori ispiratori che hanno caratterizzato l&#8217;intera esistenza di Sandro Pertini che il 2 marzo 1980, in occasione della sua visita nel nostro paese, ricevette l&#8217;onorificenza di Cittadino Onorario di Turi per &#8220;aver dedicato tutta la vita alla libert\u00e0 e alla democrazia del popolo italiano&#8221;.<\/p>\n","protected":false},"excerpt":{"rendered":"<p><img loading=\"lazy\" decoding=\"async\" src=\"https:\/\/farm2.staticflickr.com\/1764\/43096858861_955826700d_n.jpg\" alt=\"Sandro-Pertini\" width=\"320\" height=\"167\" \/><\/p>\n","protected":false},"author":1,"featured_media":0,"comment_status":"open","ping_status":"closed","sticky":false,"template":"","format":"standard","meta":{"colormag_page_container_layout":"default_layout","colormag_page_sidebar_layout":"default_layout","footnotes":""},"categories":[6],"tags":[],"class_list":["post-15673","post","type-post","status-publish","format-standard","hentry","category-cultura"],"_links":{"self":[{"href":"https:\/\/archivioturi.lavocedelpaese.info\/index.php\/wp-json\/wp\/v2\/posts\/15673","targetHints":{"allow":["GET"]}}],"collection":[{"href":"https:\/\/archivioturi.lavocedelpaese.info\/index.php\/wp-json\/wp\/v2\/posts"}],"about":[{"href":"https:\/\/archivioturi.lavocedelpaese.info\/index.php\/wp-json\/wp\/v2\/types\/post"}],"author":[{"embeddable":true,"href":"https:\/\/archivioturi.lavocedelpaese.info\/index.php\/wp-json\/wp\/v2\/users\/1"}],"replies":[{"embeddable":true,"href":"https:\/\/archivioturi.lavocedelpaese.info\/index.php\/wp-json\/wp\/v2\/comments?post=15673"}],"version-history":[{"count":0,"href":"https:\/\/archivioturi.lavocedelpaese.info\/index.php\/wp-json\/wp\/v2\/posts\/15673\/revisions"}],"wp:attachment":[{"href":"https:\/\/archivioturi.lavocedelpaese.info\/index.php\/wp-json\/wp\/v2\/media?parent=15673"}],"wp:term":[{"taxonomy":"category","embeddable":true,"href":"https:\/\/archivioturi.lavocedelpaese.info\/index.php\/wp-json\/wp\/v2\/categories?post=15673"},{"taxonomy":"post_tag","embeddable":true,"href":"https:\/\/archivioturi.lavocedelpaese.info\/index.php\/wp-json\/wp\/v2\/tags?post=15673"}],"curies":[{"name":"wp","href":"https:\/\/api.w.org\/{rel}","templated":true}]}}