{"id":15667,"date":"2018-06-30T13:59:07","date_gmt":"2018-06-30T13:59:07","guid":{"rendered":"https:\/\/archivioturi.lavocedelpaese.info\/index.php\/2018\/06\/30\/mensa-scolastica-si-candida-solo-ladisa-srl\/"},"modified":"2018-06-30T13:59:07","modified_gmt":"2018-06-30T13:59:07","slug":"mensa-scolastica-si-candida-solo-ladisa-srl","status":"publish","type":"post","link":"https:\/\/archivioturi.lavocedelpaese.info\/index.php\/2018\/06\/30\/mensa-scolastica-si-candida-solo-ladisa-srl\/","title":{"rendered":"Mensa Scolastica, si candida solo Ladisa srl"},"content":{"rendered":"<p><img loading=\"lazy\" decoding=\"async\" src=\"https:\/\/farm2.staticflickr.com\/1827\/43096341281_5621ff2570_n.jpg\" alt=\"mensa-scolastica\" width=\"320\" height=\"181\" \/><\/p>\n<p style=\"text-align: center;\"><strong>Nominata la Commissione Giudicatrice che dovr\u00e0 valutare l&#8217;offerta tecnica ed economica<\/strong><\/p>\n<p style=\"text-align: justify;\">Si \u00e8 conclusa la gara a procedura aperta sul Mepa (Mercato della Pubblica Amministrazione) per l&#8217;affidamento del Servizio di Refezione scolastica per i prossimi tre anni scolastici, individuando quale criterio di aggiudicazione quello dell\u2019offerta economicamente pi\u00f9 vantaggiosa. Uno dei provvedimenti approvato nell&#8217;ultimo Consiglio comunale dell&#8217;amministrazione guidata da Coppi, fortemente voluto dall&#8217;allora assessore Giusy Caldararo.<\/p>\n<p style=\"text-align: justify;\">Al 25 maggio, data ultima per la presentazione delle offerte, \u00e8 pervenuta la candidatura di una sola ditta: Ladisa srl, la stessa azienda che ha gestito &#8211; non senza alcune rimostranze da parte dei genitori &#8211; finora il servizio mensa nei nostri istituti scolastici.<\/p>\n<p style=\"text-align: justify;\">Spetter\u00e0 ora alla Commissione giudicatrice accertare la regolarit\u00e0 e la validit\u00e0 dell&#8217;offerta tecnica ed economica presentata dall&#8217;azienda barese.<\/p>\n<p style=\"text-align: justify;\">A tal fine, con determinazione del Settore Affari Istituzionali, lo scorso 22 giugno sono stati nominati i membri &#8211; scelti tra i dipendenti interni come legge prevede &#8211; che costituiranno questa Commissione. Il Presidente \u00e8 stato individuato nella dott.ssa Maria Pompea Rossini, Responsabile del Settore Economico-Finanziario; componenti saranno invece l&#8217;ing. Di Bonaventura e l&#8217;avv. Roberto Renzi. Il ruolo di segretario verbalizzante sar\u00e0 invece svolto dal Rup (Responsabile Unico del Procedimento) della gara, ovvero dalla dott.ssa Graziana Tampoia.<\/p>\n<p style=\"text-align: justify;\">Dopo aver proceduto, in seduta pubblica sul Mepa, all\u2019apertura della busta contenente l\u2019offerta tecnica dell\u2019unica concorrente, la Commissione, riunita in seduta segreta, provveder\u00e0 ad esaminarla e ad attribuire il relativo punteggio, tenendo presenti le previsioni degli atti di gara. A seguire, nuovamente in seduta pubblica, sar\u00e0 vagliata l\u2019offerta economica, assegnando anche in questo caso un punteggio e accertando la soglia di anomalia dell\u2019offerta. Infine, il lavoro della Commissione si concluder\u00e0 con l&#8217;attivit\u00e0 di supporto al Rup nella verifica, ed eventuale esclusione, dell\u2019 offerta, qualora venga riscontrato un ribasso anormale o al di fuori dei parametri di legge.<\/p>\n","protected":false},"excerpt":{"rendered":"<p><img loading=\"lazy\" decoding=\"async\" src=\"https:\/\/farm2.staticflickr.com\/1827\/43096341281_5621ff2570_n.jpg\" alt=\"mensa-scolastica\" width=\"320\" height=\"181\" \/><\/p>\n","protected":false},"author":1,"featured_media":0,"comment_status":"open","ping_status":"closed","sticky":false,"template":"","format":"standard","meta":{"colormag_page_container_layout":"default_layout","colormag_page_sidebar_layout":"default_layout","footnotes":""},"categories":[7],"tags":[],"class_list":["post-15667","post","type-post","status-publish","format-standard","hentry","category-attualita"],"_links":{"self":[{"href":"https:\/\/archivioturi.lavocedelpaese.info\/index.php\/wp-json\/wp\/v2\/posts\/15667","targetHints":{"allow":["GET"]}}],"collection":[{"href":"https:\/\/archivioturi.lavocedelpaese.info\/index.php\/wp-json\/wp\/v2\/posts"}],"about":[{"href":"https:\/\/archivioturi.lavocedelpaese.info\/index.php\/wp-json\/wp\/v2\/types\/post"}],"author":[{"embeddable":true,"href":"https:\/\/archivioturi.lavocedelpaese.info\/index.php\/wp-json\/wp\/v2\/users\/1"}],"replies":[{"embeddable":true,"href":"https:\/\/archivioturi.lavocedelpaese.info\/index.php\/wp-json\/wp\/v2\/comments?post=15667"}],"version-history":[{"count":0,"href":"https:\/\/archivioturi.lavocedelpaese.info\/index.php\/wp-json\/wp\/v2\/posts\/15667\/revisions"}],"wp:attachment":[{"href":"https:\/\/archivioturi.lavocedelpaese.info\/index.php\/wp-json\/wp\/v2\/media?parent=15667"}],"wp:term":[{"taxonomy":"category","embeddable":true,"href":"https:\/\/archivioturi.lavocedelpaese.info\/index.php\/wp-json\/wp\/v2\/categories?post=15667"},{"taxonomy":"post_tag","embeddable":true,"href":"https:\/\/archivioturi.lavocedelpaese.info\/index.php\/wp-json\/wp\/v2\/tags?post=15667"}],"curies":[{"name":"wp","href":"https:\/\/api.w.org\/{rel}","templated":true}]}}