{"id":1566,"date":"2010-03-07T18:49:38","date_gmt":"2010-03-07T18:49:38","guid":{"rendered":"https:\/\/archivioturi.lavocedelpaese.info\/index.php\/2010\/03\/07\/sguardo-alla-settimana-17-marzo\/"},"modified":"2010-03-07T18:49:38","modified_gmt":"2010-03-07T18:49:38","slug":"sguardo-alla-settimana-17-marzo","status":"publish","type":"post","link":"https:\/\/archivioturi.lavocedelpaese.info\/index.php\/2010\/03\/07\/sguardo-alla-settimana-17-marzo\/","title":{"rendered":"SGUARDO ALLA SETTIMANA 1\/7 MARZO"},"content":{"rendered":"<p><img loading=\"lazy\" decoding=\"async\" class=\" size-full wp-image-1239\" src=\"https:\/\/archivioturi.lavocedelpaese.info\/wp-content\/uploads\/2010\/01\/Postits.jpg\" alt=\"postits\" height=\"150\" width=\"320\" srcset=\"https:\/\/archivioturi.lavocedelpaese.info\/wp-content\/uploads\/2010\/01\/Postits.jpg 640w, https:\/\/archivioturi.lavocedelpaese.info\/wp-content\/uploads\/2010\/01\/Postits-300x141.jpg 300w\" sizes=\"auto, (max-width: 320px) 100vw, 320px\" \/> <\/p>\n<p><strong><span style=\"font-family: verdana,geneva;\"><span style=\"font-size: 10pt;\">Luned\u00ec 1:<\/span><\/span><\/strong><\/p>\n<p style=\"text-align: justify;\"><span style=\"font-family: verdana,geneva;\"><span style=\"font-size: 10pt;\"><a href=\"notizie\/cultura\/1050-reclutamento-di-esperti-per-lattuazione-dei-corsi-pon.html?phpMyAdmin=249be9a92230f4edfb2945ad723064de\">RECLUTAMENTO DI ESPERTI PER L&#8217;ATTUAZIONE DEI CORSI PON<\/a> Avviso pubblico per il Reclutamento di esperti. Ecco il bando.<\/span><\/span><\/p>\n<p style=\"text-align: justify;\"><span style=\"font-family: verdana,geneva;\"><span style=\"font-size: 10pt;\"><a href=\"notizie\/politica\/1048-regionali-del-2829-marzo-15-liste-4-candidati.html?phpMyAdmin=249be9a92230f4edfb2945ad723064de\">REGIONALI DEL 28\/29 MARZO: 15 LISTE, 4 CANDIDATI<\/a> <span style=\"FONT-SIZE: 10pt\"><span style=\"FONT-FAMILY: verdana, geneva\">Quindici liste in sostegno di quattro candidati alla presidenza della Regione Puglia. Settanta consiglieri da eleggere alle votazioni in programma i prossimi 28 e 29 marzo.<\/span><\/span><\/span><\/span><\/p>\n<p style=\"text-align: justify;\"><span style=\"font-family: verdana,geneva;\"><span style=\"font-size: 10pt;\"><span style=\"FONT-SIZE: 10pt\"><span style=\"FONT-FAMILY: verdana, geneva\"><a href=\"notizie\/la-voce-del-paese\/1049-leo-che-vuoi-fare-stringe-u-nese-e-bive-acite.html?phpMyAdmin=249be9a92230f4edfb2945ad723064de\">LEO, CHE VUOI FARE? STR\u00ccNGE U\u2019 N\u00c9SE E B\u00ccVE AC\u00ccTE!<\/a> <span style=\"FONT-FAMILY: verdana, geneva\"><span style=\"FONT-SIZE: 10pt\">Che settimana per Leo Spada!<\/span><\/span><\/span><\/span><\/span><\/span><\/p>\n<p style=\"text-align: justify;\"><span style=\"font-family: verdana,geneva;\"><span style=\"font-size: 10pt;\"><span style=\"FONT-SIZE: 10pt\"><span style=\"FONT-FAMILY: verdana, geneva\"><span style=\"FONT-FAMILY: verdana, geneva\"><span style=\"FONT-SIZE: 10pt\"><a href=\"notizie\/sport\/1051-lacqua-amata-stravince-in-casa.html?phpMyAdmin=249be9a92230f4edfb2945ad723064de\">L\u2019ACQUA AMATA STRAVINCE IN CASA<\/a> <span style=\"FONT-SIZE: 10pt\"><span style=\"FONT-FAMILY: verdana, geneva\">Vince meritatamente l\u2019Acqua Amata Turi in casa contro il temibile Modugno.<\/span><\/span><\/span><\/span><\/span><\/span><\/span><\/span><\/p>\n<p style=\"text-align: justify;\"><span style=\"font-family: verdana,geneva;\"><span style=\"font-size: 10pt;\"><span style=\"FONT-SIZE: 10pt\"><span style=\"FONT-FAMILY: verdana, geneva\"><span style=\"FONT-FAMILY: verdana, geneva\"><span style=\"FONT-SIZE: 10pt\"><span style=\"FONT-SIZE: 10pt\"><span style=\"FONT-FAMILY: verdana, geneva\"><a href=\"notizie\/sport\/1052-sconfitta-che-brucia-per-la-calcio-point.html?phpMyAdmin=249be9a92230f4edfb2945ad723064de\">SCONFITTA CHE BRUCIA PER LA CALCIO POINT<\/a> <span style=\"FONT-SIZE: 10pt\"><span style=\"FONT-FAMILY: verdana, geneva\">Occasione sprecata per la Calcio Point Turi, che perde di misura contro il Futsal Capurso. <\/span><\/span><\/span><\/span><\/span><\/span><\/span><\/span><\/span><\/span><\/p>\n<p style=\"text-align: justify;\"><span style=\"font-family: verdana,geneva;\"><span style=\"font-size: 10pt;\"><span style=\"FONT-SIZE: 10pt\"><span style=\"FONT-FAMILY: verdana, geneva\"><span style=\"FONT-FAMILY: verdana, geneva\"><span style=\"FONT-SIZE: 10pt\"><span style=\"FONT-SIZE: 10pt\"><span style=\"FONT-FAMILY: verdana, geneva\"><span style=\"FONT-SIZE: 10pt\"><span style=\"FONT-FAMILY: verdana, geneva\"><a href=\"notizie\/politica\/1053-la-villa-menelao-turi-cade-a-chieti.html?phpMyAdmin=249be9a92230f4edfb2945ad723064de\">LA VILLA MENELAO TURI CADE A CHIETI<\/a> <span style=\"FONT-SIZE: 10pt\"><span style=\"FONT-FAMILY: verdana, geneva\">Non riesce l\u2019impresa alla Villa Menelao Turi che esce sconfitta al Palatricalle contro un Chieti in ottima forma. <\/span><\/span><\/span><\/span><\/span><\/span><\/span><\/span><\/span><\/span><\/span><\/span><\/p>\n<p style=\"text-align: justify;\"><span style=\"font-family: verdana,geneva;\"><span style=\"font-size: 10pt;\"><span style=\"FONT-SIZE: 10pt\"><span style=\"FONT-FAMILY: verdana, geneva\"><span style=\"FONT-FAMILY: verdana, geneva\"><span style=\"FONT-SIZE: 10pt\"><span style=\"FONT-SIZE: 10pt\"><span style=\"FONT-FAMILY: verdana, geneva\"><span style=\"FONT-SIZE: 10pt\"><span style=\"FONT-FAMILY: verdana, geneva\"><span style=\"FONT-SIZE: 10pt\"><span style=\"FONT-FAMILY: verdana, geneva\"><a href=\"notizie\/cultura\/1054-danza-e-spettacolo-per-chi-e-di-scena.html?phpMyAdmin=249be9a92230f4edfb2945ad723064de\">DANZA E SPETTACOLO PER \u201cCHI \u00c8 DI SCENA!?\u201d<\/a> <span style=\"FONT-SIZE: 10pt\"><span style=\"FONT-FAMILY: verdana, geneva\">L\u2019Accademia \u201cChi \u00e8 di scena!?\u201d \u2013 Danza &amp; Spettacolo, nella serata del 28 febbraio, presso l\u2019Auditorium dell\u2019ITC \u201cSandro Pertini\u201d, ha realizzato uno spettacolo dimostrativo dal titolo Altradanza \u2026 in scena!?.<\/span><\/span><\/span><\/span><\/span><\/span><\/span><\/span><\/span><\/span><\/span><\/span><\/span><\/span><\/p>\n<p style=\"text-align: justify;\"><span style=\"font-family: verdana,geneva;\"><span style=\"font-size: 10pt;\"><span style=\"FONT-SIZE: 10pt\"><span style=\"FONT-FAMILY: verdana, geneva\"><span style=\"FONT-FAMILY: verdana, geneva\"><span style=\"FONT-SIZE: 10pt\"><span style=\"FONT-SIZE: 10pt\"><span style=\"FONT-FAMILY: verdana, geneva\"><span style=\"FONT-SIZE: 10pt\"><span style=\"FONT-FAMILY: verdana, geneva\"><span style=\"FONT-SIZE: 10pt\"><span style=\"FONT-FAMILY: verdana, geneva\"><span style=\"FONT-SIZE: 10pt\"><span style=\"FONT-FAMILY: verdana, geneva\"> <\/span><\/span><\/span><\/span><\/span><\/span><\/span><\/span><\/span><\/span><\/span><\/span><\/span><\/span><\/p>\n<p><strong><span style=\"font-family: verdana,geneva;\"><span style=\"font-size: 10pt;\">Marted\u00ec 2:<\/span><\/span><\/strong><\/p>\n<p style=\"text-align: justify;\"><span style=\"font-family: verdana,geneva;\"><span style=\"font-size: 10pt;\"><span style=\"font-size: x-small;\"><a href=\"notizie\/cultura\/1055-2-marzo-1980-turi-festeggia-sandro-pertini.html?phpMyAdmin=249be9a92230f4edfb2945ad723064de\"><span style=\"font-size: 10pt;\">2 MARZO 1980, TURI FESTEGGIA SANDRO PERTINI<\/span><\/a><span style=\"font-size: 10pt;\"> <\/span><span style=\"FONT-SIZE: 10pt\"><span style=\"FONT-FAMILY: verdana, geneva\">Trent\u2019anni fa, il 2 marzo 1980, Turi ebbe l\u2019onore di ricevere la visita del Presidente Sandro Pertini, al quale fu consegnata la cittadinanza onoraria. <\/span><\/span><\/span><\/span><\/span><\/p>\n<p style=\"text-align: justify;\"><span style=\"font-family: verdana,geneva;\"><span style=\"font-size: 10pt;\"><span style=\"font-size: x-small;\"><span style=\"FONT-SIZE: 10pt\"><span style=\"FONT-FAMILY: verdana, geneva\"><a href=\"notizie\/attualita\/1057-giovedi-11-consegna-della-petizione-per-la-sp-132.html?phpMyAdmin=249be9a92230f4edfb2945ad723064de\">GIOVEDI&#8217; 11 CONSEGNA DELLA PETIZIONE PER LA SP 132<\/a> Circa 2500, saranno consegnate da una delegazione di turesi e sammichelini, direttamente nelle mani del Presidente, nella sala consiliare, gioved\u00ec 11 Marzo alle ore 15.00.<\/span><\/span><\/span><\/span><\/span><\/p>\n<p style=\"text-align: justify;\"><a href=\"notizie\/cultura\/1059-un-aneddoto-e-una-filastrocca-sobbe-a-la-jacche.html?phpMyAdmin=249be9a92230f4edfb2945ad723064de\"><span style=\"font-family: verdana,geneva;\"><span style=\"font-size: 10pt;\">UN ANEDDOTO E UNA FILASTROCCA D&#8217;ALTRI TEMPI<\/span><\/span><\/a> <span style=\"FONT-SIZE: 10pt\"><span style=\"FONT-FAMILY: verdana, geneva\">Tanti, ma tanti anni fa, nelle notti ventose e con la luna, qualcuno dei nostri nonni e bisnonni andava, armato di bastoni, a caccia di uccelli. Si andava alla j\u00e0cche.<\/span><\/span><\/p>\n<p style=\"text-align: justify;\"><span style=\"FONT-SIZE: 10pt\"><span style=\"FONT-FAMILY: verdana, geneva\"><a href=\"notizie\/politica\/1058-colapietro-lascia-ludc-ventrella-pro-boccardi.html?phpMyAdmin=249be9a92230f4edfb2945ad723064de\">COLAPIETRO LASCIA L&#8217;UDC. VENTRELLA PRO BOCCARDI?<\/a> <span style=\"FONT-SIZE: 10pt\"><span style=\"FONT-FAMILY: verdana, geneva\">Si \u00e8 svolta la scorsa settimana la conferenza tenuta dal consigliere comunale Natalino Ventrella in sala Giunta presso il Palazzo di Citt\u00e0. <\/span><\/span><\/span><\/span><\/p>\n<div><\/div>\n<div><\/div>\n<p><strong><span style=\"font-family: verdana,geneva;\"><span style=\"font-size: 10pt;\">Mercoled\u00ec 3:<\/span><\/span><\/strong><\/p>\n<p><span style=\"font-family: verdana,geneva;\"><span style=\"font-size: 10pt;\"><a href=\"notizie\/politica\/1061-fitto-e-palese-per-michele-boccardi.html?phpMyAdmin=249be9a92230f4edfb2945ad723064de\">FITTO E PALESE PER MICHELE BOCCARDI<\/a><strong> <\/strong>Domenica 7 Marzo alle ore 18.00 presso Villa Menelao a Turi presento la mia candidatura al Consiglio Regionale.<\/span><\/span><\/p>\n<p style=\"text-align: justify;\"><span style=\"font-family: verdana,geneva;\"><span style=\"font-size: 10pt;\"><a href=\"notizie\/politica\/1063-come-voteranno-i-consiglieri-comunali.html?phpMyAdmin=249be9a92230f4edfb2945ad723064de\">CHI VOTERANNO I CONSIGLIERI COMUNALI?<\/a> <span style=\"FONT-FAMILY: verdana, geneva\"><span style=\"FONT-SIZE: 10pt\">Tutto \u00e8 nato da alcuni commentatori che si sono provocati su Turiweb, azzardando per chi voteranno alcuni esponenti del Consiglio comunale. <\/span><\/span><\/span><\/span><\/p>\n<p style=\"text-align: justify;\"><span style=\"font-family: verdana,geneva;\"><span style=\"font-size: 10pt;\"><a href=\"notizie\/politica\/1062-boccardi-resta-loiotila-tre-turesi-contro.html?phpMyAdmin=249be9a92230f4edfb2945ad723064de\">BOCCARDI, RESTA, LOIOTILA: TRE TURESI CONTRO<\/a> <span style=\"FONT-SIZE: 10pt\"><span style=\"FONT-FAMILY: verdana, geneva\">Presentate tutte le liste. Abbiamo tutti i nomi dei candidati, dai quali usciranno i 70 consiglieri che daranno vita al nuovo Consiglio regionale. Sono presenti tre turesi: Michele Boccardi del Pdl, Onofrio Resta della Ppdt e Tina Loiotila di Io Sud.<\/span><\/span><\/span><\/span><\/p>\n<p style=\"text-align: justify;\"><span style=\"font-family: verdana,geneva;\"><span style=\"font-size: 10pt;\"><a href=\"notizie\/cultura\/1064-giuseppe-ayala-e-spangher-venerdi-alla-lum.html?phpMyAdmin=249be9a92230f4edfb2945ad723064de\">GIUSEPPE AYALA IN DIRETTA WEB VENERDI&#8217; DALLA LUM<\/a> Venerd\u00ec 5 marzo dalle ore 10.00 presso l\u2019Universit\u00e0 LUM Jean Monnet, a Casamassima, nell\u2019ambito di LumOrienta \u2013 Giornate di orientamento a porte aperte, Giuseppe Ayala, m<st1:personname w:st=\"on\">agi<\/st1:personname>strato e scrittore insieme a Giorgio Spangher, docente di Procedura Penale, incontrer\u00e0 gli studenti in un incontro in cui presenter\u00e0 il suo ultimo libro: <em>\u201cChi ha paura muore ogni giorno. I miei anni con Falcone e Borsellino\u201d <\/em>(Mondadori, 2009).<\/span><\/span><\/p>\n<p style=\"text-align: justify;\"><span style=\"font-family: verdana,geneva;\"><span style=\"font-size: 10pt;\"><br \/><\/span><\/span><\/p>\n<p style=\"text-align: justify;\"><strong><span style=\"font-family: verdana,geneva;\"><span style=\"font-size: 10pt;\">Gioved\u00ec 4:<\/span><\/span><\/strong><\/p>\n<p style=\"text-align: justify;\"><span style=\"font-family: verdana,geneva;\"><span style=\"font-size: 10pt;\"><a href=\"notizie\/cronaca\/1065-finisce-con-due-ruote-sul-muretto-a-secco.html?phpMyAdmin=249be9a92230f4edfb2945ad723064de\">FINISCE CON DUE RUOTE SUL MURETTO A SECCO<\/a> <span style=\"FONT-SIZE: 10pt\"><span style=\"FONT-FAMILY: verdana, geneva\">\u00c8 avvenuto gioved\u00ec 3 marzo, intorno alle 14.30, l&#8217;ennesimo incidente sulla SP 132 (Turi -Sammichele) in territorio turese.<\/span><\/span><\/span><\/span><\/p>\n<p style=\"text-align: justify;\"><span style=\"font-family: verdana,geneva;\"><span style=\"font-size: 10pt;\"><span style=\"FONT-SIZE: 10pt\"><span style=\"FONT-FAMILY: verdana, geneva\"><a href=\"notizie\/attualita\/1066-via-casamassima-rattoppate-le-tre-cunette.html?phpMyAdmin=249be9a92230f4edfb2945ad723064de\">VIA CASAMASSIMA, RATTOPPATE LE TRE CUNETTE<\/a> <span style=\"FONT-SIZE: 10pt\"><span style=\"FONT-FAMILY: verdana, geneva\">Nei giorni scorsi, probabilmente a causa delle piogge abbondanti che hanno indebolito la parte sottostante dell&#8217;asfalto di via Casamassima, in tre punti della carreggiata il terreno ha ceduto vistosamente, lasciando nelle mani dei turesi tre grossi avvallamenti, uno dei quali di quasi 20 cm.<\/span><\/span><\/span><\/span><\/span><\/span><\/p>\n<p style=\"text-align: justify;\"><span style=\"font-family: verdana,geneva;\"><span style=\"font-size: 10pt;\"><span style=\"FONT-SIZE: 10pt\"><span style=\"FONT-FAMILY: verdana, geneva\"><span style=\"FONT-SIZE: 10pt\"><span style=\"FONT-FAMILY: verdana, geneva\"><a href=\"notizie\/cultura\/1067-che-gioiello-quella-nicchia-votiva-di-via-massari.html?phpMyAdmin=249be9a92230f4edfb2945ad723064de\">CHE GIOIELLO QUELLA NICCHIA VOTIVA DI VIA MASSARI<\/a> A Turi ci sono tante cose belle da \u2018gustarsi con gli occhi\u2019, per esempio le edicole votive. Ecco, in via Massari, c\u2019\u00e8 la nicchia votiva pi\u00f9 bella del paese. Questa edicola \u00e8 del 1896 con un bassorilievo che raffigura sant\u2019Oronzo mentre benedice e ha ai piedi due piccoli putti. <\/span><\/span><\/span><\/span><\/span><\/span><\/p>\n<p style=\"text-align: justify;\"><span style=\"font-family: verdana,geneva;\"><span style=\"font-size: 10pt;\"><span style=\"FONT-SIZE: 10pt\"><span style=\"FONT-FAMILY: verdana, geneva\"><span style=\"FONT-SIZE: 10pt\"><span style=\"FONT-FAMILY: verdana, geneva\"> <\/span><\/span><\/span><\/span><\/span><\/span><\/p>\n<p style=\"text-align: justify;\">\u00a0<\/p>\n<p style=\"text-align: justify;\"><strong><span style=\"font-family: verdana,geneva;\"><span style=\"font-size: 10pt;\">Venerd\u00ec 5:<\/span><\/span><\/strong><\/p>\n<p style=\"text-align: justify;\"><span style=\"font-family: verdana,geneva;\"><span style=\"font-size: 10pt;\"><a href=\"notizie\/cronaca\/1069-computer-in-tilt-alla-posta-disagi.html?phpMyAdmin=249be9a92230f4edfb2945ad723064de\">COMPUTER IN TILT ALLA POSTA. DISAGI<\/a> <span style=\"FONT-SIZE: 10pt\"><span style=\"FONT-FAMILY: verdana, geneva\">Ieri, 4 marzo, mattinata di disagi presso l\u2019ufficio postale di Turi. Tutta colpa di un guasto che ha messo ko i computer che sono rimasti bloccati per qualche ora.<\/span><\/span><\/span><\/span><\/p>\n<p style=\"text-align: justify;\"><span style=\"font-family: verdana,geneva;\"><span style=\"font-size: 10pt;\"><span style=\"FONT-SIZE: 10pt\"><span style=\"FONT-FAMILY: verdana, geneva\"><a href=\"notizie\/cultura\/1070-tra-storia-cultura-e-leggenda-del-primitivo.html?phpMyAdmin=249be9a92230f4edfb2945ad723064de\">TRA STORIA, CULTURA E LEGGENDA DEL PRIMITIVO<\/a> <span style=\"FONT-SIZE: 10pt\"><span style=\"FONT-FAMILY: verdana, geneva\">La storia del primitivo si perde nella notte dei tempi.<\/span><\/span><\/span><\/span><\/span><\/span><\/p>\n<p style=\"text-align: justify;\"><span style=\"font-family: verdana,geneva;\"><span style=\"font-size: 10pt;\"><span style=\"FONT-SIZE: 10pt\"><span style=\"FONT-FAMILY: verdana, geneva\"><span style=\"FONT-SIZE: 10pt\"><span style=\"FONT-FAMILY: verdana, geneva\"><a href=\"notizie\/attualita\/1071-strisce-pedonali-e-nuovi-rallentatori-in-paese.html?phpMyAdmin=249be9a92230f4edfb2945ad723064de\">STRISCE PEDONALI E NUOVI RALLENTATORI IN PAESE<\/a> <span style=\"FONT-SIZE: 10pt\"><span style=\"FONT-FAMILY: verdana, geneva\">Dopo l&#8217;Ordinanza firmata nei giorni scorsi dal dott. Michele Cassano, Comandante della Polizia Municipale di Turi, \u00e8 stata predisposta l&#8217;istituzione di alcuni attraversamenti pedonali su piattaforme rialzate in quattro punti del paese.<\/span><\/span><\/span><\/span><\/span><\/span><\/span><\/span><\/p>\n<p style=\"text-align: justify;\"><span style=\"font-family: verdana,geneva;\"><span style=\"font-size: 10pt;\"><span style=\"FONT-SIZE: 10pt\"><span style=\"FONT-FAMILY: verdana, geneva\"><span style=\"FONT-SIZE: 10pt\"><span style=\"FONT-FAMILY: verdana, geneva\"><span style=\"FONT-SIZE: 10pt\"><span style=\"FONT-FAMILY: verdana, geneva\"><a href=\"notizie\/politica\/1072-affissione-selvaggia-di-manifesti-elettorali.html?phpMyAdmin=249be9a92230f4edfb2945ad723064de\">AFFISSIONE SELVAGGIA DI MANIFESTI ELETTORALI<\/a> <span style=\"FONT-SIZE: 10pt\"><span style=\"FONT-FAMILY: verdana, geneva\">Nelle notti scorse, compresa l&#8217;ultima appena trascorsa, \u00e8 avvenuto uno degli episodi pi\u00f9 ricorrenti dei periodi a ridosso delle elezioni, specialmente quelle di livello sovra comunale. Stiamo parlando dell&#8217;affissione selvaggia di manifesti elettorali non autorizzati.<\/span><\/span><\/span><\/span><\/span><\/span><\/span><\/span><\/span><\/span><\/p>\n<p style=\"text-align: justify;\"><span style=\"font-family: verdana,geneva;\"><span style=\"font-size: 10pt;\"><span style=\"FONT-SIZE: 10pt\"><span style=\"FONT-FAMILY: verdana, geneva\"><span style=\"FONT-SIZE: 10pt\"><span style=\"FONT-FAMILY: verdana, geneva\"><span style=\"FONT-SIZE: 10pt\"><span style=\"FONT-FAMILY: verdana, geneva\"><span style=\"FONT-SIZE: 10pt\"><span style=\"FONT-FAMILY: verdana, geneva\"><a href=\"notizie\/attualita\/1073-farmacia-giuliani-riaperta-sfogo-della-titolare.html?phpMyAdmin=249be9a92230f4edfb2945ad723064de\">FARMACIA GIULIANI RIAPERTA: SFOGO DELLA TITOLARE<\/a> <span style=\"FONT-SIZE: 10pt\"><span style=\"FONT-FAMILY: verdana, geneva\">Dopo la breve chiusura imposta dai Nas di Bari, la farmacia Giuliani \u00e8 riaperta al pubblico servizio. Numerose sono state le dimostrazioni di sostegno rivolte alla titolare da molti dei nostri concittadini. <\/span><\/span><\/span><\/span><\/span><\/span><\/span><\/span><\/span><\/span><\/span><\/span><\/p>\n<p style=\"text-align: justify;\"><span style=\"font-family: verdana,geneva;\"><span style=\"font-size: 10pt;\"><span style=\"FONT-SIZE: 10pt\"><span style=\"FONT-FAMILY: verdana, geneva\"><span style=\"FONT-SIZE: 10pt\"><span style=\"FONT-FAMILY: verdana, geneva\"><span style=\"FONT-SIZE: 10pt\"><span style=\"FONT-FAMILY: verdana, geneva\"><span style=\"FONT-SIZE: 10pt\"><span style=\"FONT-FAMILY: verdana, geneva\"><span style=\"FONT-SIZE: 10pt\"><span style=\"FONT-FAMILY: verdana, geneva\"><a href=\"notizie\/sport\/1075-lacqua-amata-si-gioca-il-tutto-per-tutto.html?phpMyAdmin=249be9a92230f4edfb2945ad723064de\">L\u2019ACQUA AMATA SI GIOCA IL TUTTO PER TUTTO<\/a> <span style=\"FONT-SIZE: 10pt\"><span style=\"FONT-FAMILY: verdana, geneva\">Big match nel Palazzetto Comunale di Terlizzi tra la formazione di casa contro l\u2019Acqua Amata Turi. <\/span><\/span><\/span><\/span><\/span><\/span><\/span><\/span><\/span><\/span><\/span><\/span><\/span><\/span><\/p>\n<p style=\"text-align: justify;\"><span style=\"font-family: verdana,geneva;\"><span style=\"font-size: 10pt;\"><span style=\"FONT-SIZE: 10pt\"><span style=\"FONT-FAMILY: verdana, geneva\"><span style=\"FONT-SIZE: 10pt\"><span style=\"FONT-FAMILY: verdana, geneva\"><span style=\"FONT-SIZE: 10pt\"><span style=\"FONT-FAMILY: verdana, geneva\"><span style=\"FONT-SIZE: 10pt\"><span style=\"FONT-FAMILY: verdana, geneva\"><span style=\"FONT-SIZE: 10pt\"><span style=\"FONT-FAMILY: verdana, geneva\"><span style=\"FONT-SIZE: 10pt\"><span style=\"FONT-FAMILY: verdana, geneva\"><a href=\"notizie\/sport\/1076-calcio-point-tra-multa-e-assenze.html?phpMyAdmin=249be9a92230f4edfb2945ad723064de\">CALCIO POINT, TRASFERTA DIFFICILE TRA MULTA E ASSENZE<\/a> <span style=\"FONT-SIZE: 10pt\"><span style=\"FONT-FAMILY: verdana, geneva\">Partita difficile per la Calcio Point Turi sabato pomeriggio. A Rutigliano la squadra di Colucci affronta la capolista Azetium. <\/span><\/span><\/span><\/span><\/span><\/span><\/span><\/span><\/span><\/span><\/span><\/span><\/span><\/span><\/span><\/span><\/p>\n<p style=\"text-align: justify;\"><span style=\"font-family: verdana,geneva;\"><span style=\"font-size: 10pt;\"><span style=\"FONT-SIZE: 10pt\"><span style=\"FONT-FAMILY: verdana, geneva\"><span style=\"FONT-SIZE: 10pt\"><span style=\"FONT-FAMILY: verdana, geneva\"><span style=\"FONT-SIZE: 10pt\"><span style=\"FONT-FAMILY: verdana, geneva\"><span style=\"FONT-SIZE: 10pt\"><span style=\"FONT-FAMILY: verdana, geneva\"><span style=\"FONT-SIZE: 10pt\"><span style=\"FONT-FAMILY: verdana, geneva\"><span style=\"FONT-SIZE: 10pt\"><span style=\"FONT-FAMILY: verdana, geneva\"><span style=\"FONT-SIZE: 10pt\"><span style=\"FONT-FAMILY: verdana, geneva\"><a href=\"notizie\/sport\/1077-villa-menelao-turi-pronta-al-riscatto.html?phpMyAdmin=249be9a92230f4edfb2945ad723064de\">VILLA MENELAO TURI PRONTA AL RISCATTO<\/a> <span style=\"FONT-SIZE: 10pt\"><span style=\"FONT-FAMILY: verdana, geneva\">Settima giornata e sfida tra neo-promosse in programma sabato sera nel nuovo Palazzetto dello Sport di Turi.<\/span><\/span><\/span><\/span><\/span><\/span><\/span><\/span><\/span><\/span><\/span><\/span><\/span><\/span><\/span><\/span><\/span><\/span><\/p>\n<p style=\"text-align: justify;\"><span style=\"font-family: verdana,geneva;\"><span style=\"font-size: 10pt;\"><span style=\"FONT-SIZE: 10pt\"><span style=\"FONT-FAMILY: verdana, geneva\"><span style=\"FONT-SIZE: 10pt\"><span style=\"FONT-FAMILY: verdana, geneva\"><span style=\"FONT-SIZE: 10pt\"><span style=\"FONT-FAMILY: verdana, geneva\"><span style=\"FONT-SIZE: 10pt\"><span style=\"FONT-FAMILY: verdana, geneva\"><span style=\"FONT-SIZE: 10pt\"><span style=\"FONT-FAMILY: verdana, geneva\"><span style=\"FONT-SIZE: 10pt\"><span style=\"FONT-FAMILY: verdana, geneva\"><span style=\"FONT-SIZE: 10pt\"><span style=\"FONT-FAMILY: verdana, geneva\"><span style=\"FONT-SIZE: 10pt\"><span style=\"FONT-FAMILY: verdana, geneva\"> <\/span><\/span><\/span><\/span><\/span><\/span><\/span><\/span><\/span><\/span><\/span><\/span><\/span><\/span><\/span><\/span><\/span><\/span><\/p>\n<p style=\"text-align: justify;\">\u00a0<\/p>\n<p style=\"text-align: justify;\"><strong><span style=\"font-family: verdana,geneva;\"><span style=\"font-size: 10pt;\">Sabato 6:<\/span><\/span><\/strong><\/p>\n<p style=\"text-align: justify;\"><span style=\"font-family: verdana,geneva;\"><span style=\"font-size: 10pt;\"><a href=\"notizie\/politica\/1061-fitto-e-palese-per-michele-boccardi.html?phpMyAdmin=249be9a92230f4edfb2945ad723064de\">FITTO E PALESE PER MICHELE BOCCARDI<\/a> Comunicazione politica.<\/span><\/span><\/p>\n<p style=\"text-align: justify;\"><span style=\"font-family: verdana,geneva;\"><span style=\"font-size: 10pt;\"><a href=\"component\/content\/article\/1078-domenico-caputo-basta-false-promesse.html?phpMyAdmin=249be9a92230f4edfb2945ad723064de\">DOMENICO CAPUTO: BASTA FALSE PROMESSE<\/a> Domenico Caputo, consigliere regionale uscente e candidato con il partito di Sinistra Ecologia e Libert\u00e0 (Sel) di Vendola presidente, vorrebbe concentrare l\u2019azione politica sulla questione lavoro e formazione.<\/span><\/span><\/p>\n<p style=\"text-align: justify;\"><span style=\"font-family: verdana,geneva;\"><span style=\"font-size: 10pt;\"><a href=\"notizie\/attualita\/1079-stabilizzati-dopo-20-anni-gli-irrigui-regionali.html?phpMyAdmin=249be9a92230f4edfb2945ad723064de\">STABILIZZATI DOPO 20 ANNI GLI IRRIGUI \u2018REGIONALI\u2019<\/a> <span style=\"FONT-SIZE: 10pt\"><span style=\"FONT-FAMILY: verdana, geneva\">Mercoled\u00ec 3 marzo a Molfetta, nel salone delle conferenze dell\u2019hotel Magnolia, l\u2019Assessore regionale alla Trasparenza, alla Gestione risorse umane, alle Politiche giovanili ecc., Guglielmo Minervini, ha spiegato ad una parte degli oltre 1200 operatori forestali e irrigui, la nuova legge regionale che permette loro, in parecchi precari da vent\u2019anni, di avere un lavoro a tempo indeterminato.<\/span><\/span><\/span><\/span><\/p>\n<p style=\"text-align: justify;\"><span style=\"font-family: verdana,geneva;\"><span style=\"font-size: 10pt;\"><span style=\"FONT-SIZE: 10pt\"><span style=\"FONT-FAMILY: verdana, geneva\"> <\/span><\/span><\/span><\/span><\/p>\n<p><img decoding=\"async\" src=\"data:image\/png;base64,iVBORw0KGgoAAAANSUhEUgAAABYAAAAUCAYAAACJfM0wAAAABHNCSVQICAgIfAhkiAAAAAlwSFlzAAAK8AAACvABQqw0mAAAAB90RVh0U29mdHdhcmUATWFjcm9tZWRpYSBGaXJld29ya3MgOLVo0ngAAAAWdEVYdENyZWF0aW9uIFRpbWUAMDQvMDQvMDhrK9wWAAACLklEQVQ4jbXUP0wTcRQH8O\/9ekdjkT8CUqpee00bRyNNmSRSV0PcJJoQg2i6ODTExEUHg04OaNSppqtCjQ4ukDSKSuLUwcm4NNZcQYsIGtD+u\/f7MZSWXltqo\/Ul7\/JL7u7z3r3fLye53e5xj8ejoYWRSCSSstfr1YLBYHcr4XA4rMmMMciy3EoXjDHIjDEoivL\/4fefrP1P3nYEvqzLajOIo8fQz5\/cfH3cnVttCM8udQaODBxQFx44Ye9h4HxvdGWtgMlbSXV2SQoMHf0RNcGSJJlmvPLdos7fdyIWL+D5myx+ZwwUDAIRh2EU1wYRFItA6FwvIjdcGJr4qFYakiSBlTavlABwsJth7mUWmSyBOAfnAkQE4gKccxBx\/MoYmHmcxuH+NgAwGQ03j3NeRjjnoGqcC\/zcIgghAMBkNISJuKlbEy4EaKdoKerC5nNMxQdlgVx+t0siKhYQovwV1rbdtyoNxlhxxoqilBMA0uuES6Pt6NqP2hHsoDarhJuXD2F5NV\/uuJR1T4XLzvTJ25\/VyHUnzgzba0YkKq6pdB4T00m47EyvPhU1M54asy3ee5o55bvwQQWAr\/PHMBfbQGhGrykCANqARZ8asy3+ccYjg\/K3kcF9UQAYvrJ29dmrDUxHlnOxu72P+rpYrq5eFU39K649TCF0tnPB0WdtCt2z48rQHIp+8XTHu9ET7alm0aY6fnFHjda98a\/w3wZjDJLP5xv3+\/1aK+F4PJ7cBm32CUNiyI2GAAAAAElFTkSuQmCC\" style=\"border: medium none; margin: 0px; position: absolute; visibility: visible; color: transparent; z-index: 2147483647; left: 66px; top: 159px;\" id=\"fvdkoff-target-image\" \/><\/p>\n","protected":false},"excerpt":{"rendered":"<p><img loading=\"lazy\" decoding=\"async\" class=\" size-full wp-image-1239\" src=\"https:\/\/archivioturi.lavocedelpaese.info\/wp-content\/uploads\/2010\/01\/Postits.jpg\" alt=\"postits\" height=\"150\" width=\"320\" srcset=\"https:\/\/archivioturi.lavocedelpaese.info\/wp-content\/uploads\/2010\/01\/Postits.jpg 640w, https:\/\/archivioturi.lavocedelpaese.info\/wp-content\/uploads\/2010\/01\/Postits-300x141.jpg 300w\" sizes=\"auto, (max-width: 320px) 100vw, 320px\" \/> <\/p>\n","protected":false},"author":1,"featured_media":1239,"comment_status":"open","ping_status":"closed","sticky":false,"template":"","format":"standard","meta":{"colormag_page_container_layout":"default_layout","colormag_page_sidebar_layout":"default_layout","footnotes":""},"categories":[9],"tags":[],"class_list":["post-1566","post","type-post","status-publish","format-standard","has-post-thumbnail","hentry","category-la-voce-del-paese"],"_links":{"self":[{"href":"https:\/\/archivioturi.lavocedelpaese.info\/index.php\/wp-json\/wp\/v2\/posts\/1566","targetHints":{"allow":["GET"]}}],"collection":[{"href":"https:\/\/archivioturi.lavocedelpaese.info\/index.php\/wp-json\/wp\/v2\/posts"}],"about":[{"href":"https:\/\/archivioturi.lavocedelpaese.info\/index.php\/wp-json\/wp\/v2\/types\/post"}],"author":[{"embeddable":true,"href":"https:\/\/archivioturi.lavocedelpaese.info\/index.php\/wp-json\/wp\/v2\/users\/1"}],"replies":[{"embeddable":true,"href":"https:\/\/archivioturi.lavocedelpaese.info\/index.php\/wp-json\/wp\/v2\/comments?post=1566"}],"version-history":[{"count":0,"href":"https:\/\/archivioturi.lavocedelpaese.info\/index.php\/wp-json\/wp\/v2\/posts\/1566\/revisions"}],"wp:featuredmedia":[{"embeddable":true,"href":"https:\/\/archivioturi.lavocedelpaese.info\/index.php\/wp-json\/wp\/v2\/media\/1239"}],"wp:attachment":[{"href":"https:\/\/archivioturi.lavocedelpaese.info\/index.php\/wp-json\/wp\/v2\/media?parent=1566"}],"wp:term":[{"taxonomy":"category","embeddable":true,"href":"https:\/\/archivioturi.lavocedelpaese.info\/index.php\/wp-json\/wp\/v2\/categories?post=1566"},{"taxonomy":"post_tag","embeddable":true,"href":"https:\/\/archivioturi.lavocedelpaese.info\/index.php\/wp-json\/wp\/v2\/tags?post=1566"}],"curies":[{"name":"wp","href":"https:\/\/api.w.org\/{rel}","templated":true}]}}