{"id":15644,"date":"2018-06-21T12:54:26","date_gmt":"2018-06-21T12:54:26","guid":{"rendered":"https:\/\/archivioturi.lavocedelpaese.info\/index.php\/2018\/06\/21\/tundo-con-me-sindaco-si-cambia-musica\/"},"modified":"2018-06-21T12:54:26","modified_gmt":"2018-06-21T12:54:26","slug":"tundo-con-me-sindaco-si-cambia-musica","status":"publish","type":"post","link":"https:\/\/archivioturi.lavocedelpaese.info\/index.php\/2018\/06\/21\/tundo-con-me-sindaco-si-cambia-musica\/","title":{"rendered":"Tundo: con me sindaco si cambia musica"},"content":{"rendered":"<p><img loading=\"lazy\" decoding=\"async\" src=\"https:\/\/farm2.staticflickr.com\/1723\/42775140482_50220e8f30_n.jpg\" alt=\"PAOLO TUNDO\" width=\"243\" height=\"320\" \/><\/p>\n<p style=\"text-align: center;\"><strong>Questione migranti: \u201cNon devono essere a carico della comunit\u00e0 turese\u201d<\/strong><\/p>\n<p style=\"text-align: justify;\">\u201cCon me sindaco si cambia musica. La gestione dei migranti non sar\u00e0 pi\u00f9 a carico dei cittadini turesi che pagano per l\u2019alloggio. Non accadr\u00e0 pi\u00f9 come quest\u2019anno che Turi pagher\u00e0 60 mila euro\u201d. Cos\u00ec, Paolo Tundo, che si mette nei panni di sindaco e offre la sua ricetta per la gestione dei migranti dediti alla raccolta delle ciliegie a Turi.<\/p>\n<p style=\"text-align: justify;\">Tundo non \u00e8 la prima volta che confida di volersi candidare a sindaco; la prima volta lo dichiar\u00f2 ai nostri microfoni mesi fa. Aggiungendo di voler essere il \u201cpadre del centro-destra turese, il coordinatore come un padre di famiglia\u201d.<\/p>\n<p style=\"text-align: justify;\">\u201cIo non voglio attaccare nessuno \u2013 spiega \u2013 sono il politico propositivo di sempre. Cos\u00ec \u00e8 andata nei vari incontri che ho tenuto con il Commissario prefettizio. Ho avuto l\u2019opportunit\u00e0 di conoscerlo e siamo diventati subito amici, perch\u00e9 sono una persona propositiva. Lui \u00e8 stato accogliente, mi ha ascoltato. Abbiamo parlato delle emergenze e urgenze di questo paese: bisognava chiudere le buche del paese e dopo quattro giorni lo ha fatto, anche se ce ne sono ancora altre, e ci vuole una manutenzione giornaliera.<\/p>\n<p style=\"text-align: justify;\">Anche riguardo gli altri problemi della viabilit\u00e0 bisogna intervenire. Bisogna sistemare la villa, largo Pozzi, l\u2019area nei pressi del carcere. Ci sono troppe richieste di risarcimento danni a causa delle cadute. Il Commissario Cantadori ha preso l\u2019impegno. Prima di Sant\u2019Oronzo. Gli ho parlato della festa e di come la gente rischi di farsi male a causa della viabilit\u00e0 disastrata. Il Commissario ha capito quali sono le priorit\u00e0 per il bene di tutti i cittadini, e sono pure io un cittadino, prima ancora che coordinatore di Forza Italia e consigliere uscente\u201d.<\/p>\n<p style=\"text-align: justify;\">Saranno anche stanziati 400 mila euro per via Vecchia Sammichele, via Vecchia Rutigliano fino gi\u00f9 al forno. \u201cQuante volte mi sono lamentato durante l\u2019amministrazione Coppi, come opposizione ho cercato di fare del mio meglio e di stimolare le coscienze. Ora finalmente mi sento ascoltato e accolto. Sono molto fiducioso. Abbiamo parlato anche della ex caserma dei Carabinieri: c\u2019\u00e8 un finanziamento per la ristrutturazione. Ho parlato anche con Sacchetti\u201d.<\/p>\n<p style=\"text-align: justify;\">Con il Commissario, Tundo ha affrontato diversi temi: personale comunale sotto organico, anticorruzione, coperture finanziarie, e tanto altro.<\/p>\n<p style=\"text-align: justify;\">\u201cIl Commissario non promette, ma si prodiga e si impegna, cercando di fare tutto il possibile. Io intanto sto lavorando per la mia candidatura a sindaco, e anche se non lo sar\u00f2 continuer\u00f2 a impegnarmi per il bene di Turi e dei turesi\u201d.<\/p>\n<p style=\"text-align: right;\"><strong>NIC.TEO<\/strong><\/p>\n","protected":false},"excerpt":{"rendered":"<p><img loading=\"lazy\" decoding=\"async\" src=\"https:\/\/farm2.staticflickr.com\/1723\/42775140482_50220e8f30_n.jpg\" alt=\"PAOLO TUNDO\" width=\"243\" height=\"320\" \/><\/p>\n","protected":false},"author":1,"featured_media":0,"comment_status":"open","ping_status":"closed","sticky":false,"template":"","format":"standard","meta":{"colormag_page_container_layout":"default_layout","colormag_page_sidebar_layout":"default_layout","footnotes":""},"categories":[4],"tags":[],"class_list":["post-15644","post","type-post","status-publish","format-standard","hentry","category-politica"],"_links":{"self":[{"href":"https:\/\/archivioturi.lavocedelpaese.info\/index.php\/wp-json\/wp\/v2\/posts\/15644","targetHints":{"allow":["GET"]}}],"collection":[{"href":"https:\/\/archivioturi.lavocedelpaese.info\/index.php\/wp-json\/wp\/v2\/posts"}],"about":[{"href":"https:\/\/archivioturi.lavocedelpaese.info\/index.php\/wp-json\/wp\/v2\/types\/post"}],"author":[{"embeddable":true,"href":"https:\/\/archivioturi.lavocedelpaese.info\/index.php\/wp-json\/wp\/v2\/users\/1"}],"replies":[{"embeddable":true,"href":"https:\/\/archivioturi.lavocedelpaese.info\/index.php\/wp-json\/wp\/v2\/comments?post=15644"}],"version-history":[{"count":0,"href":"https:\/\/archivioturi.lavocedelpaese.info\/index.php\/wp-json\/wp\/v2\/posts\/15644\/revisions"}],"wp:attachment":[{"href":"https:\/\/archivioturi.lavocedelpaese.info\/index.php\/wp-json\/wp\/v2\/media?parent=15644"}],"wp:term":[{"taxonomy":"category","embeddable":true,"href":"https:\/\/archivioturi.lavocedelpaese.info\/index.php\/wp-json\/wp\/v2\/categories?post=15644"},{"taxonomy":"post_tag","embeddable":true,"href":"https:\/\/archivioturi.lavocedelpaese.info\/index.php\/wp-json\/wp\/v2\/tags?post=15644"}],"curies":[{"name":"wp","href":"https:\/\/api.w.org\/{rel}","templated":true}]}}