{"id":15608,"date":"2018-06-11T06:22:55","date_gmt":"2018-06-11T06:22:55","guid":{"rendered":"https:\/\/archivioturi.lavocedelpaese.info\/index.php\/2018\/06\/11\/emiliano-inaugura-il-campo-daccoglienza\/"},"modified":"2018-06-11T06:22:55","modified_gmt":"2018-06-11T06:22:55","slug":"emiliano-inaugura-il-campo-daccoglienza","status":"publish","type":"post","link":"https:\/\/archivioturi.lavocedelpaese.info\/index.php\/2018\/06\/11\/emiliano-inaugura-il-campo-daccoglienza\/","title":{"rendered":"Emiliano inaugura il campo d&#8217;accoglienza"},"content":{"rendered":"<p><img loading=\"lazy\" decoding=\"async\" src=\"https:\/\/farm2.staticflickr.com\/1732\/40871539730_bae6e60743_n.jpg\" alt=\"Inaugurazione Foresteria  (2)\" width=\"320\" height=\"201\" \/><\/p>\n<p style=\"text-align: center;\"><strong>A Turi la prima &#8220;foresteria&#8221; per contrastare il caporalato e lo sfruttamento dei lavoratori stagionali<\/strong><\/p>\n<p style=\"text-align: justify;\">Il Presidente della Regione Puglia, Michele Emiliano, lo scorso 4 giugno ha inaugurato a Turi la prima &#8220;foresteria&#8221; in provincia di Bari, destinata ad ospitare in maniera decorosa i braccianti agricoli immigrati.<\/p>\n<p style=\"text-align: justify;\">Come ricordato, la Regione Puglia, approvando un provvedimento di Giunta, ha fornito in comodato d&#8217;uso gratuito 41 moduli abitativi, dislocati nell&#8217;area esterna al campo sportivo di via Conversano, in cui, dal 22 maggio, sono ospitati 136 lavoratori. Il tutto sotto la supervisione dell&#8217;Associazione di volontariato \u201cNoi e Voi onlus\u201d di Taranto, che ha il compito di registrare i lavoratori sia in entrata che in uscita e, con la collaborazione della Polizia Locale e dei Carabinieri, di applicare il regolamento che dovr\u00e0 essere rispettato da ciascun ospite, pena l&#8217;allontanamento dal campo.<\/p>\n<p style=\"text-align: justify;\">Ritornando alla cerimonia d&#8217;inaugurazione, accanto al Governatore e all&#8217;onorevole Ubaldo Pagano, sono intervenuti il Prefetto di Bari, Marilisa Magno, il Commissario Prefettizio Andrea Cantadori con i due Sub Commissari Sebastiano Giangrande e Nicola Fantetti, il Comandante della Stazione dei Carabinieri di Turi, Giovanni Sacchetti, ed il Comandante della Polizia Locale, Evangelista Marzano.<\/p>\n<p style=\"text-align: justify;\">\u201cQuesta \u00e8 una delle foresterie per lavoratori in agricoltura che stiamo realizzando in Puglia \u2013 ha detto Emiliano \u2013 un modo per consentire alle imprese agricole che hanno bisogno di manodopera, di alloggiare le persone in modo civile, rispettando i loro diritti di lavoratori. Chi \u00e8 ospitato qui ha il permesso di soggiorno e il contratto di lavoro, quindi la catena della legalit\u00e0 \u00e8 assicurata. I moduli abitativi sono sobri, climatizzati, e sono ad esempio gli stessi nei quali dormono i nostri soldati nelle missioni all\u2019estero o gli operai di un qualunque cantiere che non abbia a disposizione altre soluzioni alloggiative. Ogni struttura ha tutto ci\u00f2 che serve a consentire un buon riposo da parte di tutti gli occupanti&#8221;.<\/p>\n<p style=\"text-align: justify;\">&#8220;Colgo l\u2019occasione \u2013 ha aggiunto il Governatore \u2013 per ringraziare l&#8217;ex Sindaco Coppi per la collaborazione che ci aveva dato per realizzare questo obiettivo, che mira ad evitare il cosiddetto caporalato sin dall\u2019inizio, perch\u00e9 questo \u00e8 un luogo controllato, dove le Forze dell&#8217;Ordine verificano chi viene a prendere i lavoratori e a quali condizioni e, ovviamente, tutto questo per noi \u00e8 un passaggio di civilt\u00e0. Queste ciliegie vanno in tutto il mondo, sono buonissime e competitive come prezzo, e nessuno potr\u00e0 dire che sono il frutto dello sfruttamento del lavoro. Lo sfruttamento del lavoro danneggia non solo la nostra anima, ma anche la nostra capacit\u00e0 commerciale, questo lo dico per i pi\u00f9 cinici che prenderanno questa iniziativa come un eccesso di delicatezza nei confronti dei nostri fratelli che vengono a lavorare in campagna, senza dei quali le ciliegie non si potrebbero raccogliere. Questo \u00e8 bene che non lo si dimentichi mai\u201d.<\/p>\n<p style=\"text-align: justify;\">\u201cCi sono dei paesi come l\u2019Italia \u2013 ha sottolineato Emiliano \u2013 che non trovano lavoratori in agricoltura e devono chiamarli dall\u2019estero. \u00c8 chiaro che se questo lavoro si regolarizza e tutti vengono pagati alla stessa maniera, non c\u2019\u00e8 pi\u00f9 sfruttamento della manodopera che viene da fuori, ed \u00e8 possibile che anche i lavoratori italiani, vedendosi retribuiti in modo adeguato, possano ritornare a lavorare in agricoltura. Il caporalato invece consente di fare una concorrenza sleale ai lavoratori italiani perch\u00e9, pagando la met\u00e0, impediscono una ragionevole retribuzione, ed ecco perch\u00e9 molti di loro preferiscono non lavorare nei campi. Dare una retribuzione uguale a tutti significa quindi impedire il dumping del caporalato\u201d.<\/p>\n<p style=\"text-align: justify;\">\u201cIl nostro pu\u00f2 essere un modello \u2013 ha concluso il Governatore \u2013 non soltanto per la raccolta delle ciliegie. Prima c\u2019era una situazione di deregulation assoluta, adesso invece c\u2019\u00e8 un campo pubblico sorvegliato, con una cooperativa che deve rispettare un contratto, con le Forze dell\u2019Ordine che sono in grado di vedere chi entra e chi esce e l\u2019amministrazione comunale che collabora con tutti i mezzi per attuare una civile accoglienza dei lavoratori, senza dei quali le famosissime e buonissime ciliegie di Turi rimarrebbero sugli alberi\u201d.<\/p>\n<p style=\"text-align: justify;\">La Foresteria \u00e8 stata intitolata a Stefano Fumarulo, dirigente della Regione Puglia prematuramente scomparso, la cui vita \u00e8 stata dedicata in gran parte alla lotta contro le mafie, alla tutela dei diritti dei migranti e alla costruzione di una societ\u00e0 multietnica, alla presenza dei suoi genitori.<\/p>\n<p style=\"text-align: justify;\">Soddisfazione anche dal Segretario Generale della UILA (Unione Italiana Lavori Agroalimentari) di Puglia, Pietro Buongiorno: \u201cOggi diamo un forte segnale alla lotta all\u2019emersione del lavoro nero e dell\u2019illegalit\u00e0. La sinergia tra le Istituzioni funziona: la Regione ha raccolto un\u2019esigenza espressa dalla comunit\u00e0 locale e dagli stessi lavoratori, in questa stagione impegnati prevalentemente nella raccolta delle ciliegie. Siamo convinti che questo presidio di legalit\u00e0 andr\u00e0 ad eliminare alcune sacche di lavoro irregolare nell\u2019interesse precipuo dei lavoratori che, per aver diritto di alloggio, dovranno essere in regola con i permessi di soggiorno e contratti di lavoro\u201d.<\/p>\n<p><object width=\"640\" height=\"480\" data=\"https:\/\/www.flickr.com\/apps\/slideshow\/show.swf?v=261948265\" type=\"application\/x-shockwave-flash\"><param name=\"flashvars\" value=\"offsite=true&amp;lang=it-it&amp;page_show_url=%2Fphotos%2F91470992%40N02%2Fsets%2F72157694625227682%2Fshow%2F&amp;page_show_back_url=%2Fphotos%2F91470992%40N02%2Fsets%2F72157694625227682%2F&amp;set_id=72157694625227682&amp;jump_to=0\" \/><param name=\"movie\" value=\"https:\/\/www.flickr.com\/apps\/slideshow\/show.swf?v=261948265\" \/><param name=\"allowFullScreen\" value=\"true\" \/><\/object><\/p>\n","protected":false},"excerpt":{"rendered":"<p><img loading=\"lazy\" decoding=\"async\" src=\"https:\/\/farm2.staticflickr.com\/1732\/40871539730_bae6e60743_n.jpg\" alt=\"Inaugurazione Foresteria  (2)\" width=\"320\" height=\"201\" \/><\/p>\n","protected":false},"author":1,"featured_media":0,"comment_status":"open","ping_status":"closed","sticky":false,"template":"","format":"standard","meta":{"colormag_page_container_layout":"default_layout","colormag_page_sidebar_layout":"default_layout","footnotes":""},"categories":[4],"tags":[],"class_list":["post-15608","post","type-post","status-publish","format-standard","hentry","category-politica"],"_links":{"self":[{"href":"https:\/\/archivioturi.lavocedelpaese.info\/index.php\/wp-json\/wp\/v2\/posts\/15608","targetHints":{"allow":["GET"]}}],"collection":[{"href":"https:\/\/archivioturi.lavocedelpaese.info\/index.php\/wp-json\/wp\/v2\/posts"}],"about":[{"href":"https:\/\/archivioturi.lavocedelpaese.info\/index.php\/wp-json\/wp\/v2\/types\/post"}],"author":[{"embeddable":true,"href":"https:\/\/archivioturi.lavocedelpaese.info\/index.php\/wp-json\/wp\/v2\/users\/1"}],"replies":[{"embeddable":true,"href":"https:\/\/archivioturi.lavocedelpaese.info\/index.php\/wp-json\/wp\/v2\/comments?post=15608"}],"version-history":[{"count":0,"href":"https:\/\/archivioturi.lavocedelpaese.info\/index.php\/wp-json\/wp\/v2\/posts\/15608\/revisions"}],"wp:attachment":[{"href":"https:\/\/archivioturi.lavocedelpaese.info\/index.php\/wp-json\/wp\/v2\/media?parent=15608"}],"wp:term":[{"taxonomy":"category","embeddable":true,"href":"https:\/\/archivioturi.lavocedelpaese.info\/index.php\/wp-json\/wp\/v2\/categories?post=15608"},{"taxonomy":"post_tag","embeddable":true,"href":"https:\/\/archivioturi.lavocedelpaese.info\/index.php\/wp-json\/wp\/v2\/tags?post=15608"}],"curies":[{"name":"wp","href":"https:\/\/api.w.org\/{rel}","templated":true}]}}