{"id":15606,"date":"2018-06-10T09:00:20","date_gmt":"2018-06-10T09:00:20","guid":{"rendered":"https:\/\/archivioturi.lavocedelpaese.info\/index.php\/2018\/06\/10\/riscattiamo-la-ciliegia-ferrovia\/"},"modified":"2018-06-10T09:00:20","modified_gmt":"2018-06-10T09:00:20","slug":"riscattiamo-la-ciliegia-ferrovia","status":"publish","type":"post","link":"https:\/\/archivioturi.lavocedelpaese.info\/index.php\/2018\/06\/10\/riscattiamo-la-ciliegia-ferrovia\/","title":{"rendered":"Riscattiamo la ciliegia &#8216;Ferrovia&#8217;"},"content":{"rendered":"<p><img loading=\"lazy\" decoding=\"async\" src=\"https:\/\/farm2.staticflickr.com\/1746\/40871197630_b247c4c281_n.jpg\" alt=\"Sagra 2018 - Inaugurazione (3)\" width=\"320\" height=\"241\" \/><\/p>\n<p style=\"text-align: center;\"><strong>Durante la cerimonia d&#8217;inaugurazione della Sagra, si \u00e8 marcata la necessit\u00e0 per i produttori turesi di &#8220;fare sistema&#8221;, conquistando un &#8220;marchio comune&#8221;<\/strong><\/p>\n<p style=\"text-align: center;\"><strong><br \/><\/strong><\/p>\n<p style=\"text-align: justify;\">Un taglio del nastro, con le autorit\u00e0 civili, militari e religiose che, insieme a Nicole Valentini, neo sindaco dei ragazzi, hanno sostenuto Livio Lerede e tutto il gruppo de &#8216;In Piazza&#8217;, organizzatori dell\u2019evento, aprendo ufficialmente il programma delle due serate della Sagra della Ciliegia Ferrovia, patrocinata dall&#8217;Assessorato regionale all&#8217;Agricoltura e dal Comune di Turi. A scandire la cerimonia d&#8217;apertura Rosaria Rollo, conduttrice televisiva foggiana.<\/p>\n<p style=\"text-align: justify;\">&#8220;Siamo felicissimi di questa occasione. Ricordo &#8211; esordisce il Commissario <strong>Andrea Cantadori<\/strong> che questo \u00e8 un anno molto importante per Turi, poich\u00e9 ricorre il Giubileo Oronziano: un&#8217;occasione importantissima che far\u00e0 conoscere Turi a livello nazionale non solo, ed \u00e8 gi\u00e0 tanto, per la ciliegia ma anche per la sua spiritualit\u00e0. Come amministrazione comunale ci impegneremo, e ci stiamo gi\u00e0 impegnando, assiduamente affinch\u00e9 il nome di Turi raggiunga ogni Comune d&#8217;Italia. Speriamo di avere una notevole affluenza di persone e di incrementare il turismo&#8221;.<\/p>\n<p style=\"text-align: justify;\">La parola \u00e8 poi passata a <strong>Livio Lerede<\/strong>, presidente dell&#8217;Associazione &#8216;In Piazza&#8217;, che ha approfittato per esprimere il proprio ringraziamento ai tre Commissari, alle Forze dell&#8217;Ordine, agli sponsor, ai produttori e soprattutto &#8220;agli amici di &#8216;In Piazza&#8217;. \u00c8 stata proprio la nostra amicizia di tanti anni che ci ha consentito di raggiungere questi risultati in appena un mese&#8221;. In chiusura il ricordo commosso di Antonio Di Caro, prezioso sostenitore della Sagra, che \u00e8 venuto a mancare tre mesi fa.<\/p>\n<p style=\"text-align: justify;\"><strong>Stefano Genco<\/strong>, presidente del Gal Trulli e Barsento, ha invece posto l&#8217;accento sull&#8217;importanza di valorizzare il prodotto turese, invitando &#8220;chi fa politica ad essere pi\u00f9 vicino a chi ha forza e volont\u00e0 di produrre&#8221;. Nota polemica, in conclusione del suo appassionato intervento, sul regime stringente di controlli che rischia di trattare &#8220;gli agricoltori come criminali. Chi lavora la terra ha diritto ad avere rispetto&#8221;.<\/p>\n<p style=\"text-align: justify;\">Dopo l&#8217;invito di <strong>don Giovanni Amodio<\/strong> a ringraziare il Signore per questo anno abbondante, il Senatore <strong>Giovanni Procacci<\/strong> ha portato il saluto ufficiale della Regione Puglia e del presidente Emiliano &#8220;che \u00e8 molto legato a questo evento&#8221;. &#8220;Turi &#8211; prosegue il Senatore &#8211; \u00e8 una citt\u00e0 che gli storici ricordano per Gramsci e Pertini, oggi la ricordiamo anche per questi suoi straordinari prodotti. Dedico il mio saluto agli agricoltori, che sono i veri protagonisti di questa avventura. Sono stato parlamentare europeo ed ho potuto costatare di persona come a Bruxelles o a Strasburgo vendevano un cestino di ciliegie per circa 20 euro, questo a testimonianza di come sia stimato in Europa e nel mondo il nostro oro rosso&#8221;. &#8220;Il comprensorio di Turi &#8211; conclude Procacci &#8211; non ha la stessa centralit\u00e0 in Italia, dobbiamo riuscire a fare sistema e ad avere un marchio, Ciliegia Ferrovia di Turi, perch\u00e9 in questo modo sono gli agricoltori e produttori a stabilire il prezzo non i commercianti&#8221;.<\/p>\n<p style=\"text-align: justify;\">Sulla stessa linea, quella del comune impegno per rilanciare l&#8217;agricoltura turese sotto un marchio DOP, gli interventi dell&#8217;Onorevole <strong>Ubaldo Pagano<\/strong> e di <strong>Michele Boccardi<\/strong>.<\/p>\n<p><object width=\"640\" height=\"480\" data=\"https:\/\/www.flickr.com\/apps\/slideshow\/show.swf?v=261948265\" type=\"application\/x-shockwave-flash\"><param name=\"flashvars\" value=\"offsite=true&amp;lang=it-it&amp;page_show_url=%2Fphotos%2F91470992%40N02%2Fsets%2F72157694624657782%2Fshow%2F&amp;page_show_back_url=%2Fphotos%2F91470992%40N02%2Fsets%2F72157694624657782%2F&amp;set_id=72157694624657782&amp;jump_to=0\" \/><param name=\"movie\" value=\"https:\/\/www.flickr.com\/apps\/slideshow\/show.swf?v=261948265\" \/><param name=\"allowFullScreen\" value=\"true\" \/><\/object><\/p>\n","protected":false},"excerpt":{"rendered":"<p><img loading=\"lazy\" decoding=\"async\" src=\"https:\/\/farm2.staticflickr.com\/1746\/40871197630_b247c4c281_n.jpg\" alt=\"Sagra 2018 - Inaugurazione (3)\" width=\"320\" height=\"241\" \/><\/p>\n","protected":false},"author":1,"featured_media":0,"comment_status":"open","ping_status":"closed","sticky":false,"template":"","format":"standard","meta":{"colormag_page_container_layout":"default_layout","colormag_page_sidebar_layout":"default_layout","footnotes":""},"categories":[6],"tags":[],"class_list":["post-15606","post","type-post","status-publish","format-standard","hentry","category-cultura"],"_links":{"self":[{"href":"https:\/\/archivioturi.lavocedelpaese.info\/index.php\/wp-json\/wp\/v2\/posts\/15606","targetHints":{"allow":["GET"]}}],"collection":[{"href":"https:\/\/archivioturi.lavocedelpaese.info\/index.php\/wp-json\/wp\/v2\/posts"}],"about":[{"href":"https:\/\/archivioturi.lavocedelpaese.info\/index.php\/wp-json\/wp\/v2\/types\/post"}],"author":[{"embeddable":true,"href":"https:\/\/archivioturi.lavocedelpaese.info\/index.php\/wp-json\/wp\/v2\/users\/1"}],"replies":[{"embeddable":true,"href":"https:\/\/archivioturi.lavocedelpaese.info\/index.php\/wp-json\/wp\/v2\/comments?post=15606"}],"version-history":[{"count":0,"href":"https:\/\/archivioturi.lavocedelpaese.info\/index.php\/wp-json\/wp\/v2\/posts\/15606\/revisions"}],"wp:attachment":[{"href":"https:\/\/archivioturi.lavocedelpaese.info\/index.php\/wp-json\/wp\/v2\/media?parent=15606"}],"wp:term":[{"taxonomy":"category","embeddable":true,"href":"https:\/\/archivioturi.lavocedelpaese.info\/index.php\/wp-json\/wp\/v2\/categories?post=15606"},{"taxonomy":"post_tag","embeddable":true,"href":"https:\/\/archivioturi.lavocedelpaese.info\/index.php\/wp-json\/wp\/v2\/tags?post=15606"}],"curies":[{"name":"wp","href":"https:\/\/api.w.org\/{rel}","templated":true}]}}