{"id":15600,"date":"2018-06-07T13:05:58","date_gmt":"2018-06-07T13:05:58","guid":{"rendered":"https:\/\/archivioturi.lavocedelpaese.info\/index.php\/2018\/06\/07\/didiario-premia-turi\/"},"modified":"2018-06-07T13:05:58","modified_gmt":"2018-06-07T13:05:58","slug":"didiario-premia-turi","status":"publish","type":"post","link":"https:\/\/archivioturi.lavocedelpaese.info\/index.php\/2018\/06\/07\/didiario-premia-turi\/","title":{"rendered":"Didiario premia Turi"},"content":{"rendered":"<p><img loading=\"lazy\" decoding=\"async\" src=\"https:\/\/farm2.staticflickr.com\/1733\/42503535701_465fc1c673_n.jpg\" alt=\"Turi citt\u00e0 che legge\" width=\"320\" height=\"312\" \/><\/p>\n<p style=\"text-align: justify;\">Non solo ciliegia, non solo Sant&#8217;Oronzo. Turi \u00e8 per il secondo anno consecutivo \u201cCitt\u00e0 che legge&#8221; 2017\/2018. A confermarlo il Cepell &#8211; Centro per il libro e la lettura &#8211; che nella giornata di luned\u00ec 28 maggio ha stilato la classifica dei comuni pi\u00f9 \u201clettori\u201d. E Turi, ancora una volta, pu\u00f2 vantare questa nuova e orgogliosa riconoscenza. Il merito di questa nomination va sicuramente alla rassegna di lettura \u201cDidiario&#8221;, che da diversi anni sta contagiando turesi e lettori di tutte le et\u00e0 dei paesi limitrofi in una maratona alla scoperta della buona lettura.<\/p>\n<p style=\"text-align: justify;\">Orgogliosa di vedere il suo paese tra i vincitori di questo prestigioso premio, Alina Laruccia, madre della rassegna.<\/p>\n<p style=\"text-align: justify;\">Non solo le sue bellezze e bont\u00e0, ma soprattutto la sua profondit\u00e0 e la sua attenzione alla cura dell\u2019anima, hanno reso Turi degna di un altro grande risultato, questa volta nel settore della cultura e della lettura in particolare, come lo stesso circuito ha confermato in questa classifica che la vede protagonista. \u201cCitt\u00e0 che legge\u201d promuove e valorizza quelle Amministrazioni comunali impegnate a svolgere con continuit\u00e0 sul proprio territorio politiche pubbliche di promozione della lettura. L\u2019iniziativa promossa dal Ministero dei Beni e delle Attivit\u00e0 Culturali e del Turismo, d\u2019intesa con l\u2019ANCI \u2013 Associazione Nazionale dei Comuni Italiani, vuole riconoscere e sostenere la crescita socio-culturale attraverso la diffusione della lettura come valore riconosciuto e condiviso, in grado di influenzare positivamente la qualit\u00e0 della vita individuale e collettiva. Degli oltre 500 Comuni che hanno partecipato all\u2019Avviso per la qualifica di \u201cCitt\u00e0 che legge\u201d, Turi ha dimostrato di possedere i requisiti richiesti. L\u2019elenco completo delle citt\u00e0 che leggono \u00e8 consultabile da oggi sul sito www.cepell.it.<\/p>\n<p style=\"text-align: justify;\">Una \u201cCitt\u00e0 che legge\u201d garantisce ai suoi abitanti l\u2019accesso ai libri e alla lettura, ospita festival, rassegne o fiere che mobilitano i lettori e incuriosiscono i non lettori, partecipa a iniziative congiunte di promozione della lettura tra biblioteche, scuole, librerie e associazioni e aderisce a uno o pi\u00f9 dei progetti nazionali del Centro per il Libro e la Lettura \u2013 primo fra tutti, Didiario, che ha avuto, proprio a Turi, i suoi natali.<\/p>\n<p style=\"text-align: justify;\">\u201cL&#8217;Associazione Didiario &#8211; commenta Alina Laruccia, presidente della stessa &#8211; \u00e8 lieta per questo riconoscimento e si impegner\u00e0 ancora di pi\u00f9 per la promozione della lettura. Didiario non ha mezzi speciali, non si veste di lustrini, lavora per i ragazzi e le famiglie per promuovere la lettura\u201d.<\/p>\n","protected":false},"excerpt":{"rendered":"<p><img loading=\"lazy\" decoding=\"async\" src=\"https:\/\/farm2.staticflickr.com\/1733\/42503535701_465fc1c673_n.jpg\" alt=\"Turi citt\u00e0 che legge\" width=\"320\" height=\"312\" \/><\/p>\n","protected":false},"author":1,"featured_media":0,"comment_status":"open","ping_status":"closed","sticky":false,"template":"","format":"standard","meta":{"colormag_page_container_layout":"default_layout","colormag_page_sidebar_layout":"default_layout","footnotes":""},"categories":[6],"tags":[],"class_list":["post-15600","post","type-post","status-publish","format-standard","hentry","category-cultura"],"_links":{"self":[{"href":"https:\/\/archivioturi.lavocedelpaese.info\/index.php\/wp-json\/wp\/v2\/posts\/15600","targetHints":{"allow":["GET"]}}],"collection":[{"href":"https:\/\/archivioturi.lavocedelpaese.info\/index.php\/wp-json\/wp\/v2\/posts"}],"about":[{"href":"https:\/\/archivioturi.lavocedelpaese.info\/index.php\/wp-json\/wp\/v2\/types\/post"}],"author":[{"embeddable":true,"href":"https:\/\/archivioturi.lavocedelpaese.info\/index.php\/wp-json\/wp\/v2\/users\/1"}],"replies":[{"embeddable":true,"href":"https:\/\/archivioturi.lavocedelpaese.info\/index.php\/wp-json\/wp\/v2\/comments?post=15600"}],"version-history":[{"count":0,"href":"https:\/\/archivioturi.lavocedelpaese.info\/index.php\/wp-json\/wp\/v2\/posts\/15600\/revisions"}],"wp:attachment":[{"href":"https:\/\/archivioturi.lavocedelpaese.info\/index.php\/wp-json\/wp\/v2\/media?parent=15600"}],"wp:term":[{"taxonomy":"category","embeddable":true,"href":"https:\/\/archivioturi.lavocedelpaese.info\/index.php\/wp-json\/wp\/v2\/categories?post=15600"},{"taxonomy":"post_tag","embeddable":true,"href":"https:\/\/archivioturi.lavocedelpaese.info\/index.php\/wp-json\/wp\/v2\/tags?post=15600"}],"curies":[{"name":"wp","href":"https:\/\/api.w.org\/{rel}","templated":true}]}}