{"id":15572,"date":"2018-05-29T06:31:33","date_gmt":"2018-05-29T06:31:33","guid":{"rendered":"https:\/\/archivioturi.lavocedelpaese.info\/index.php\/2018\/05\/29\/qun-campo-di-accoglienza-esemplareq\/"},"modified":"2018-05-29T06:31:33","modified_gmt":"2018-05-29T06:31:33","slug":"qun-campo-di-accoglienza-esemplareq","status":"publish","type":"post","link":"https:\/\/archivioturi.lavocedelpaese.info\/index.php\/2018\/05\/29\/qun-campo-di-accoglienza-esemplareq\/","title":{"rendered":"&#8220;Un campo di accoglienza esemplare&#8221;"},"content":{"rendered":"<p><img loading=\"lazy\" decoding=\"async\" src=\"https:\/\/farm1.staticflickr.com\/890\/42353775791_892fda4851_n.jpg\" alt=\"Campo migranti 2018\" width=\"320\" height=\"226\" \/><\/p>\n<p style=\"text-align: center;\"><strong>Un regolamento interno e controlli stringenti sui lavoratori <br \/>ospitati all&#8217;interno dei 41 moduli abitativi<\/strong><\/p>\n<p style=\"text-align: justify;\">&nbsp;<\/p>\n<p style=\"text-align: justify;\">Marted\u00ec 22 maggio il campo di accoglienza \u00e8 entrato in funzione, dando ospitalit\u00e0 a 136 lavoratori in possesso di regolare permesso di soggiorno e di contratto di lavoro. Ad annunciarlo il Commissario Cantadori che, nell&#8217;intervista che vi proponiamo, spegne molte delle polemiche che si sono susseguite nell&#8217;arco degli ultimi giorni.<\/p>\n<p style=\"text-align: justify;\">Ad iniziare dalla constatazione che l&#8217;intervento posto in essere &#8220;ha pochi uguali in Italia&#8221;, e non solo per ragioni strutturali ma anche per il sistema di censimento e controllo che \u00e8 stato elaborato. Ad un regolamento interno, cui bisogna attenersi pena l&#8217;allontanamento, si sommano le operazioni di censimento degli assegnatari. Un passaggio strategio per uno studio serio del flusso migratorio stagionale: grazie al controllo dei contratti &#8220;\u00e8 possibile conoscere con immediatezza chi sono i datori di lavoro che utilizzano la manodopera&#8221; e, in prospettiva, ragionare su chi debba sostenere i costi dell&#8217;accoglienza.<\/p>\n<p style=\"text-align: justify;\"><strong><br \/><\/strong><\/p>\n<p style=\"text-align: justify;\"><strong>I moduli abitativi sono stati installati a fine maggio, quando manca meno di un mese alla fine della stagione cerasicola. Nel frattempo, come accade da almeno tre anni a questa parte, i migranti stagionali hanno dovuto trovare sistemazioni di fortuna. Da cosa \u00e8 dipeso il ritardo?<\/strong><\/p>\n<p style=\"text-align: justify;\">&#8220;Per la precisione, gli ultimi due moduli abitativi dei 41 totali previsti, messi a disposizione dalla Regione, sono stati consegnati il 22 maggio e il giorno stesso, in pochissime ore, sono stati collegati agli impianti e resi operativi. Fino a quando non fossero arrivati gli ultimi moduli non sarebbe stato possibile ultimare gli allacci ed effettuare il collaudo finale a chiusura del cantiere, quest\u2019ultimo necessario per legge prima di consentire ai lavoratori di entrare negli alloggi. Non parlerei quindi di ritardi, anzi, dobbiamo ringraziare la Regione che si \u00e8 prodigata nel reperire i moduli e a farli arrivare a Turi dalla Sicilia. Vorrei aggiungere, con qualche motivo di orgoglio, che l\u2019intervento effettuato ha pochi eguali in Italia, se si escludono situazioni di calamit\u00e0, e che lo stesso \u00e8 stato presentato come esempio nel corso di un importante incontro al Viminale&#8221;.<\/p>\n<p style=\"text-align: justify;\"><strong><br \/><\/strong><\/p>\n<p style=\"text-align: justify;\"><strong>Quanti sono i lavoratori complessivamente ospitati?<\/strong><\/p>\n<p style=\"text-align: justify;\">&#8220;Il 22 maggio i lavoratori stranieri sono potuti entrare nei moduli. Questa era la data che gi\u00e0 da tempo avevamo comunicato alla Prefettura e a tutti gli organi competenti e la scadenza \u00e8 stata rispettata. \u00c8 stata una corsa contro il tempo, se si pensa che gli ultimi moduli ci sono stati consegnati nella tarda mattinata e che prima di sera erano gi\u00e0 allestiti, collegati ai servizi, collaudati, e assegnati ai lavoratori. L\u2019insediamento dispone di 136 posti letto, assegnati ai lavoratori in possesso di regolare permesso di soggiorno e di contratto di lavoro&#8221;.<\/p>\n<p style=\"text-align: justify;\"><strong><br \/><\/strong><\/p>\n<p style=\"text-align: justify;\"><strong>Come \u00e8 stato organizzato il censimento per regolare l&#8217;accesso al campo?<\/strong><\/p>\n<p style=\"text-align: justify;\">&#8220;Il censimento \u00e8 effettuato dalla Associazione di volontariato \u201cNoi e Voi onlus\u201d di Taranto, che ha gi\u00e0 un\u2019ampia esperienza nel settore. L\u2019Associazione ha inoltre il compito di registrare i lavoratori sia in entrata che in uscita. Il tutto con la collaborazione della Polizia Locale e dei Carabinieri. Un elemento di novit\u00e0 \u00e8 costituito dal regolamento, che dovr\u00e0 essere rispettato da ciascun ospite. Chi non si atterr\u00e0 alle regole sar\u00e0 allontanato&#8221;.<\/p>\n<p style=\"text-align: justify;\"><strong><br \/><\/strong><\/p>\n<p style=\"text-align: justify;\"><strong>Avete avuto modo di raccogliere informazioni che consentano di comprendere chi utilizza la manodopera stagionale?<\/strong><\/p>\n<p style=\"text-align: justify;\">&#8220;In base ai contratti di lavoro presentati dai lavoratori \u00e8 possibile conoscere con immediatezza chi sono i datori di lavoro che utilizzano la manodopera&#8221;.<\/p>\n<p style=\"text-align: justify;\"><strong><br \/><\/strong><\/p>\n<p style=\"text-align: justify;\"><strong>Siete venuti a conoscenza di situazioni di impiego irregolare degli stagionali?<\/strong><\/p>\n<p style=\"text-align: justify;\">&#8220;Il 18 maggio si \u00e8 tenuto a Bari il Comitato provinciale per l\u2019ordine e la sicurezza, molto opportunamente convocato dal Prefetto e, in tale occasione, \u00e8 stato affrontato anche questo argomento. Posso dire che Guardia di Finanza e Ispettorato del lavoro stanno svolgendo accertamenti e che ogni giorno viene eseguito un buon numero di controlli. Non si tratta solamente di aspetti fiscali, \u00e8 nell\u2019interesse di tutti sapere chi viene a Turi a lavorare&#8221;.<\/p>\n<p style=\"text-align: justify;\"><strong><br \/><\/strong><\/p>\n<p style=\"text-align: justify;\"><strong>L&#8217;Ente ha sostenuto i costi della predisposizione dell&#8217;area, che ora risulta a tutti gli effetti attrezzata e dotata delle varie utenze. Avete valutato di &#8216;capitalizzare&#8217; queste opere per altre future esigenze?<\/strong><\/p>\n<p style=\"text-align: justify;\">&#8220;\u00c8 giusto che si sappia: il costo finale dell\u2019insediamento si aggira sui 100 mila euro e comprende la realizzazione dei basamenti, gli allacci idrici, fognari ed elettrici, il gruppo elettrogeno, i servizi di portineria, di controllo e di vigilanza, la disinfezione di bagni e docce, i consumi e la recinzione dell\u2019area. Le opere fisse potranno essere utilizzate anche in futuro, per cui le relative spese sono state affrontate una volta per tutte. Anche i moduli rimarranno in comodato al Comune, quindi potranno essere riutilizzati.<\/p>\n<p style=\"text-align: justify;\">Il costo non \u00e8 totalmente a carico del Comune, dal momento che la Regione ha gi\u00e0 stanziato un contributo di quasi 60 mila euro e, devo dire, contiamo che la partecipazione regionale possa ancora aumentare. Si tratta in ogni caso di somme ingenti per il Comune di Turi, che gravano pesantemente sul bilancio, per questo durante il Comitato in Prefettura ho chiesto alle Associazioni dei produttori di contribuire a sostenere una quota delle spese. Come ho gi\u00e0 osservato in precedenti occasioni, la parte pubblica sta affrontando spese per attivit\u00e0 che sono private: c\u2019\u00e8 tutta la disponibilit\u00e0 a sostenere la campagna cerasicola, che costituisce un\u2019importante risorsa per il nostro territorio, ma occorre rivedere la questione in termini pi\u00f9 equi per le casse comunali. Confidiamo che le Associazioni dei produttori comprendano questa necessit\u00e0, diversamente dovremmo assumere decisioni conseguenti&#8221;.<\/p>\n<p style=\"text-align: justify;\"><strong><br \/><\/strong><\/p>\n<p style=\"text-align: justify;\"><strong>Sempre a proposito delle spese affrontate, il Comitato Turi Citt\u00e0 Futura ha sottolineato polemicamente che con i circa 40 mila euro stanziati si sarebbero potuti risolvere alcuni dei problemi che da tempo affliggono i turesi.<\/strong><\/p>\n<p style=\"text-align: justify;\">&#8220;Ogni volta che si assume una decisione ci sar\u00e0 sempre chi sostiene che le priorit\u00e0 sono altre. Quando mi sono insediato insieme ai colleghi ci siamo trovati di fronte a un lavoro gi\u00e0 avviato dalla precedente amministrazione e concordato con la Prefettura e la Regione. Abbiamo condiviso quanto era stato fatto e, seppur con alcuni aggiustamenti, siamo andati avanti. L\u2019alternativa sarebbe stata di lasciare allo sbando i lavoratori stranieri, con conseguenze immaginabili e in parte gi\u00e0 conosciute durante gli scorsi anni. Ci\u00f2 detto, \u00e8 innegabile che l\u2019intervento realizzato dal Comune comporta costi elevati e, per questo, insisto che al cospicuo contributo della Regione si aggiunga quello delle Associazioni dei produttori che, in definitiva, sono coloro che traggono vantaggio dall\u2019impiego della manodopera&#8221;.<\/p>\n<p style=\"text-align: justify;\"><strong><br \/><\/strong><\/p>\n<p style=\"text-align: justify;\"><strong>Cambiando argomento, il console Abbinante si dice sicuro che papa Francesco arriver\u00e0 a Turi il 7 luglio, in occasione della visita programmata a Bari. Avete avuto conferme?<\/strong><\/p>\n<p style=\"text-align: justify;\">&#8220;Sarei felice se le parole del console trovassero conferma, ma fino ad oggi non abbiamo segnali concreti in questo senso e i contatti che abbiamo lasciano intendere che non ci sono decisioni gi\u00e0 prese&#8221;.<\/p>\n","protected":false},"excerpt":{"rendered":"<p><img loading=\"lazy\" decoding=\"async\" src=\"https:\/\/farm1.staticflickr.com\/890\/42353775791_892fda4851_n.jpg\" alt=\"Campo migranti 2018\" width=\"320\" height=\"226\" \/><\/p>\n","protected":false},"author":1,"featured_media":0,"comment_status":"open","ping_status":"closed","sticky":false,"template":"","format":"standard","meta":{"colormag_page_container_layout":"default_layout","colormag_page_sidebar_layout":"default_layout","footnotes":""},"categories":[7],"tags":[],"class_list":["post-15572","post","type-post","status-publish","format-standard","hentry","category-attualita"],"_links":{"self":[{"href":"https:\/\/archivioturi.lavocedelpaese.info\/index.php\/wp-json\/wp\/v2\/posts\/15572","targetHints":{"allow":["GET"]}}],"collection":[{"href":"https:\/\/archivioturi.lavocedelpaese.info\/index.php\/wp-json\/wp\/v2\/posts"}],"about":[{"href":"https:\/\/archivioturi.lavocedelpaese.info\/index.php\/wp-json\/wp\/v2\/types\/post"}],"author":[{"embeddable":true,"href":"https:\/\/archivioturi.lavocedelpaese.info\/index.php\/wp-json\/wp\/v2\/users\/1"}],"replies":[{"embeddable":true,"href":"https:\/\/archivioturi.lavocedelpaese.info\/index.php\/wp-json\/wp\/v2\/comments?post=15572"}],"version-history":[{"count":0,"href":"https:\/\/archivioturi.lavocedelpaese.info\/index.php\/wp-json\/wp\/v2\/posts\/15572\/revisions"}],"wp:attachment":[{"href":"https:\/\/archivioturi.lavocedelpaese.info\/index.php\/wp-json\/wp\/v2\/media?parent=15572"}],"wp:term":[{"taxonomy":"category","embeddable":true,"href":"https:\/\/archivioturi.lavocedelpaese.info\/index.php\/wp-json\/wp\/v2\/categories?post=15572"},{"taxonomy":"post_tag","embeddable":true,"href":"https:\/\/archivioturi.lavocedelpaese.info\/index.php\/wp-json\/wp\/v2\/tags?post=15572"}],"curies":[{"name":"wp","href":"https:\/\/api.w.org\/{rel}","templated":true}]}}