{"id":15561,"date":"2018-05-24T14:20:08","date_gmt":"2018-05-24T14:20:08","guid":{"rendered":"https:\/\/archivioturi.lavocedelpaese.info\/index.php\/2018\/05\/24\/papa-francesco-in-marocco\/"},"modified":"2018-05-24T14:20:08","modified_gmt":"2018-05-24T14:20:08","slug":"papa-francesco-in-marocco","status":"publish","type":"post","link":"https:\/\/archivioturi.lavocedelpaese.info\/index.php\/2018\/05\/24\/papa-francesco-in-marocco\/","title":{"rendered":"Papa Francesco in Marocco"},"content":{"rendered":"<p><img loading=\"lazy\" decoding=\"async\" src=\"https:\/\/farm1.staticflickr.com\/911\/28328569378_e83710599b_n.jpg\" alt=\"Vincenzo Abbinante\" width=\"320\" height=\"213\" \/><\/p>\n<p style=\"text-align: center;\"><strong>L\u2019annuncio del Console onorario Vincenzo Abbinante. Intanto Turi si prepara\u2026<\/strong><\/p>\n<p style=\"text-align: justify;\">Il console onorario del Regno del Marocco, Vincenzo Abbinante, annuncia ai nostri microfoni che papa Francesco sar\u00e0 in viaggio apostolico in Marocco nei prossimi mesi. L\u2019ultimo papa ad aver toccato la terra rossa \u00e8 stato Karol Wojtyla; un evento storico per il paese maghrebino.<\/p>\n<p style=\"text-align: justify;\">\u201cIntanto \u2013 ci informa Abbinante \u2013 tramite l\u2019ambasciatore a Rabat abbiamo iniziato gi\u00e0 un percorso di comunicazione diplomatica per invitare sua maest\u00e0, il re del Marocco, presso gli uffici e la sede diplomatica della Santa sede in Roma\u201d.<\/p>\n<p style=\"text-align: justify;\">\u201cIl Regno del Marocco \u2013 aggiunge il console \u2013 \u00e8 diventato un polo di eccellenza anche nel dialogo interculturale e interreligioso\u201d.<\/p>\n<p style=\"text-align: justify;\">Abbinante ringrazia sua eccellenza Laterza per la visita di Romeo Pawlowski della settima scorsa; il responsabile della Terza Sezione Segreteria di Stato Vaticana \u00e8 stato accolto con calore dalla comunit\u00e0 turese.<\/p>\n<p style=\"text-align: justify;\">&nbsp;<\/p>\n<p style=\"text-align: justify;\"><strong>Papa Francesco a Turi<\/strong><\/p>\n<p style=\"text-align: justify;\">Intanto, il 7 luglio prossimo papa Francesco far\u00e0 tappa a Bari, e su precisa domanda, Abbinante ha risposto: \u201cSicuramente papa Francesco far\u00e0 un salto a Turi per l\u2019anno giubilare oronziano\u201d. Si attende cos\u00ec un grande evento.<\/p>\n<p style=\"text-align: justify;\"><strong><br \/><\/strong><\/p>\n<p style=\"text-align: justify;\"><strong>I lavoratori stagionali cerasicoli<\/strong><\/p>\n<p style=\"text-align: justify;\">Un cambio di rotta si sta avendo nella gestione dei migranti e lavoratori stagionali cerasicoli marocchini. Questa volta Turi non si \u00e8 fatta cogliere impreparata. \u201cStiamo perfezionando il campo totalmente finanziato dalla Regione, dando finalmente dignit\u00e0 a questi lavoratori che portano maestranza locale. Questo \u2013 osserva Abbinante \u2013 dimostra che quando c\u2019\u00e8 la volont\u00e0 di fare cose buone, si fanno e basta. Bisogna garantire sempre alle persone la dignit\u00e0 a prescindere dal credo religioso, politico e quant\u2019altro\u201d.<\/p>\n","protected":false},"excerpt":{"rendered":"<p><img loading=\"lazy\" decoding=\"async\" src=\"https:\/\/farm1.staticflickr.com\/911\/28328569378_e83710599b_n.jpg\" alt=\"Vincenzo Abbinante\" width=\"320\" height=\"213\" \/><\/p>\n","protected":false},"author":1,"featured_media":0,"comment_status":"open","ping_status":"closed","sticky":false,"template":"","format":"standard","meta":{"colormag_page_container_layout":"default_layout","colormag_page_sidebar_layout":"default_layout","footnotes":""},"categories":[7],"tags":[],"class_list":["post-15561","post","type-post","status-publish","format-standard","hentry","category-attualita"],"_links":{"self":[{"href":"https:\/\/archivioturi.lavocedelpaese.info\/index.php\/wp-json\/wp\/v2\/posts\/15561","targetHints":{"allow":["GET"]}}],"collection":[{"href":"https:\/\/archivioturi.lavocedelpaese.info\/index.php\/wp-json\/wp\/v2\/posts"}],"about":[{"href":"https:\/\/archivioturi.lavocedelpaese.info\/index.php\/wp-json\/wp\/v2\/types\/post"}],"author":[{"embeddable":true,"href":"https:\/\/archivioturi.lavocedelpaese.info\/index.php\/wp-json\/wp\/v2\/users\/1"}],"replies":[{"embeddable":true,"href":"https:\/\/archivioturi.lavocedelpaese.info\/index.php\/wp-json\/wp\/v2\/comments?post=15561"}],"version-history":[{"count":0,"href":"https:\/\/archivioturi.lavocedelpaese.info\/index.php\/wp-json\/wp\/v2\/posts\/15561\/revisions"}],"wp:attachment":[{"href":"https:\/\/archivioturi.lavocedelpaese.info\/index.php\/wp-json\/wp\/v2\/media?parent=15561"}],"wp:term":[{"taxonomy":"category","embeddable":true,"href":"https:\/\/archivioturi.lavocedelpaese.info\/index.php\/wp-json\/wp\/v2\/categories?post=15561"},{"taxonomy":"post_tag","embeddable":true,"href":"https:\/\/archivioturi.lavocedelpaese.info\/index.php\/wp-json\/wp\/v2\/tags?post=15561"}],"curies":[{"name":"wp","href":"https:\/\/api.w.org\/{rel}","templated":true}]}}