{"id":15543,"date":"2018-05-17T13:30:51","date_gmt":"2018-05-17T13:30:51","guid":{"rendered":"https:\/\/archivioturi.lavocedelpaese.info\/index.php\/2018\/05\/17\/bilancio-positivo-per-la-buona-amministrazione\/"},"modified":"2018-05-17T13:30:51","modified_gmt":"2018-05-17T13:30:51","slug":"bilancio-positivo-per-la-buona-amministrazione","status":"publish","type":"post","link":"https:\/\/archivioturi.lavocedelpaese.info\/index.php\/2018\/05\/17\/bilancio-positivo-per-la-buona-amministrazione\/","title":{"rendered":"Bilancio positivo per \u201cLa buona amministrazione\u201d"},"content":{"rendered":"<p><img loading=\"lazy\" decoding=\"async\" src=\"https:\/\/farm1.staticflickr.com\/825\/41327894694_0a6c0b5530_n.jpg\" alt=\"Mimmo Leogrande\" width=\"308\" height=\"320\" \/><\/p>\n<p style=\"text-align: center;\"><strong>Sulle orme di Aldo Moro, si conclude il primo meeting organizzato per conoscere i retroscena della macchina amministrativa<\/strong><\/p>\n<p style=\"text-align: justify;\">&nbsp;<\/p>\n<p style=\"text-align: justify;\">Circa un mese di incontri, dibattiti, confronti e percorsi di conoscenza con il Centro Studi Aldo Moro di Turi per svelare e comprendere meglio da tutti come amministrare un Comune. Uffici, funzioni, meccanismi burocratici, tempistiche e norme alla base di quello che per tanti si risolve in poche battute, spesso criticate, ma che nascondono un iceberg che in pochi conoscono. Una buona amministrazione \u00e8 quello che tutti sperano, e un buon amministratore quello che ogni cittadino si augura di avere. Ma come possiamo individuare un buon amministratore? Come si costruisce una buona amministrazione? Se ne \u00e8 discusso in un meeting appena concluso e noi tiriamo le somme col suo ideatore e presidente del Centro Studi Aldo Moro, il professore Mimmo Leogrande.<\/p>\n<p style=\"text-align: justify;\">&nbsp;<\/p>\n<p style=\"text-align: justify;\"><strong>Quello che si \u00e8 appena concluso \u00e8, come ha detto, solo l&#8217;inizio di un percorso. Di cosa c&#8217;\u00e8 bisogno per &#8220;una buona amministrazione&#8221;?<\/strong><\/p>\n<p style=\"text-align: justify;\">\u201cIo direi un buon inizio. Sono particolarmente soddisfatto della riuscita di questa iniziativa. L\u2019attenzione e l\u2019interesse che hanno mostrato i partecipanti in tutti gli incontri hanno confermato che c\u2019\u00e8 da parte di molti la voglia di ascoltare e capire meglio i meccanismi di come si amministra un ente pubblico, in particolare il comune. Una buona amministrazione deve partire proprio da questo: ascoltare chi sa, confrontarsi con chi conosce e avere la capacit\u00e0 di fare sintesi per attuare i buoni propositi. Noi del Centro Studi abbiamo ritenuto di avviare un percorso nuovo con l\u2019obiettivo di mettere a disposizione di tutti le competenze di esperti di materie specifiche. Un percorso difficile se pensiamo che oggi la conversazione e il dibattito sono diventati molto rari, soprattutto perch\u00e8 molti ritengono di sapere tutto soltanto perch\u00e9 hanno a portata di mano Internet e Wikipedia e non hanno bisogno di coloro che hanno acquisito competenze attraverso lo studio, l\u2019applicazione e l\u2019esperienza. Noi ci crediamo\u201d.<\/p>\n<p style=\"text-align: justify;\">&nbsp;<\/p>\n<p style=\"text-align: justify;\"><strong>Giovani e meno giovani. Semplici curiosi ed esperti delle vicende amministrative. Quali i feedback che ha avuto da questi quattro appuntamenti?<\/strong><\/p>\n<p style=\"text-align: justify;\">\u201cFeedback molto positivi. Da un lato, la partecipazione di molti giovani \u00e8 stata la prova che c\u2019\u00e8 interesse a voler capire da parte di coloro che potrebbero essere i nostri futuri amministratori. Un fatto estremamente positivo. Dall\u2019altro i meno giovani, come me, anch\u2019essi desiderosi di approfondire le proprie conoscenze su questi temi. Tra gli aspetti positivi devo evidenziare anche la presenza di qualche amministratore di vecchia data, segno di umilt\u00e0 e di consapevolezza che c\u2019\u00e8 sempre da imparare. Ecco, se devo proprio trovare un feedback negativo direi l\u2019assenza di coloro che hanno avuto esperienze amministrative che avrebbero potuto dare un contributo ai dibattiti che si sono tenuti dopo gli interventi degli esperti. Non fa nulla, abbiamo fatto lo stesso. Per precisare, gli incontri sono diventati cinque in quanto i temi affrontati da un relatore, il segretario generale del Comune di Turi, hanno portato via tutto il tempo programmato per due interventi. Quindi si \u00e8 ritenuto di organizzare un altro\u201d.<\/p>\n<p style=\"text-align: justify;\">&nbsp;<\/p>\n<p style=\"text-align: justify;\"><strong>Per Mimmo Leogrande&#8230; Un buon amministratore \u00e8 un buon politico? E viceversa?<\/strong><\/p>\n<p style=\"text-align: justify;\">\u201cDomanda difficile. Una risposta banale potrebbe essere: un buon amministratore deve essere un buon politico e viceversa. Devo dire che \u00e8 molto difficile oggi amministrare un Comune. Da un lato, la scarsit\u00e0 delle risorse a disposizione impongono delle scelte negli interventi e il buon amministratore deve fare quelle che sono pi\u00f9 vantaggiose per la collettivit\u00e0 che amministra, senza sprechi e senza vessazioni per i cittadini. Dall\u2019altro, il buon politico deve avere la capacit\u00e0 di creare una squadra coesa e responsabile che deve portare avanti un programma attuabile e utile alla crescita del territorio. Un buon politico deve stare tra la gente per capire le necessit\u00e0 e i bisogni per poi trasformarli in azioni di intervento. Un buon politico deve collaborare con tutte le associazioni presenti sul territorio per contribuire a realizzare interventi che possano rendere attrattivo il nostro paese. Un buon politico \u00e8 colui che riesce a creare relazioni importanti con enti superiori, quali citt\u00e0 metropolitana e regione, per intercettare progetti utili al proprio territorio. Un buon politico \u00e8 colui che \u00e8 alla continua ricerca di opportunit\u00e0 per tutti i cittadini del proprio comune. Un buon politico \u00e8 colui che, come ha evidenziato la dott.ssa Tampoia nel suo intervento e sottolineato dagli altri relatori, \u00e8 capace di creare sinergia tra la parte politica e la parte tecnica di un comune. Ognuno ha le proprie competenze e il proprio raggio d\u2019azione, il buon politico diventa a questo punto un buon amministratore quando riesce a conciliare le due cose: attuare il proprio programma con il sostegno dei tecnici che conoscono le regole e i tempi necessari per attuarli\u201d.<\/p>\n<p style=\"text-align: justify;\">&nbsp;<\/p>\n<p style=\"text-align: justify;\"><strong>Il meeting \u00e8 stato il primo passo del sua presidenza al Centro Studi Aldo Moro. Cosa vede nel prossimo futuro?<\/strong><\/p>\n<p style=\"text-align: justify;\">\u201cHo gi\u00e0 avuto modo di dire che il nostro intento \u00e8 quello di creare continuamente occasioni per ricordare la figura dell\u2019On. Moro e non soltanto in particolari momenti. In questi giorni ricorre il quarantennale della sua uccisione, molti lo hanno ricordato; aspetteremo la prossima ricorrenza per sentire daccapo il suo nome. Noi, invece, vogliamo farlo fuori dagli schemi organizzando iniziative che, partendo dal pensiero di Moro, siano occasione di riflessioni utili e attuali. Nel prossimo autunno, abbiamo intenzione di organizzare altri incontri sempre nell\u2019ambito della buona amministrazione, invitando esperti sui temi di responsabilit\u00e0 civile, penale e contabile degli amministratori locali. E su altri temi che ci verranno in mente o che qualcuno vorr\u00e0 suggerirci. Certamente organizzeremo incontri di carattere pi\u00f9 politico, ma anche considerando altri aspetti della figura di Aldo Moro.<\/p>\n<p style=\"text-align: justify;\">Come ho detto in precedenza, bisogna creare occasioni di confronto e dibattito su molti temi. Vorrei approfittare di questa occasione per ringraziare tutti coloro coloro che hanno reso possibile l\u2019iniziativa conclusa, dai relatori che con entusiasmo hanno creato interesse e curiosit\u00e0, ai partecipanti che hanno capito lo spirito costruttivo dell\u2019iniziativa e l\u2019hanno resa viva, agli amici del direttivo del Centro Studi Aldo Moro che hanno contribuito attivamente alla realizzazione e grazie a voi della stampa che avete trasmesso l\u2019iniziativa in tutti i passaggi\u201d.<\/p>\n","protected":false},"excerpt":{"rendered":"<p><img loading=\"lazy\" decoding=\"async\" src=\"https:\/\/farm1.staticflickr.com\/825\/41327894694_0a6c0b5530_n.jpg\" alt=\"Mimmo Leogrande\" width=\"308\" height=\"320\" \/><\/p>\n","protected":false},"author":1,"featured_media":0,"comment_status":"open","ping_status":"closed","sticky":false,"template":"","format":"standard","meta":{"colormag_page_container_layout":"default_layout","colormag_page_sidebar_layout":"default_layout","footnotes":""},"categories":[4],"tags":[],"class_list":["post-15543","post","type-post","status-publish","format-standard","hentry","category-politica"],"_links":{"self":[{"href":"https:\/\/archivioturi.lavocedelpaese.info\/index.php\/wp-json\/wp\/v2\/posts\/15543","targetHints":{"allow":["GET"]}}],"collection":[{"href":"https:\/\/archivioturi.lavocedelpaese.info\/index.php\/wp-json\/wp\/v2\/posts"}],"about":[{"href":"https:\/\/archivioturi.lavocedelpaese.info\/index.php\/wp-json\/wp\/v2\/types\/post"}],"author":[{"embeddable":true,"href":"https:\/\/archivioturi.lavocedelpaese.info\/index.php\/wp-json\/wp\/v2\/users\/1"}],"replies":[{"embeddable":true,"href":"https:\/\/archivioturi.lavocedelpaese.info\/index.php\/wp-json\/wp\/v2\/comments?post=15543"}],"version-history":[{"count":0,"href":"https:\/\/archivioturi.lavocedelpaese.info\/index.php\/wp-json\/wp\/v2\/posts\/15543\/revisions"}],"wp:attachment":[{"href":"https:\/\/archivioturi.lavocedelpaese.info\/index.php\/wp-json\/wp\/v2\/media?parent=15543"}],"wp:term":[{"taxonomy":"category","embeddable":true,"href":"https:\/\/archivioturi.lavocedelpaese.info\/index.php\/wp-json\/wp\/v2\/categories?post=15543"},{"taxonomy":"post_tag","embeddable":true,"href":"https:\/\/archivioturi.lavocedelpaese.info\/index.php\/wp-json\/wp\/v2\/tags?post=15543"}],"curies":[{"name":"wp","href":"https:\/\/api.w.org\/{rel}","templated":true}]}}