{"id":15541,"date":"2018-05-17T06:04:46","date_gmt":"2018-05-17T06:04:46","guid":{"rendered":"https:\/\/archivioturi.lavocedelpaese.info\/index.php\/2018\/05\/17\/sportello-cup-qchiuso-per-malattiaq\/"},"modified":"2018-05-17T06:04:46","modified_gmt":"2018-05-17T06:04:46","slug":"sportello-cup-qchiuso-per-malattiaq","status":"publish","type":"post","link":"https:\/\/archivioturi.lavocedelpaese.info\/index.php\/2018\/05\/17\/sportello-cup-qchiuso-per-malattiaq\/","title":{"rendered":"Sportello CUP &#8220;chiuso per malattia&#8221;"},"content":{"rendered":"<p><img loading=\"lazy\" decoding=\"async\" src=\"https:\/\/farm1.staticflickr.com\/966\/27177816037_8778e73c40_n.jpg\" alt=\"CUP\" width=\"240\" height=\"320\" \/><\/p>\n<p style=\"text-align: justify;\">In molti lettori ci hanno segnalato un disservizio che ha riguardato l&#8217;ASL di Turi. Da venerd\u00ec 3 fino a marted\u00ec 8 maggio, lo sportello CUP\/Ticket \u00e8 rimasto chiuso, bloccando tutte le prenotazioni di esami e prestazioni mediche dei pazienti turesi.<\/p>\n<p style=\"text-align: justify;\">Ci\u00f2 che ha spiazzato i pi\u00f9 \u00e8 che si \u00e8 trattata di una chiusura avvenuta senza nessuna opportuna comunicazione: chi si \u00e8 recato venerd\u00ec allo sportello si \u00e8 trovato di fronte ad una asettica comunicazione che annunciava la chiusura, comunicando che il servizio sarebbe ripreso dal 9 all&#8217;11 maggio.<\/p>\n<p style=\"text-align: justify;\">Dalle informazioni raccolte, pare che la serrata dell&#8217;ufficio, con i relativi disagi, sia stata dovuta alla mancata sostituzione dell&#8217;impiegato addetto, in permesso per malattia.<\/p>\n","protected":false},"excerpt":{"rendered":"<p><img loading=\"lazy\" decoding=\"async\" src=\"https:\/\/farm1.staticflickr.com\/966\/27177816037_8778e73c40_n.jpg\" alt=\"CUP\" width=\"240\" height=\"320\" \/><\/p>\n","protected":false},"author":1,"featured_media":0,"comment_status":"open","ping_status":"closed","sticky":false,"template":"","format":"standard","meta":{"colormag_page_container_layout":"default_layout","colormag_page_sidebar_layout":"default_layout","footnotes":""},"categories":[7],"tags":[],"class_list":["post-15541","post","type-post","status-publish","format-standard","hentry","category-attualita"],"_links":{"self":[{"href":"https:\/\/archivioturi.lavocedelpaese.info\/index.php\/wp-json\/wp\/v2\/posts\/15541","targetHints":{"allow":["GET"]}}],"collection":[{"href":"https:\/\/archivioturi.lavocedelpaese.info\/index.php\/wp-json\/wp\/v2\/posts"}],"about":[{"href":"https:\/\/archivioturi.lavocedelpaese.info\/index.php\/wp-json\/wp\/v2\/types\/post"}],"author":[{"embeddable":true,"href":"https:\/\/archivioturi.lavocedelpaese.info\/index.php\/wp-json\/wp\/v2\/users\/1"}],"replies":[{"embeddable":true,"href":"https:\/\/archivioturi.lavocedelpaese.info\/index.php\/wp-json\/wp\/v2\/comments?post=15541"}],"version-history":[{"count":0,"href":"https:\/\/archivioturi.lavocedelpaese.info\/index.php\/wp-json\/wp\/v2\/posts\/15541\/revisions"}],"wp:attachment":[{"href":"https:\/\/archivioturi.lavocedelpaese.info\/index.php\/wp-json\/wp\/v2\/media?parent=15541"}],"wp:term":[{"taxonomy":"category","embeddable":true,"href":"https:\/\/archivioturi.lavocedelpaese.info\/index.php\/wp-json\/wp\/v2\/categories?post=15541"},{"taxonomy":"post_tag","embeddable":true,"href":"https:\/\/archivioturi.lavocedelpaese.info\/index.php\/wp-json\/wp\/v2\/tags?post=15541"}],"curies":[{"name":"wp","href":"https:\/\/api.w.org\/{rel}","templated":true}]}}